{"id":9584,"date":"2011-07-29T18:25:12","date_gmt":"2011-07-29T17:25:12","guid":{"rendered":"http:\/\/francescophoto.wordpress.com\/?p=9584"},"modified":"2011-07-29T18:25:12","modified_gmt":"2011-07-29T17:25:12","slug":"prossime-novita-2","status":"publish","type":"post","link":"https:\/\/francescophoto.it\/blog\/2011\/07\/29\/prossime-novita-2\/","title":{"rendered":"Prossime novit\u00e0"},"content":{"rendered":"<p>I produttori di fotocamere sono soliti presentare le novit\u00e0 all&#8217;inizio dell&#8217;anno, a ridosso della grande fiera americana del CES (e fino all&#8217;anno scorso anche del PMA), oppure prima dell&#8217;autunno, alla fine di agosto o a settembre, negli anni pari prima della Photokina, per essere pronti per le vendite di Natale.<br \/>\nQuest&#8217;anno non c&#8217;\u00e8 la Photokina e nemmeno il CiiQ, la mostra che avrebbe dovuto sostituire il PMA a settembre. Le industrie comunque hanno in programma la presentazione di numerose novit\u00e0, molte attese da tempo, fra la seconda met\u00e0 di agosto e settembre.<\/p>\n<p>Vediamo per ordine quali sono le pi\u00f9 interessanti.<!--more--><\/p>\n<p><strong>Canon<\/strong>:<\/p>\n<p>Da parte di Canon le novit\u00e0 pi\u00f9 attese sono la sostituta della 5D II, sul mercato dal 2008, e della 1Ds III presente addirittura dal 2007.<\/p>\n<p>Per la <strong>1Ds<\/strong> la sostituzione \u00e8 imminente, con la presentazione della 1Ds IV che dovrebbe avvenire in settembre e della quale sono gi\u00e0 trapelate alcune informazioni sulle caratteristiche. Il nuovo modello dovrebbe essere l&#8217;unificazione fra le due linee 1D con sensore APS-H con fattore moltiplicativo 1,3x e 1Ds fullframe, con l&#8217;abbandono del sensore APS-H. La sigla dovrebbe essere <strong>1D V<\/strong>, ma si tratter\u00e0 di una fullframe e non di una APS-H. Fra le informazioni sicure ci sono le dimensioni ed il peso, analoghi a quali della attuale 1Ds III. Il sensore dovrebbe avere 32 Mpx e un doppio processore Digic V.<\/p>\n<p>La <strong>5D III<\/strong> che dovrebbe sostituire la <strong>5D II<\/strong> invece non \u00e8 prevista prima del febbraio 2012. Dovrebbe avere 32 Mpx, come la 1D V, ma un solo processore Digic V, quindi una velocit\u00e0 di raffica inferiore. Avr\u00e0 pi\u00f9 punti AF e le migliori prestazioni video della serie di reflex EOS.<\/p>\n<p><strong>Nikon<\/strong>:<\/p>\n<p>Annuncer\u00e0 il 24 agosto due nuovi modelli di reflex. Saranno la <strong>D4<\/strong> e <strong>D400<\/strong> rispettivamente in sostituzione della <strong>D3<\/strong> e <strong>D300<\/strong> presentate entrambe 4 anni fa nel 2007 ed entrambe parzialmente &#8220;ristilizzate&#8221; nel 2009, secondo una cadenza temporale che Nikon rispetta solitamente.<\/p>\n<p>La <strong>D4<\/strong> sar\u00e0 una fullframe con un sensore da 32 Mpx, probabilmente di produzione Sony, mentre la <strong>D400<\/strong> sar\u00e0 una APS con 24 Mpx, con un sensore sempre di provenienza Sony.<\/p>\n<p>La sostituta della <strong>D700<\/strong>, presumibilmente <strong>D800<\/strong>, arriver\u00e0 invece nel 2012. Infatti la <strong>D700<\/strong> \u00e8 stata presentata nel 2008.<\/p>\n<p>La Coolpix <strong>P7100<\/strong> sostituir\u00e0 la <strong>P7000<\/strong> aggiungendo lo schermo orientabile.<\/p>\n<p><strong>Sony<\/strong>:<\/p>\n<p>Presenter\u00e0 a breve due modelli molto interessanti.<\/p>\n<p><strong>NEX-7<\/strong>, una mirrorless con un sensore APS da 24 Mpx, sensibilit\u00e0 da 100 a 25.600 Iso, mirino elettronico incorporato con tecnologia organica ed elevata risoluzione (300 milioni di punti ?!), flash incorporato, corpo in metallo e video Full HD e un AF a rilevamento di contrasto molto veloce.<\/p>\n<p><strong>Alpha A77<\/strong>, fotocamera con tecnologia SLT a specchio semitrasparente. Avr\u00e0 un sensore APS da 24 Mpx, AF a rilevamento di fase con 11 punti a croce, mirino elettronico con tecnologia organica (300 milioni di punti ?!), corpo in magnesio, velocit\u00e0 di raffica di 11 fg\/s e video Full HD. Sar\u00e0 forita in kit con un nuovo obiettivo zoom 16-50\/2,8.<\/p>\n<p>Oltre a queste sicuramente ci saranno molte altre novit\u00e0 da parte degli altri produttori, specialmente nel settore delle compatte, ma per il momento non ci sono ancora indiscrezioni sicure.<\/p>\n","protected":false},"excerpt":{"rendered":"<p>I produttori di fotocamere sono soliti presentare le novit\u00e0 all&#8217;inizio dell&#8217;anno, a ridosso della grande fiera americana del CES (e fino all&#8217;anno scorso anche del PMA), oppure prima dell&#8217;autunno, alla fine di agosto o a settembre, negli anni pari prima della Photokina, per essere pronti per le vendite di Natale. Quest&#8217;anno non c&#8217;\u00e8 la Photokina &hellip; <a href=\"https:\/\/francescophoto.it\/blog\/2011\/07\/29\/prossime-novita-2\/\" class=\"more-link\">Continua la lettura di <span class=\"screen-reader-text\">Prossime novit\u00e0<\/span> <span class=\"meta-nav\">&rarr;<\/span><\/a><\/p>\n","protected":false},"author":1,"featured_media":0,"comment_status":"open","ping_status":"open","sticky":false,"template":"","format":"standard","meta":{"_jetpack_memberships_contains_paid_content":false,"footnotes":""},"categories":[23],"tags":[97,142,218,280,341,342,897,905,1171],"class_list":["post-9584","post","type-post","status-publish","format-standard","hentry","category-novita","tag-1d-v","tag-5d-iii","tag-a77","tag-canon","tag-d4","tag-d400","tag-nex-7","tag-nikon","tag-sony"],"jetpack_featured_media_url":"","jetpack_sharing_enabled":true,"_links":{"self":[{"href":"https:\/\/francescophoto.it\/blog\/wp-json\/wp\/v2\/posts\/9584","targetHints":{"allow":["GET"]}}],"collection":[{"href":"https:\/\/francescophoto.it\/blog\/wp-json\/wp\/v2\/posts"}],"about":[{"href":"https:\/\/francescophoto.it\/blog\/wp-json\/wp\/v2\/types\/post"}],"author":[{"embeddable":true,"href":"https:\/\/francescophoto.it\/blog\/wp-json\/wp\/v2\/users\/1"}],"replies":[{"embeddable":true,"href":"https:\/\/francescophoto.it\/blog\/wp-json\/wp\/v2\/comments?post=9584"}],"version-history":[{"count":0,"href":"https:\/\/francescophoto.it\/blog\/wp-json\/wp\/v2\/posts\/9584\/revisions"}],"wp:attachment":[{"href":"https:\/\/francescophoto.it\/blog\/wp-json\/wp\/v2\/media?parent=9584"}],"wp:term":[{"taxonomy":"category","embeddable":true,"href":"https:\/\/francescophoto.it\/blog\/wp-json\/wp\/v2\/categories?post=9584"},{"taxonomy":"post_tag","embeddable":true,"href":"https:\/\/francescophoto.it\/blog\/wp-json\/wp\/v2\/tags?post=9584"}],"curies":[{"name":"wp","href":"https:\/\/api.w.org\/{rel}","templated":true}]}}