{"id":9572,"date":"2011-07-06T23:05:17","date_gmt":"2011-07-06T22:05:17","guid":{"rendered":"http:\/\/francescophoto.wordpress.com\/?p=9572"},"modified":"2011-07-06T23:05:17","modified_gmt":"2011-07-06T22:05:17","slug":"nuovi-obiettivi-olympus-micro-43","status":"publish","type":"post","link":"https:\/\/francescophoto.it\/blog\/2011\/07\/06\/nuovi-obiettivi-olympus-micro-43\/","title":{"rendered":"Nuovi obiettivi Olympus Micro 4\/3"},"content":{"rendered":"<p><a href=\"http:\/\/blog.francescophoto.it\/wp-content\/uploads\/2011\/07\/ew-1220_ringdown-399x400.jpg\"><img loading=\"lazy\" decoding=\"async\" class=\"alignright size-thumbnail wp-image-9573\" title=\"EW-1220_ringdown-399x400\" src=\"http:\/\/blog.francescophoto.it\/wp-content\/uploads\/2011\/07\/ew-1220_ringdown-399x400.jpg?w=95\" alt=\"\" width=\"95\" height=\"96\" \/><\/a>Oltre alle tre fotocamere presentate Olympus ha annunciato due nuovi obiettivi Micro 4\/3 a focale fissa ed un nuovo flash. Il 12 mm f\/2,0, equivalente ad un 24 mm, \u00e8 un grandangolo ad alta luminosit\u00e0 con corpo totalmente in metallo e la possibilit\u00e0 di passare facilmente alla messa a fuoco manuale con una ghiera che indica anche la profondit\u00e0 di campo. Pi\u00f9 tardi arriver\u00e0 anche un 45 mm f\/1,8 equivalente ad un 90 mm. E&#8217; un obiettivo da ritratto ad alta luminosit\u00e0 e Olympus \u00e8 l&#8217;unica ad offrire questa focale fissa con innesto Micro 4\/3.<!--more--><\/p>\n<p>Il nuovo 12 mm f\/2,0 \u00e8 molto interessante per la sua luminosit\u00e0 e per il fatto che \u00e8 dotato di una tradizionale ghiera di messa a fuoco con indicate le distanze e la profondit\u00e0 di campo, cosa estremamente rara e quasi scomparsa negli obiettivi odierni. Questo consentir\u00e0 una pi\u00f9 fcile messa a fuoco manuale per chi preferisce questo sistema in unione in particolare all&#8217;ottimo mirino elettronico V-F2 con ingrandimento fino a 14x. Questo pu\u00f2 essere sicuramente utile per le riprese video. Resta comunque la possibilit\u00e0 di usare l&#8217;autofocus.<\/p>\n<p>Il 45 mm f\/1,8 \u00e8 interessante come obiettivo da ritratto perch\u00e8 con la sua grande apertura consentir\u00e0 di sfocare meglio lo sfondo, staccandolo dal ritratto in primo piano. Infatti nel formato 4\/3 la profondit\u00e0 di campo \u00e8 superiore a quella del formato APS e del fullframe e senza una grande apertura si rischia che lo sfondo sia troppo visibile e rovini l&#8217;atmosfera della foto.<\/p>\n<p>Il nuovo flash FL300R pu\u00f2 essere usato in unione alle nuove fotocamere sia insieme a quello in dotazione sia separatamente ed \u00e8 orientabile per usarlo come flash riflesso.<br \/>\nI prezzi previsti in USA sono:<\/p>\n<p>12\/2,0 799 $ con disponibilit\u00e0 immediata<br \/>\n45\/1,8 399 $ con disponibilit\u00e0 settembre<br \/>\nFL300R 169 $ con disponibilit\u00e0 immediata<\/p>\n<figure id=\"attachment_9573\" aria-describedby=\"caption-attachment-9573\" style=\"width: 399px\" class=\"wp-caption alignnone\"><a href=\"http:\/\/blog.francescophoto.it\/wp-content\/uploads\/2011\/07\/ew-1220_ringdown-399x400.jpg\"><img loading=\"lazy\" decoding=\"async\" class=\"size-full wp-image-9573\" title=\"EW-1220_ringdown-399x400\" src=\"http:\/\/blog.francescophoto.it\/wp-content\/uploads\/2011\/07\/ew-1220_ringdown-399x400.jpg\" alt=\"\" width=\"399\" height=\"400\" \/><\/a><figcaption id=\"caption-attachment-9573\" class=\"wp-caption-text\">12 mm f\/2,0<\/figcaption><\/figure>\n<figure id=\"attachment_9574\" aria-describedby=\"caption-attachment-9574\" style=\"width: 408px\" class=\"wp-caption alignnone\"><a href=\"http:\/\/blog.francescophoto.it\/wp-content\/uploads\/2011\/07\/et-m4518-408x400.jpg\"><img loading=\"lazy\" decoding=\"async\" class=\"size-full wp-image-9574\" title=\"ET-M4518-408x400\" src=\"http:\/\/blog.francescophoto.it\/wp-content\/uploads\/2011\/07\/et-m4518-408x400.jpg\" alt=\"\" width=\"408\" height=\"400\" \/><\/a><figcaption id=\"caption-attachment-9574\" class=\"wp-caption-text\">45 mm f\/1,8<\/figcaption><\/figure>\n<figure id=\"attachment_9575\" aria-describedby=\"caption-attachment-9575\" style=\"width: 341px\" class=\"wp-caption alignnone\"><a href=\"http:\/\/blog.francescophoto.it\/wp-content\/uploads\/2011\/07\/fl-300r_front_right_xl-341x400.jpg\"><img loading=\"lazy\" decoding=\"async\" class=\"size-full wp-image-9575\" title=\"FL-300R_front_right_XL-341x400\" src=\"http:\/\/blog.francescophoto.it\/wp-content\/uploads\/2011\/07\/fl-300r_front_right_xl-341x400.jpg\" alt=\"\" width=\"341\" height=\"400\" \/><\/a><figcaption id=\"caption-attachment-9575\" class=\"wp-caption-text\">FL300R<\/figcaption><\/figure>\n","protected":false},"excerpt":{"rendered":"<p>Oltre alle tre fotocamere presentate Olympus ha annunciato due nuovi obiettivi Micro 4\/3 a focale fissa ed un nuovo flash. Il 12 mm f\/2,0, equivalente ad un 24 mm, \u00e8 un grandangolo ad alta luminosit\u00e0 con corpo totalmente in metallo e la possibilit\u00e0 di passare facilmente alla messa a fuoco manuale con una ghiera che &hellip; <a href=\"https:\/\/francescophoto.it\/blog\/2011\/07\/06\/nuovi-obiettivi-olympus-micro-43\/\" class=\"more-link\">Continua la lettura di <span class=\"screen-reader-text\">Nuovi obiettivi Olympus Micro 4\/3<\/span> <span class=\"meta-nav\">&rarr;<\/span><\/a><\/p>\n","protected":false},"author":1,"featured_media":0,"comment_status":"open","ping_status":"open","sticky":false,"template":"","format":"standard","meta":{"_jetpack_memberships_contains_paid_content":false,"footnotes":""},"categories":[44,4,23],"tags":[936,943],"class_list":["post-9572","post","type-post","status-publish","format-standard","hentry","category-44","category-accessori","category-novita","tag-obiettivi","tag-olympus"],"jetpack_featured_media_url":"","jetpack_sharing_enabled":true,"_links":{"self":[{"href":"https:\/\/francescophoto.it\/blog\/wp-json\/wp\/v2\/posts\/9572","targetHints":{"allow":["GET"]}}],"collection":[{"href":"https:\/\/francescophoto.it\/blog\/wp-json\/wp\/v2\/posts"}],"about":[{"href":"https:\/\/francescophoto.it\/blog\/wp-json\/wp\/v2\/types\/post"}],"author":[{"embeddable":true,"href":"https:\/\/francescophoto.it\/blog\/wp-json\/wp\/v2\/users\/1"}],"replies":[{"embeddable":true,"href":"https:\/\/francescophoto.it\/blog\/wp-json\/wp\/v2\/comments?post=9572"}],"version-history":[{"count":0,"href":"https:\/\/francescophoto.it\/blog\/wp-json\/wp\/v2\/posts\/9572\/revisions"}],"wp:attachment":[{"href":"https:\/\/francescophoto.it\/blog\/wp-json\/wp\/v2\/media?parent=9572"}],"wp:term":[{"taxonomy":"category","embeddable":true,"href":"https:\/\/francescophoto.it\/blog\/wp-json\/wp\/v2\/categories?post=9572"},{"taxonomy":"post_tag","embeddable":true,"href":"https:\/\/francescophoto.it\/blog\/wp-json\/wp\/v2\/tags?post=9572"}],"curies":[{"name":"wp","href":"https:\/\/api.w.org\/{rel}","templated":true}]}}