{"id":9547,"date":"2011-07-06T19:25:02","date_gmt":"2011-07-06T18:25:02","guid":{"rendered":"http:\/\/francescophoto.wordpress.com\/?p=9547"},"modified":"2011-07-06T19:25:02","modified_gmt":"2011-07-06T18:25:02","slug":"olympus-e-p3","status":"publish","type":"post","link":"https:\/\/francescophoto.it\/blog\/2011\/07\/06\/olympus-e-p3\/","title":{"rendered":"Olympus E-P3"},"content":{"rendered":"<p><a href=\"http:\/\/blog.francescophoto.it\/wp-content\/uploads\/2011\/07\/p3_front_bk_01lens.jpg\"><img loading=\"lazy\" decoding=\"async\" class=\"alignright size-thumbnail wp-image-9549\" title=\"P3_front_bk_01+lens\" src=\"http:\/\/blog.francescophoto.it\/wp-content\/uploads\/2011\/07\/p3_front_bk_01lens.jpg?w=128\" alt=\"\" width=\"128\" height=\"71\" \/><\/a>Olympus ha presentato la scorsa settimana la terza generazione delle fotocamere della serie Pen, la E-P3. La nuova Pen ha lo stesso aspetto delle precedenti e sempre un sensore da 12 Mpx, ma per il resto \u00e8 tutta nuova. Ha un autofocus che Olympus dichiara essere il pi\u00f9 veloce AF, uno schermo OLED da 614.000 pixel sensibile al tocco e un flash incorporato. Pu\u00f2 inoltre riprendere video Full HD a 1920&#215;1080 pixel. Insieme alla E-P3 sono state presentate altre due fotocamere e due obiettivi.<!--more--><\/p>\n<p>Le principali caratteristiche della Olympus E-P3 sono:<br \/>\n&#8211; sensore Live MOS da 12,3 Mpx che utilizza la Fine Detail Processing Technology per massimizzare i dettagli<br \/>\n&#8211; nuovo elaboratore d&#8217;immagine TruePic VI<br \/>\n&#8211; innesto obiettivi Micro 4\/3 con fattore moltiplicativo 2x<br \/>\n&#8211; corpo in metallo disponibile in nero, argento e bianco<br \/>\n&#8211; disponibilit\u00e0 di due impugnature di dieverse dimensioni e possibilit\u00e0 di eliminarla completamente<br \/>\n&#8211; stabilizzazione integrata sul sensore<br \/>\n&#8211; nuovo sistema autofocus che utilizza la tecnologia FAST AF Tracking System. Olympus dichiara che \u00e8 il pi\u00f9 veloce al mondo superando le altre evil e anche le reflex pi\u00f9 costose<br \/>\n&#8211; illuminatore AF incorporato<br \/>\n&#8211; schermo da 3&#8243; a tecnologia OLED e sensibile al tocco con 614.000 pixel. Con il tocco pu\u00f2 comandare autofocus, scatto, zoom e scorrimento durante la revisione delle foto<br \/>\n&#8211; possibilit\u00e0 di montare il mirino elettronico opzionale V-F2 con una risoluzione di 1.440.000 pixel<br \/>\n&#8211; live view (ovviamente) con istogramma, livella elettronica, rilevamento dei volti e messa a fuoco manuale assistita<br \/>\n&#8211; flash incorporato con possibilit\u00e0 di controllo di altri flash senza fili e slitta a contatto caldo per flash esterni<br \/>\n&#8211; modalit\u00e0 di funzionamento Automatica programmata, i-Auto, Priorit\u00e0 di diaframma, Priorit\u00e0 di tempi, Manuale, Programmi di ripresa, Filtro Art<br \/>\n&#8211; bracketing dell&#8217;esposizione di 2\/3\/5 fotogrammi (a passi +\/-1\/3, 2\/3, 1 EV) o 7 fotogrammi (a passi +\/-1\/3, 1\/2, 2\/3 EV)<br \/>\n&#8211; bracketing ISO di 5 fotogrammi (a passi di 1\/3, 1\/2, 1 EV)<br \/>\n&#8211; sensibilit\u00e0 Iso da 200 a 12.800<br \/>\n&#8211; modalit\u00e0 iAuto che sceglie la scena per il fotografo (nel caso non sappia distinguere un ritratto da un paesaggio ad esempio!) pi\u00f9 funzione Live Guide per ricercare spiegazioni ed aiuto<br \/>\n&#8211; dieci Art Filter che possono essere combinati, personalizzati e usati insieme al bracketing<br \/>\n&#8211; velocit\u00e0 di raffica di 3 fg\/s<br \/>\n&#8211; ripresa video Full HD 1080\/60i a 1920&#215;1080 pixel fino a 20 Mb\/s con l&#8217;uso del codec AVCHD o M-Jpeg per le risoluzioni inferiori, audio stereo e autofocus continuo<br \/>\n&#8211; accessori esterni quali adattatore per microfono, comando remoto senza fili e trasmettitore Bluetooth<br \/>\n&#8211; usa schede SD\/SDHC\/SDXC<br \/>\n&#8211; batteria agli ioni di litio BLS-1 o BLS-5 per 330 scatti per carica<br \/>\n&#8211; uscita HDMI<br \/>\n&#8211; dimensioni 122x69x34 mm sporgenze escluse<br \/>\n&#8211; peso 369 grammi con batteria e scheda<\/p>\n<p>Sar\u00e0 disponibile ad agosto con l&#8217;obiettivo zoom 14-42 mm o con il 17\/2,8 al prezzo in USA di 899 $.<\/p>\n<p>Insieme alla E-P3 Olympus ha presentato altre due fotocamere Micro 4\/3, due nuovi obiettivi ed un flash.<\/p>\n<p>La E-P3, terza generazione della serie Pen ha finalmente raggiunto un livello di maturit\u00e0 adeguato alle sue ambizioni ed a quelle di Olympus.<br \/>\nHa finalmente tutto quello che avrebbe dovuto avere fin dall&#8217;inizio: autofocus veloce (se le affermazioni di Olympus saranno confermate), schermo con elevata risoluzione e visibile anche di giorno con in pi\u00f9 la possibilit\u00e0 di montare l&#8217;eccellente mirino elettronico, flash incorporato, possibilit\u00e0 di smontare l&#8217;impugnatura per renderla pi\u00f9 piccola possibile, video Full HD.<br \/>\nConsiderando anche la gamma di obiettivi disponibili e la loro qualit\u00e0 si presenta finalmente come un&#8217;alternativa valida e credibile alle reflex base e anche a qualche modello pi\u00f9 evoluto per chi cerca una macchina piccola e leggera e non si preoccupa di usare un pirino elettronico peraltro eccellente (e secondo me indispensabile).<\/p>\n<p>&nbsp;<\/p>\n<p><a href=\"http:\/\/blog.francescophoto.it\/wp-content\/uploads\/2011\/07\/e-p3_6_l.jpg\"><img loading=\"lazy\" decoding=\"async\" class=\"alignnone size-large wp-image-9550\" title=\"E-P3_6_L\" src=\"http:\/\/blog.francescophoto.it\/wp-content\/uploads\/2011\/07\/e-p3_6_l.jpg?w=500\" alt=\"\" width=\"500\" height=\"268\" \/><\/a><\/p>\n<p><a href=\"http:\/\/blog.francescophoto.it\/wp-content\/uploads\/2011\/07\/e-p3_3_l.jpg\"><img loading=\"lazy\" decoding=\"async\" class=\"alignnone size-large wp-image-9551\" title=\"E-P3_3_L\" src=\"http:\/\/blog.francescophoto.it\/wp-content\/uploads\/2011\/07\/e-p3_3_l.jpg?w=500\" alt=\"\" width=\"500\" height=\"146\" \/><\/a><\/p>\n<p><a href=\"http:\/\/blog.francescophoto.it\/wp-content\/uploads\/2011\/07\/e-p3_2_l.jpg\"><img loading=\"lazy\" decoding=\"async\" class=\"alignnone size-large wp-image-9552\" title=\"E-P3_2_L\" src=\"http:\/\/blog.francescophoto.it\/wp-content\/uploads\/2011\/07\/e-p3_2_l.jpg?w=500\" alt=\"\" width=\"500\" height=\"270\" \/><\/a><\/p>\n<p><a href=\"http:\/\/blog.francescophoto.it\/wp-content\/uploads\/2011\/07\/e-p3_1_l.jpg\"><img loading=\"lazy\" decoding=\"async\" class=\"alignnone size-large wp-image-9553\" title=\"E-P3_1_L\" src=\"http:\/\/blog.francescophoto.it\/wp-content\/uploads\/2011\/07\/e-p3_1_l.jpg?w=500\" alt=\"\" width=\"500\" height=\"268\" \/><\/a><\/p>\n<p><a href=\"http:\/\/blog.francescophoto.it\/wp-content\/uploads\/2011\/07\/e-p3_7_l.jpg\"><img loading=\"lazy\" decoding=\"async\" class=\"alignnone size-large wp-image-9554\" title=\"E-P3_7_L\" src=\"http:\/\/blog.francescophoto.it\/wp-content\/uploads\/2011\/07\/e-p3_7_l.jpg?w=500\" alt=\"\" width=\"500\" height=\"364\" \/><\/a><\/p>\n<p><a href=\"http:\/\/blog.francescophoto.it\/wp-content\/uploads\/2011\/07\/e-p3_5_l.jpg\"><img loading=\"lazy\" decoding=\"async\" class=\"alignnone size-large wp-image-9555\" title=\"E-P3_5_L\" src=\"http:\/\/blog.francescophoto.it\/wp-content\/uploads\/2011\/07\/e-p3_5_l.jpg?w=344\" alt=\"\" width=\"344\" height=\"400\" \/><\/a><\/p>\n","protected":false},"excerpt":{"rendered":"<p>Olympus ha presentato la scorsa settimana la terza generazione delle fotocamere della serie Pen, la E-P3. La nuova Pen ha lo stesso aspetto delle precedenti e sempre un sensore da 12 Mpx, ma per il resto \u00e8 tutta nuova. Ha un autofocus che Olympus dichiara essere il pi\u00f9 veloce AF, uno schermo OLED da 614.000 &hellip; <a href=\"https:\/\/francescophoto.it\/blog\/2011\/07\/06\/olympus-e-p3\/\" class=\"more-link\">Continua la lettura di <span class=\"screen-reader-text\">Olympus E-P3<\/span> <span class=\"meta-nav\">&rarr;<\/span><\/a><\/p>\n","protected":false},"author":1,"featured_media":0,"comment_status":"open","ping_status":"open","sticky":false,"template":"","format":"standard","meta":{"_jetpack_memberships_contains_paid_content":false,"footnotes":""},"categories":[44,12,15,21,23],"tags":[126,448,526,570,879,943],"class_list":["post-9547","post","type-post","status-publish","format-standard","hentry","category-44","category-evil","category-four-thirds","category-micro-4-3","category-novita","tag-4-3","tag-e-p3","tag-evil","tag-fourthirds","tag-microfourthirds","tag-olympus"],"jetpack_featured_media_url":"","jetpack_sharing_enabled":true,"_links":{"self":[{"href":"https:\/\/francescophoto.it\/blog\/wp-json\/wp\/v2\/posts\/9547","targetHints":{"allow":["GET"]}}],"collection":[{"href":"https:\/\/francescophoto.it\/blog\/wp-json\/wp\/v2\/posts"}],"about":[{"href":"https:\/\/francescophoto.it\/blog\/wp-json\/wp\/v2\/types\/post"}],"author":[{"embeddable":true,"href":"https:\/\/francescophoto.it\/blog\/wp-json\/wp\/v2\/users\/1"}],"replies":[{"embeddable":true,"href":"https:\/\/francescophoto.it\/blog\/wp-json\/wp\/v2\/comments?post=9547"}],"version-history":[{"count":0,"href":"https:\/\/francescophoto.it\/blog\/wp-json\/wp\/v2\/posts\/9547\/revisions"}],"wp:attachment":[{"href":"https:\/\/francescophoto.it\/blog\/wp-json\/wp\/v2\/media?parent=9547"}],"wp:term":[{"taxonomy":"category","embeddable":true,"href":"https:\/\/francescophoto.it\/blog\/wp-json\/wp\/v2\/categories?post=9547"},{"taxonomy":"post_tag","embeddable":true,"href":"https:\/\/francescophoto.it\/blog\/wp-json\/wp\/v2\/tags?post=9547"}],"curies":[{"name":"wp","href":"https:\/\/api.w.org\/{rel}","templated":true}]}}