{"id":9192,"date":"2011-05-15T15:37:25","date_gmt":"2011-05-15T14:37:25","guid":{"rendered":"http:\/\/francescophoto.wordpress.com\/?p=9192"},"modified":"2011-05-15T15:37:25","modified_gmt":"2011-05-15T14:37:25","slug":"pentax-day","status":"publish","type":"post","link":"https:\/\/francescophoto.it\/blog\/2011\/05\/15\/pentax-day\/","title":{"rendered":"Pentax day"},"content":{"rendered":"<p><a href=\"http:\/\/blog.francescophoto.it\/wp-content\/uploads\/2011\/05\/pentax-logo_cr.jpg\"><img loading=\"lazy\" decoding=\"async\" class=\"alignright size-thumbnail wp-image-9193\" title=\"pentax-logo_cr\" src=\"http:\/\/blog.francescophoto.it\/wp-content\/uploads\/2011\/05\/pentax-logo_cr.jpg?w=128\" alt=\"\" width=\"128\" height=\"26\" \/><\/a>Finalmente dopo tanto tempo e tante richieste lo scorso 13 maggio si \u00e8 svolto un Pentax day! La manifestazione \u00e8 stata organizzata a Roma dal noto negozio Ottica Universitaria, sempre pi\u00f9 attivo ad organizzare manifestazioni ed eventi per i fotoamatori ed i professionisti della cappitale. La giornata, che si \u00e8 tenuta presso i locali dell&#8217;hotel Globus adiacente al negozio, prevedeva la <a href=\"http:\/\/blog.francescophoto.it\/wp-content\/uploads\/2011\/05\/ottica-universitaria_cr.jpg\"><img loading=\"lazy\" decoding=\"async\" class=\"alignright size-thumbnail wp-image-9194\" title=\"Ottica Universitaria_cr\" src=\"http:\/\/blog.francescophoto.it\/wp-content\/uploads\/2011\/05\/ottica-universitaria_cr.jpg?w=128\" alt=\"\" width=\"128\" height=\"16\" \/><\/a>presentazione dell&#8217;attuale produzuine di reflex Pentax, K5 e Kr, oltre alla medio formato 645D.<!--more--><\/p>\n<p>Nel salone messo a disposizione era disponibile quindi la serie di reflex Pentax formato APS, cio\u00e8 la K5 e la Kr e la medio formato 645D con una serie di obiettivi con cui provarle. Per le foto era stato allestito un set di prova con una bravissima e simpatica modella che ha consentito di scattare ottime foto.<br \/>\nHo iniziato la prova con la nuova 645D, fotocamera medio formato con un sensore da 33&#215;44 mm e 40 Mpx, provandola con lo zoom 80-160 mm (equivalente ad un 62-125 in formato 35 mm) pi\u00f9 adatto a foto da ritratto dell&#8217;80 mm fisso.<br \/>\nPoi ho provato anche le reflex APS Kr e K5. Avrei voluto provarle con i nuovi zoom SDM di Pentax, obiettivi di classe elevata con motore AF ad ultrasuoni incorporato, ma purtroppo non erano disponibili in quanto in un&#8217;altra manifestazione. Non erano nemmeno disponibili purtroppo nemmeno i focale fissa della serie &#8220;Limited&#8221;, ottiche di alto pregio e luminosit\u00e0 e di minimo ingombro, in quanto, a causa delle conseguenze del terremoto in Giappone, al momento non sono disponibili. Ho potuto provarle quindi con altri due interessanti obiettivi della serie WR protetti contro infiltrazioni di polvere ed acqua, il 18-135 e il 50-200.<br \/>\nDi tutte queste prove riferir\u00f2 in prossimi articoli con le foto pi\u00f9 significative.<br \/>\nOltre alle fotocamere pentax era disponibile l&#8217;intera gamma degli obiettivi Zeiss per Canon e Nikon. Ho provato il Planar 85 f\/1,4 e presto pubblicher\u00f2 le foto.<br \/>\nC&#8217;erano poi alcuni moke-up di compatte (purtroppo non i modelli funzionanti) di cui particolarmente interessante la Optio WG-1, compatta impermeabile fino a 10 m, a prova d&#8217;urto, con 12 Mpx ed uno zoom 5x 28-140. Una compatta veramente interessante, molto sottile e tascabile ed adatta a tutti gli usi compresi quelli pi\u00f9 estremi in acqua, in barca e sulla neve. Peccato non avere potuto provarla.<br \/>\nOltre alle fotocamere era possibile provare anche la gamma dei flash Metz, uno dei pi\u00f9 noti ed esperti produttori di flash, disponibile per la maggior parte delle reflex.<br \/>\nC&#8217;era infine la possibilit\u00e0 di fare effettuare la pulizia del sensore delle reflex dei partecipanti ad opera di un competente tecnico della Dear Camera, punto di assistenza a Roma per fotocamere analogiche e digitali Nikon, Hasselblad, Contax e di accessori quali i flash Metz.<br \/>\nIn conclusione un&#8217;ottima manifestazione con una buona affluenza di pubblico, molto competente ed interessato, e con una ottima organizzazione di cui ringrazio Ottica Universitaria e il suo animatore Guido, figlio del fondatore.<br \/>\nFinalmente abbiamo avuto una manifestazione che supera il duopolio Canon\/Nikon ed apre l&#8217;orizzonte ad una scelta pi\u00f9 ampia di prodotti, supportati da una societ\u00e0 esperta di fotografia come la Fowa, importatrice e distributrice del marchio Pentax. E&#8217; la prima manifestazione organizzata a Roma e sono sicuro che nelle prossime alcuni problemi riscontrati, come la mancanza degli obiettivi pi\u00f9 interessanti, saranno superati.<\/p>\n","protected":false},"excerpt":{"rendered":"<p>Finalmente dopo tanto tempo e tante richieste lo scorso 13 maggio si \u00e8 svolto un Pentax day! La manifestazione \u00e8 stata organizzata a Roma dal noto negozio Ottica Universitaria, sempre pi\u00f9 attivo ad organizzare manifestazioni ed eventi per i fotoamatori ed i professionisti della cappitale. La giornata, che si \u00e8 tenuta presso i locali dell&#8217;hotel &hellip; <a href=\"https:\/\/francescophoto.it\/blog\/2011\/05\/15\/pentax-day\/\" class=\"more-link\">Continua la lettura di <span class=\"screen-reader-text\">Pentax day<\/span> <span class=\"meta-nav\">&rarr;<\/span><\/a><\/p>\n","protected":false},"author":1,"featured_media":0,"comment_status":"open","ping_status":"open","sticky":false,"template":"","format":"standard","meta":{"_jetpack_memberships_contains_paid_content":false,"footnotes":""},"categories":[11,17],"tags":[],"class_list":["post-9192","post","type-post","status-publish","format-standard","hentry","category-eventi","category-generale"],"jetpack_featured_media_url":"","jetpack_sharing_enabled":true,"_links":{"self":[{"href":"https:\/\/francescophoto.it\/blog\/wp-json\/wp\/v2\/posts\/9192","targetHints":{"allow":["GET"]}}],"collection":[{"href":"https:\/\/francescophoto.it\/blog\/wp-json\/wp\/v2\/posts"}],"about":[{"href":"https:\/\/francescophoto.it\/blog\/wp-json\/wp\/v2\/types\/post"}],"author":[{"embeddable":true,"href":"https:\/\/francescophoto.it\/blog\/wp-json\/wp\/v2\/users\/1"}],"replies":[{"embeddable":true,"href":"https:\/\/francescophoto.it\/blog\/wp-json\/wp\/v2\/comments?post=9192"}],"version-history":[{"count":0,"href":"https:\/\/francescophoto.it\/blog\/wp-json\/wp\/v2\/posts\/9192\/revisions"}],"wp:attachment":[{"href":"https:\/\/francescophoto.it\/blog\/wp-json\/wp\/v2\/media?parent=9192"}],"wp:term":[{"taxonomy":"category","embeddable":true,"href":"https:\/\/francescophoto.it\/blog\/wp-json\/wp\/v2\/categories?post=9192"},{"taxonomy":"post_tag","embeddable":true,"href":"https:\/\/francescophoto.it\/blog\/wp-json\/wp\/v2\/tags?post=9192"}],"curies":[{"name":"wp","href":"https:\/\/api.w.org\/{rel}","templated":true}]}}