{"id":8847,"date":"2011-03-08T23:31:05","date_gmt":"2011-03-08T22:31:05","guid":{"rendered":"http:\/\/francescophoto.wordpress.com\/?p=8847"},"modified":"2011-03-08T23:31:05","modified_gmt":"2011-03-08T22:31:05","slug":"photoshow-2011","status":"publish","type":"post","link":"https:\/\/francescophoto.it\/blog\/2011\/03\/08\/photoshow-2011\/","title":{"rendered":"Photoshow 2011"},"content":{"rendered":"<p><a href=\"http:\/\/blog.francescophoto.it\/wp-content\/uploads\/2011\/03\/logo.gif\"><img loading=\"lazy\" decoding=\"async\" class=\"alignright size-thumbnail wp-image-8852\" title=\"logo\" src=\"http:\/\/blog.francescophoto.it\/wp-content\/uploads\/2011\/03\/logo.gif?w=128\" alt=\"\" width=\"128\" height=\"77\" \/><\/a>Il Photoshow \u00e8 la pi\u00f9 grande e importante fiera di fotografia italiana.Si tiene alternativamente gli anni pari a Roma e quelli dispari a Milano. Quest&#8217;anno quindi tocca a Milano dove si svolger\u00e0 dal 25 al 28 marzo.E&#8217; una manifestazione che presenta in un unico contesto aree dedicate al trade, agli operatori del settore e al pubblico pi\u00f9 in generale. Forte di circa 300 espositori con tutte le aziende pi\u00f9 importanti a presentare prodotti servizi e novit\u00e0 nel campo della fotografia digitale e tradizionale.Registrandosi preventivamente \u00e8 possibile entrare al Photoshow pagando il biglietto ridotto di 1 \u20ac invece di 8.<!--more--><br \/>\nPer la registrazione \u00e8 necessari registrarsi, prima dell&#8217;inizion della fiera, sul sito del Photoshow all&#8217;indirizzo<\/p>\n<p><a href=\"http:\/\/www.expopage.net\/prereg\/photoshow\/form.jsp\">http:\/\/www.expopage.net\/prereg\/photoshow\/form.jsp<\/a><\/p>\n<p>Si ricever\u00e0 un&#8217;e-mail di conferma con il form in PDF da stampare e presentare all&#8217;ingresso per ottenere la riduzione.<\/p>\n<p>La sede \u00e8:<\/p>\n<p>Fiera Milano City<br \/>\nPiazzale Carlo Magno<br \/>\nMILANO<br \/>\nIngresso Porta Colleoni<\/p>\n<p>Io sar\u00f2 al Photoshow il venerd\u00ec 25, giorno dell&#8217;innaugurazione.Organizzandoci in tempo potremmo incontrarci l\u00ec con chi \u00e8 interessato a visitare la mostra e per uno scambio di opinioni.<\/p>\n","protected":false},"excerpt":{"rendered":"<p>Il Photoshow \u00e8 la pi\u00f9 grande e importante fiera di fotografia italiana.Si tiene alternativamente gli anni pari a Roma e quelli dispari a Milano. Quest&#8217;anno quindi tocca a Milano dove si svolger\u00e0 dal 25 al 28 marzo.E&#8217; una manifestazione che presenta in un unico contesto aree dedicate al trade, agli operatori del settore e al &hellip; <a href=\"https:\/\/francescophoto.it\/blog\/2011\/03\/08\/photoshow-2011\/\" class=\"more-link\">Continua la lettura di <span class=\"screen-reader-text\">Photoshow 2011<\/span> <span class=\"meta-nav\">&rarr;<\/span><\/a><\/p>\n","protected":false},"author":1,"featured_media":0,"comment_status":"open","ping_status":"open","sticky":false,"template":"","format":"standard","meta":{"_jetpack_memberships_contains_paid_content":false,"footnotes":""},"categories":[11,17],"tags":[1009],"class_list":["post-8847","post","type-post","status-publish","format-standard","hentry","category-eventi","category-generale","tag-photoshow"],"jetpack_featured_media_url":"","jetpack_sharing_enabled":true,"_links":{"self":[{"href":"https:\/\/francescophoto.it\/blog\/wp-json\/wp\/v2\/posts\/8847","targetHints":{"allow":["GET"]}}],"collection":[{"href":"https:\/\/francescophoto.it\/blog\/wp-json\/wp\/v2\/posts"}],"about":[{"href":"https:\/\/francescophoto.it\/blog\/wp-json\/wp\/v2\/types\/post"}],"author":[{"embeddable":true,"href":"https:\/\/francescophoto.it\/blog\/wp-json\/wp\/v2\/users\/1"}],"replies":[{"embeddable":true,"href":"https:\/\/francescophoto.it\/blog\/wp-json\/wp\/v2\/comments?post=8847"}],"version-history":[{"count":0,"href":"https:\/\/francescophoto.it\/blog\/wp-json\/wp\/v2\/posts\/8847\/revisions"}],"wp:attachment":[{"href":"https:\/\/francescophoto.it\/blog\/wp-json\/wp\/v2\/media?parent=8847"}],"wp:term":[{"taxonomy":"category","embeddable":true,"href":"https:\/\/francescophoto.it\/blog\/wp-json\/wp\/v2\/categories?post=8847"},{"taxonomy":"post_tag","embeddable":true,"href":"https:\/\/francescophoto.it\/blog\/wp-json\/wp\/v2\/tags?post=8847"}],"curies":[{"name":"wp","href":"https:\/\/api.w.org\/{rel}","templated":true}]}}