{"id":7337,"date":"2011-01-07T01:01:03","date_gmt":"2011-01-07T00:01:03","guid":{"rendered":"http:\/\/francescophoto.wordpress.com\/?p=7337"},"modified":"2024-04-16T00:14:32","modified_gmt":"2024-04-15T22:14:32","slug":"olympus-e-pl2","status":"publish","type":"post","link":"https:\/\/francescophoto.it\/blog\/2011\/01\/07\/olympus-e-pl2\/","title":{"rendered":"Olympus E-PL2"},"content":{"rendered":"<p><a href=\"http:\/\/blog.francescophoto.it\/wp-content\/uploads\/2011\/01\/e-pl2_7_l.jpg\"><img loading=\"lazy\" decoding=\"async\" class=\"alignright size-thumbnail wp-image-7338\" title=\"E-PL2_7_L\" src=\"http:\/\/blog.francescophoto.it\/wp-content\/uploads\/2011\/01\/e-pl2_7_l.jpg?w=128\" alt=\"\" width=\"128\" height=\"76\" srcset=\"https:\/\/francescophoto.it\/blog\/wp-content\/uploads\/2011\/01\/e-pl2_7_l.jpg 1024w, https:\/\/francescophoto.it\/blog\/wp-content\/uploads\/2011\/01\/e-pl2_7_l-500x297.jpg 500w, https:\/\/francescophoto.it\/blog\/wp-content\/uploads\/2011\/01\/e-pl2_7_l-768x457.jpg 768w\" sizes=\"auto, (max-width: 128px) 100vw, 128px\" \/><\/a>Olympus ha annunciato oggi all&#8217;apertura del CES (Consumer Electronic Show) di Las vegas la nuova E-PL2. E&#8217; una fotocamera Micro 4\/3 che succede alla E-PL1. Ha lo stesso sensore della E-P2 da 12 Mpx e molti miglioramenti, che includono un corpo ridisegnato, uno schermo pi\u00f9 grande ed un AF migliorato. C&#8217;\u00e8 anche una nuova versione dello zoom 14-42 richiudibile che aveva debuttato con la E-PL1s in Giappone e alcuni nuovi accessori.<!--more--><\/p>\n<p>Le caratteristiche principali della E-PL2 sono:<\/p>\n<p>&#8211; sensore Live MOS da 12,3 Mpx in formato Micro 4\/3<br \/>\n&#8211; innesto obiettivi Micro 4\/3 con fattore moltiplicativo 2<br \/>\n&#8211; stabilizzazione d&#8217;immagine sul sensore<br \/>\n&#8211; elaboratore d&#8217;immagine TruePic V<br \/>\n&#8211; schermo LCD da 3&#8243; con 460.000 pixel<br \/>\n&#8211; sistema di messa a fuoco a rilevazione di contrasto con rilevazione dei volti<br \/>\n&#8211; impugnatura rivestita in gomma per una migliore impugnatura<br \/>\n&#8211; funzionamento automatico e controlli totalmente manuali<br \/>\n&#8211; possibilit\u00e0 di salvare le foto in raw<br \/>\n&#8211; otturatore con tempi da 60 sec a 1\/4000 di sec<br \/>\n&#8211; sensibilit\u00e0 Iso da 200 a 6400<br \/>\n&#8211; modalit\u00e0 Intelligent Auto Mode che sceglie le scene per il fotografo(sic!). Se si vogliono scegliere autononomamente (bont\u00e0 loro!) ce ne sono 22<br \/>\n&#8211; velocit\u00e0 di raffica di 3 fg\/s<br \/>\n&#8211; flash incorporato con numero guida 7 pi\u00f9 slitta a contatto caldo per flash esterni o per inserirvi un mirino elettronico o un microfono<br \/>\n&#8211; Live Guide migliorata per aiutare impostazioni complesse<br \/>\n&#8211; funzione per scattare foto panoramiche<br \/>\n&#8211; la funzione di riconoscimento dei volti iDetect usa gli occhi dei soggetti per la messa a fuoco<br \/>\n&#8211; nuovi Art Filters usabili anche in manuale<br \/>\n&#8211; ripresa video HD a 1280&#215;720 pixel con audio<br \/>\n&#8211; illuminatore per foto macro (Macro Arm light) inseribile nella slitta portaaccessori<br \/>\n&#8211; accessorio per trasmettere le foto via Bluetooth (PENpal) inseribile nella slitta<br \/>\n&#8211; obiettivo zoom 14-42in kit con messa a fuoco silenziosa per i video e con la possibilit\u00e0 di montare accessori:<br \/>\nlente macro<br \/>\ngrandangolo<br \/>\nfish-eye<br \/>\n&#8211; scafandratura subacquea opzionale<br \/>\n&#8211; usa schede SD\/SDHC\/SDXC<br \/>\n&#8211; batteria agli ioni di litio BLS-5 per 280 scatti<br \/>\n&#8211; dimensioni 115x73x42<br \/>\n&#8211; peso 373 grammi con batteria e scheda<\/p>\n<p>Dovrebbe essere disponibile questo mese con un prezzo di 599 $ in USA<\/p>\n<p>La E-PL2 \u00e8 un miglioramento della precedente E-PL1. A parte la linea modificata che pu\u00f2 pi\u00f9 o meno piacere (sembra pi\u00f9 retr\u00f2) i miglioramenti pi\u00f9 interessanti sono il nuovo schermo pi\u00f9 grande, la sensibilit\u00e0 aumentata a 6400 Iso e la disponibilit\u00e0 di nuovi accessori, anche se sembrano strani per una fotocamera ad obiettivi intercambiabili gli aggiuntivi ottici grandangolo e fish-eye.<br \/>\nIn sostanza un restyling che aggiunge poco di nuovo.<\/p>\n<p><a href=\"https:\/\/francescophoto.it\/blog\/wp-content\/uploads\/2011\/01\/e-pl2_7_l.jpg\"><img loading=\"lazy\" decoding=\"async\" class=\"alignnone wp-image-7338 size-medium\" title=\"E-PL2_7_L\" src=\"https:\/\/francescophoto.it\/blog\/wp-content\/uploads\/2011\/01\/e-pl2_7_l-500x297.jpg\" alt=\"\" width=\"500\" height=\"297\" srcset=\"https:\/\/francescophoto.it\/blog\/wp-content\/uploads\/2011\/01\/e-pl2_7_l-500x297.jpg 500w, https:\/\/francescophoto.it\/blog\/wp-content\/uploads\/2011\/01\/e-pl2_7_l-768x457.jpg 768w, https:\/\/francescophoto.it\/blog\/wp-content\/uploads\/2011\/01\/e-pl2_7_l.jpg 1024w\" sizes=\"auto, (max-width: 500px) 100vw, 500px\" \/><\/a><\/p>\n<p><a href=\"https:\/\/francescophoto.it\/blog\/wp-content\/uploads\/2011\/01\/e-pl2_3_l.jpg\"><img loading=\"lazy\" decoding=\"async\" class=\"alignnone wp-image-7339 size-medium\" title=\"E-PL2_3_L\" src=\"https:\/\/francescophoto.it\/blog\/wp-content\/uploads\/2011\/01\/e-pl2_3_l-500x170.jpg\" alt=\"\" width=\"500\" height=\"170\" srcset=\"https:\/\/francescophoto.it\/blog\/wp-content\/uploads\/2011\/01\/e-pl2_3_l-500x170.jpg 500w, https:\/\/francescophoto.it\/blog\/wp-content\/uploads\/2011\/01\/e-pl2_3_l-768x261.jpg 768w, https:\/\/francescophoto.it\/blog\/wp-content\/uploads\/2011\/01\/e-pl2_3_l.jpg 1024w\" sizes=\"auto, (max-width: 500px) 100vw, 500px\" \/><\/a><\/p>\n<p><a href=\"http:\/\/blog.francescophoto.it\/wp-content\/uploads\/2011\/01\/e-pl2_2_l.jpg\"><img loading=\"lazy\" decoding=\"async\" class=\"alignnone size-large wp-image-7340\" title=\"E-PL2_2_L\" src=\"http:\/\/blog.francescophoto.it\/wp-content\/uploads\/2011\/01\/e-pl2_2_l.jpg?w=500\" alt=\"\" width=\"500\" height=\"297\" srcset=\"https:\/\/francescophoto.it\/blog\/wp-content\/uploads\/2011\/01\/e-pl2_2_l.jpg 1024w, https:\/\/francescophoto.it\/blog\/wp-content\/uploads\/2011\/01\/e-pl2_2_l-500x297.jpg 500w, https:\/\/francescophoto.it\/blog\/wp-content\/uploads\/2011\/01\/e-pl2_2_l-768x457.jpg 768w\" sizes=\"auto, (max-width: 500px) 100vw, 500px\" \/><\/a><\/p>\n<p><a href=\"http:\/\/blog.francescophoto.it\/wp-content\/uploads\/2011\/01\/e-pl2_1_l.jpg\"><img loading=\"lazy\" decoding=\"async\" class=\"alignnone size-large wp-image-7341\" title=\"E-PL2_1_L\" src=\"http:\/\/blog.francescophoto.it\/wp-content\/uploads\/2011\/01\/e-pl2_1_l.jpg?w=500\" alt=\"\" width=\"500\" height=\"296\" srcset=\"https:\/\/francescophoto.it\/blog\/wp-content\/uploads\/2011\/01\/e-pl2_1_l.jpg 1024w, https:\/\/francescophoto.it\/blog\/wp-content\/uploads\/2011\/01\/e-pl2_1_l-500x297.jpg 500w, https:\/\/francescophoto.it\/blog\/wp-content\/uploads\/2011\/01\/e-pl2_1_l-768x456.jpg 768w\" sizes=\"auto, (max-width: 500px) 100vw, 500px\" \/><\/a><\/p>\n<p><a href=\"http:\/\/blog.francescophoto.it\/wp-content\/uploads\/2011\/01\/e-pl2_6_l.jpg\"><img loading=\"lazy\" decoding=\"async\" class=\"alignnone size-large wp-image-7342\" title=\"E-PL2_6_L\" src=\"http:\/\/blog.francescophoto.it\/wp-content\/uploads\/2011\/01\/e-pl2_6_l.jpg?w=497\" alt=\"\" width=\"497\" height=\"400\" srcset=\"https:\/\/francescophoto.it\/blog\/wp-content\/uploads\/2011\/01\/e-pl2_6_l.jpg 955w, https:\/\/francescophoto.it\/blog\/wp-content\/uploads\/2011\/01\/e-pl2_6_l-500x402.jpg 500w, https:\/\/francescophoto.it\/blog\/wp-content\/uploads\/2011\/01\/e-pl2_6_l-768x618.jpg 768w\" sizes=\"auto, (max-width: 497px) 100vw, 497px\" \/><\/a><\/p>\n<p><a href=\"http:\/\/blog.francescophoto.it\/wp-content\/uploads\/2011\/01\/e-pl2_11_l.jpg\"><img loading=\"lazy\" decoding=\"async\" class=\"alignnone size-large wp-image-7343\" title=\"E-PL2_11_L\" src=\"http:\/\/blog.francescophoto.it\/wp-content\/uploads\/2011\/01\/e-pl2_11_l.jpg?w=500\" alt=\"\" width=\"500\" height=\"293\" srcset=\"https:\/\/francescophoto.it\/blog\/wp-content\/uploads\/2011\/01\/e-pl2_11_l.jpg 1024w, https:\/\/francescophoto.it\/blog\/wp-content\/uploads\/2011\/01\/e-pl2_11_l-500x294.jpg 500w, https:\/\/francescophoto.it\/blog\/wp-content\/uploads\/2011\/01\/e-pl2_11_l-768x452.jpg 768w\" sizes=\"auto, (max-width: 500px) 100vw, 500px\" \/><\/a><\/p>\n<figure id=\"attachment_7344\" aria-describedby=\"caption-attachment-7344\" style=\"width: 452px\" class=\"wp-caption alignnone\"><a href=\"http:\/\/blog.francescophoto.it\/wp-content\/uploads\/2011\/01\/e-pl2_12_l.jpg\"><img loading=\"lazy\" decoding=\"async\" class=\"size-large wp-image-7344\" title=\"E-PL2_12_L\" src=\"http:\/\/blog.francescophoto.it\/wp-content\/uploads\/2011\/01\/e-pl2_12_l.jpg?w=452\" alt=\"\" width=\"452\" height=\"400\" srcset=\"https:\/\/francescophoto.it\/blog\/wp-content\/uploads\/2011\/01\/e-pl2_12_l.jpg 868w, https:\/\/francescophoto.it\/blog\/wp-content\/uploads\/2011\/01\/e-pl2_12_l-500x442.jpg 500w, https:\/\/francescophoto.it\/blog\/wp-content\/uploads\/2011\/01\/e-pl2_12_l-768x680.jpg 768w\" sizes=\"auto, (max-width: 452px) 100vw, 452px\" \/><\/a><figcaption id=\"caption-attachment-7344\" class=\"wp-caption-text\">Convertitore Fish-eye<\/figcaption><\/figure>\n<figure id=\"attachment_7345\" aria-describedby=\"caption-attachment-7345\" style=\"width: 500px\" class=\"wp-caption alignnone\"><a href=\"http:\/\/blog.francescophoto.it\/wp-content\/uploads\/2011\/01\/e-pl2_13_l.jpg\"><img loading=\"lazy\" decoding=\"async\" class=\"size-large wp-image-7345\" title=\"E-PL2_13_L\" src=\"http:\/\/blog.francescophoto.it\/wp-content\/uploads\/2011\/01\/e-pl2_13_l.jpg?w=500\" alt=\"\" width=\"500\" height=\"387\" srcset=\"https:\/\/francescophoto.it\/blog\/wp-content\/uploads\/2011\/01\/e-pl2_13_l.jpg 990w, https:\/\/francescophoto.it\/blog\/wp-content\/uploads\/2011\/01\/e-pl2_13_l-500x388.jpg 500w, https:\/\/francescophoto.it\/blog\/wp-content\/uploads\/2011\/01\/e-pl2_13_l-768x596.jpg 768w\" sizes=\"auto, (max-width: 500px) 100vw, 500px\" \/><\/a><figcaption id=\"caption-attachment-7345\" class=\"wp-caption-text\">Convertitore grandangolo<\/figcaption><\/figure>\n<figure id=\"attachment_7346\" aria-describedby=\"caption-attachment-7346\" style=\"width: 500px\" class=\"wp-caption alignnone\"><a href=\"http:\/\/blog.francescophoto.it\/wp-content\/uploads\/2011\/01\/e-pl2_14_l.jpg\"><img loading=\"lazy\" decoding=\"async\" class=\"size-large wp-image-7346\" title=\"E-PL2_14_L\" src=\"http:\/\/blog.francescophoto.it\/wp-content\/uploads\/2011\/01\/e-pl2_14_l.jpg?w=500\" alt=\"\" width=\"500\" height=\"319\" srcset=\"https:\/\/francescophoto.it\/blog\/wp-content\/uploads\/2011\/01\/e-pl2_14_l.jpg 1024w, https:\/\/francescophoto.it\/blog\/wp-content\/uploads\/2011\/01\/e-pl2_14_l-500x320.jpg 500w, https:\/\/francescophoto.it\/blog\/wp-content\/uploads\/2011\/01\/e-pl2_14_l-768x491.jpg 768w\" sizes=\"auto, (max-width: 500px) 100vw, 500px\" \/><\/a><figcaption id=\"caption-attachment-7346\" class=\"wp-caption-text\">Convertitore macro<\/figcaption><\/figure>\n<figure id=\"attachment_7350\" aria-describedby=\"caption-attachment-7350\" style=\"width: 500px\" class=\"wp-caption alignnone\"><a href=\"http:\/\/blog.francescophoto.it\/wp-content\/uploads\/2011\/01\/e-pl2_16_l.jpg\"><img loading=\"lazy\" decoding=\"async\" class=\"size-large wp-image-7350\" title=\"E-PL2_16_L\" src=\"http:\/\/blog.francescophoto.it\/wp-content\/uploads\/2011\/01\/e-pl2_16_l.jpg?w=500\" alt=\"\" width=\"500\" height=\"335\" srcset=\"https:\/\/francescophoto.it\/blog\/wp-content\/uploads\/2011\/01\/e-pl2_16_l.jpg 1024w, https:\/\/francescophoto.it\/blog\/wp-content\/uploads\/2011\/01\/e-pl2_16_l-500x336.jpg 500w, https:\/\/francescophoto.it\/blog\/wp-content\/uploads\/2011\/01\/e-pl2_16_l-768x516.jpg 768w\" sizes=\"auto, (max-width: 500px) 100vw, 500px\" \/><\/a><figcaption id=\"caption-attachment-7350\" class=\"wp-caption-text\">Trasmettitore Bluetooth<\/figcaption><\/figure>\n<h3>\u00a0Colori disponibili oltre il nero<\/h3>\n<p><a href=\"http:\/\/blog.francescophoto.it\/wp-content\/uploads\/2011\/01\/e-pl2_8_l.jpg\"><img loading=\"lazy\" decoding=\"async\" class=\"alignnone size-large wp-image-7347\" title=\"E-PL2_8_L\" src=\"http:\/\/blog.francescophoto.it\/wp-content\/uploads\/2011\/01\/e-pl2_8_l.jpg?w=500\" alt=\"\" width=\"500\" height=\"296\" srcset=\"https:\/\/francescophoto.it\/blog\/wp-content\/uploads\/2011\/01\/e-pl2_8_l.jpg 1024w, https:\/\/francescophoto.it\/blog\/wp-content\/uploads\/2011\/01\/e-pl2_8_l-500x296.jpg 500w, https:\/\/francescophoto.it\/blog\/wp-content\/uploads\/2011\/01\/e-pl2_8_l-768x455.jpg 768w\" sizes=\"auto, (max-width: 500px) 100vw, 500px\" \/><\/a><\/p>\n<p><a href=\"http:\/\/blog.francescophoto.it\/wp-content\/uploads\/2011\/01\/e-pl2_9_l.jpg\"><img loading=\"lazy\" decoding=\"async\" class=\"alignnone size-large wp-image-7348\" title=\"E-PL2_9_L\" src=\"http:\/\/blog.francescophoto.it\/wp-content\/uploads\/2011\/01\/e-pl2_9_l.jpg?w=500\" alt=\"\" width=\"500\" height=\"297\" srcset=\"https:\/\/francescophoto.it\/blog\/wp-content\/uploads\/2011\/01\/e-pl2_9_l.jpg 1024w, https:\/\/francescophoto.it\/blog\/wp-content\/uploads\/2011\/01\/e-pl2_9_l-500x297.jpg 500w, https:\/\/francescophoto.it\/blog\/wp-content\/uploads\/2011\/01\/e-pl2_9_l-768x457.jpg 768w\" sizes=\"auto, (max-width: 500px) 100vw, 500px\" \/><\/a><\/p>\n<p><a href=\"http:\/\/blog.francescophoto.it\/wp-content\/uploads\/2011\/01\/e-pl2_10_l.jpg\"><img loading=\"lazy\" decoding=\"async\" class=\"alignnone size-large wp-image-7349\" title=\"E-PL2_10_L\" src=\"http:\/\/blog.francescophoto.it\/wp-content\/uploads\/2011\/01\/e-pl2_10_l.jpg?w=500\" alt=\"\" width=\"500\" height=\"298\" srcset=\"https:\/\/francescophoto.it\/blog\/wp-content\/uploads\/2011\/01\/e-pl2_10_l.jpg 1024w, https:\/\/francescophoto.it\/blog\/wp-content\/uploads\/2011\/01\/e-pl2_10_l-500x298.jpg 500w, https:\/\/francescophoto.it\/blog\/wp-content\/uploads\/2011\/01\/e-pl2_10_l-768x458.jpg 768w\" sizes=\"auto, (max-width: 500px) 100vw, 500px\" \/><\/a><\/p>\n","protected":false},"excerpt":{"rendered":"<p>Olympus ha annunciato oggi all&#8217;apertura del CES (Consumer Electronic Show) di Las vegas la nuova E-PL2. E&#8217; una fotocamera Micro 4\/3 che succede alla E-PL1. Ha lo stesso sensore della E-P2 da 12 Mpx e molti miglioramenti, che includono un corpo ridisegnato, uno schermo pi\u00f9 grande ed un AF migliorato. C&#8217;\u00e8 anche una nuova versione &hellip; <a href=\"https:\/\/francescophoto.it\/blog\/2011\/01\/07\/olympus-e-pl2\/\" class=\"more-link\">Continua la lettura di <span class=\"screen-reader-text\">Olympus E-PL2<\/span> <span class=\"meta-nav\">&rarr;<\/span><\/a><\/p>\n","protected":false},"author":1,"featured_media":0,"comment_status":"open","ping_status":"open","sticky":false,"template":"","format":"standard","meta":{"_jetpack_memberships_contains_paid_content":false,"footnotes":""},"categories":[44,21,23],"tags":[452,570,879,943],"class_list":["post-7337","post","type-post","status-publish","format-standard","hentry","category-44","category-micro-4-3","category-novita","tag-e-pl2","tag-fourthirds","tag-microfourthirds","tag-olympus"],"jetpack_featured_media_url":"","jetpack_sharing_enabled":true,"_links":{"self":[{"href":"https:\/\/francescophoto.it\/blog\/wp-json\/wp\/v2\/posts\/7337","targetHints":{"allow":["GET"]}}],"collection":[{"href":"https:\/\/francescophoto.it\/blog\/wp-json\/wp\/v2\/posts"}],"about":[{"href":"https:\/\/francescophoto.it\/blog\/wp-json\/wp\/v2\/types\/post"}],"author":[{"embeddable":true,"href":"https:\/\/francescophoto.it\/blog\/wp-json\/wp\/v2\/users\/1"}],"replies":[{"embeddable":true,"href":"https:\/\/francescophoto.it\/blog\/wp-json\/wp\/v2\/comments?post=7337"}],"version-history":[{"count":3,"href":"https:\/\/francescophoto.it\/blog\/wp-json\/wp\/v2\/posts\/7337\/revisions"}],"predecessor-version":[{"id":73715,"href":"https:\/\/francescophoto.it\/blog\/wp-json\/wp\/v2\/posts\/7337\/revisions\/73715"}],"wp:attachment":[{"href":"https:\/\/francescophoto.it\/blog\/wp-json\/wp\/v2\/media?parent=7337"}],"wp:term":[{"taxonomy":"category","embeddable":true,"href":"https:\/\/francescophoto.it\/blog\/wp-json\/wp\/v2\/categories?post=7337"},{"taxonomy":"post_tag","embeddable":true,"href":"https:\/\/francescophoto.it\/blog\/wp-json\/wp\/v2\/tags?post=7337"}],"curies":[{"name":"wp","href":"https:\/\/api.w.org\/{rel}","templated":true}]}}