{"id":7314,"date":"2010-12-20T23:35:35","date_gmt":"2010-12-20T22:35:35","guid":{"rendered":"http:\/\/francescophoto.wordpress.com\/?p=7314"},"modified":"2010-12-20T23:35:35","modified_gmt":"2010-12-20T22:35:35","slug":"auguri-3","status":"publish","type":"post","link":"https:\/\/francescophoto.it\/blog\/2010\/12\/20\/auguri-3\/","title":{"rendered":"Auguri !!!"},"content":{"rendered":"<p><strong><a href=\"http:\/\/blog.francescophoto.it\/wp-content\/uploads\/2010\/12\/paesaggi-natalizi_0466.jpg\"><img loading=\"lazy\" decoding=\"async\" class=\"alignright size-large wp-image-7315\" title=\"paesaggi-natalizi_0466\" src=\"http:\/\/blog.francescophoto.it\/wp-content\/uploads\/2010\/12\/paesaggi-natalizi_0466.jpg?w=500\" alt=\"\" width=\"500\" height=\"375\" srcset=\"https:\/\/francescophoto.it\/blog\/wp-content\/uploads\/2010\/12\/paesaggi-natalizi_0466.jpg 1024w, https:\/\/francescophoto.it\/blog\/wp-content\/uploads\/2010\/12\/paesaggi-natalizi_0466-500x375.jpg 500w, https:\/\/francescophoto.it\/blog\/wp-content\/uploads\/2010\/12\/paesaggi-natalizi_0466-128x96.jpg 128w, https:\/\/francescophoto.it\/blog\/wp-content\/uploads\/2010\/12\/paesaggi-natalizi_0466-768x576.jpg 768w\" sizes=\"auto, (max-width: 500px) 100vw, 500px\" \/><\/a>Tanti auguri di buon Natale e felice anno nuovo a tutti i lettori del blog e alle loro famiglie<\/strong>.<\/p>\n<p>Auguro di cuore buone vacanze a tutti. Anche io andr\u00f2 in vacanza , dal 23, anche se\u00a0 continuer\u00f2 a segure il blog ed a scrivere qualche articolo.\u00a0Ssar\u00e0 un po\u2019 pi\u00f9 difficile perch\u00e8\u00a0sugli sci mi\u00a0sar\u00e0 difficile collegarmi! Lo far\u00f2 solo nel caso ci fosse qualche novit\u00e0 importante o risposta urgente. Comunque ci rivedremo il\u00a031 dicembre, dopo la mia tanto sospirata vacanza sulla neve, per gli auguri di buon anno<\/p>\n","protected":false},"excerpt":{"rendered":"<p>Tanti auguri di buon Natale e felice anno nuovo a tutti i lettori del blog e alle loro famiglie. Auguro di cuore buone vacanze a tutti. Anche io andr\u00f2 in vacanza , dal 23, anche se\u00a0 continuer\u00f2 a segure il blog ed a scrivere qualche articolo.\u00a0Ssar\u00e0 un po\u2019 pi\u00f9 difficile perch\u00e8\u00a0sugli sci mi\u00a0sar\u00e0 difficile collegarmi! &hellip; <a href=\"https:\/\/francescophoto.it\/blog\/2010\/12\/20\/auguri-3\/\" class=\"more-link\">Continua la lettura di <span class=\"screen-reader-text\">Auguri !!!<\/span> <span class=\"meta-nav\">&rarr;<\/span><\/a><\/p>\n","protected":false},"author":1,"featured_media":0,"comment_status":"open","ping_status":"open","sticky":false,"template":"","format":"standard","meta":{"_jetpack_memberships_contains_paid_content":false,"footnotes":""},"categories":[17],"tags":[261,890],"class_list":["post-7314","post","type-post","status-publish","format-standard","hentry","category-generale","tag-auguri","tag-natale"],"jetpack_featured_media_url":"","jetpack_sharing_enabled":true,"_links":{"self":[{"href":"https:\/\/francescophoto.it\/blog\/wp-json\/wp\/v2\/posts\/7314","targetHints":{"allow":["GET"]}}],"collection":[{"href":"https:\/\/francescophoto.it\/blog\/wp-json\/wp\/v2\/posts"}],"about":[{"href":"https:\/\/francescophoto.it\/blog\/wp-json\/wp\/v2\/types\/post"}],"author":[{"embeddable":true,"href":"https:\/\/francescophoto.it\/blog\/wp-json\/wp\/v2\/users\/1"}],"replies":[{"embeddable":true,"href":"https:\/\/francescophoto.it\/blog\/wp-json\/wp\/v2\/comments?post=7314"}],"version-history":[{"count":0,"href":"https:\/\/francescophoto.it\/blog\/wp-json\/wp\/v2\/posts\/7314\/revisions"}],"wp:attachment":[{"href":"https:\/\/francescophoto.it\/blog\/wp-json\/wp\/v2\/media?parent=7314"}],"wp:term":[{"taxonomy":"category","embeddable":true,"href":"https:\/\/francescophoto.it\/blog\/wp-json\/wp\/v2\/categories?post=7314"},{"taxonomy":"post_tag","embeddable":true,"href":"https:\/\/francescophoto.it\/blog\/wp-json\/wp\/v2\/tags?post=7314"}],"curies":[{"name":"wp","href":"https:\/\/api.w.org\/{rel}","templated":true}]}}