{"id":665,"date":"2009-01-08T19:15:16","date_gmt":"2009-01-08T18:15:16","guid":{"rendered":"http:\/\/francescophoto.wordpress.com\/?p=665"},"modified":"2009-01-08T19:15:16","modified_gmt":"2009-01-08T18:15:16","slug":"novita-al-ces","status":"publish","type":"post","link":"https:\/\/francescophoto.it\/blog\/2009\/01\/08\/novita-al-ces\/","title":{"rendered":"Novit\u00e0 al CES"},"content":{"rendered":"<p><img loading=\"lazy\" decoding=\"async\" class=\"alignright size-full wp-image-667\" title=\"logoces\" src=\"http:\/\/blog.francescophoto.it\/wp-content\/uploads\/2009\/01\/logoces.gif\" alt=\"logoces\" width=\"235\" height=\"113\" \/>Si apre oggi a Las Vegas (Nevada) il Consumer Electronic Show (CES) 2009, la pi\u00f9 importante mostra di elettronica di consumo degli Stati Uniti. Pur non essendo una mostra dedicata espressamente alla fotografia, come la mostra del P.M.A. (Photo Marketing Organization) che si terr\u00e0 in marzo, o la Photokina, al Ces vengono solitamente presentate le prime novit\u00e0 dell&#8217;anno del settore fotografico. In particolare quest&#8217;anno ci sono stati, gi\u00e0 prima dell&#8217;apertura, numerosi debutti, limitati per\u00f2 all&#8217;ambito delle compatte.<!--more--><br \/>\nNon segnaler\u00f2 tutte le novit\u00e0 in quanto per le compatte si assiste ormai a rinnovamenti di gamma ogni 6 mesi, solo per fini commerciali, come per i cellulari, ma le novit\u00e0 proposte sono sempre poco significative. Mi limiter\u00f2 a parlare solo delle nuove fotocamere che si distinguono dal gruppo, elencandole per marca.<\/p>\n<p>OLYMPUS<\/p>\n<figure id=\"attachment_668\" aria-describedby=\"caption-attachment-668\" style=\"width: 225px\" class=\"wp-caption alignright\"><img loading=\"lazy\" decoding=\"async\" class=\"size-full wp-image-668\" title=\"sp590uz_b-tb\" src=\"http:\/\/blog.francescophoto.it\/wp-content\/uploads\/2009\/01\/sp590uz_b-tb.jpg\" alt=\"Olympus SP 590 UZ\" width=\"225\" height=\"182\" \/><figcaption id=\"caption-attachment-668\" class=\"wp-caption-text\">Olympus SP 590 UZ<\/figcaption><\/figure>\n<p>Ha presentato otto nuove compatte e una superzoom.<br \/>\nQuella che spicca su tutte \u00e8 la superzoom SP-590 Ultra Zoom che offre uno strabiliante zoom 26x equivalente ad un 26-676 mm. Forse si sta un po&#8217; esagerando con l&#8217;estensione degli zoom che ormai hanno raggiunto una lunghezza in tele che richiederebbe in molti casi l&#8217;uso del treppiede per evitare foto mosse. Ma questo modo di operare non \u00e8 nella mente e nei concetti dei potenziali clienti di questa fotocamera. Almeno si vede anche una riduzione della focale minima (26 mm) che incomincia ad avvicinarsi ad un grandangolo spinto. La SP-590 Ultra Zoom ha 12 Mpx, la stabilizzazione sul sensore, un display da 2,7, una sensibilit\u00e0 fino a 1600 Iso, e tutta la dotazione elettronica di scene, riconoscimento volti, ecc che \u00e8 consueta oggi. Importante pu\u00f2 salvare in Raw. Sar\u00e0 disponibile a marzo e il prezzo in USA \u00e8 di 450 $.<br \/>\nAltre ue compatte interessanti sono le Stylus Tough 6000 \/ 8000 da 10 e 12 Mpx che possono resistere al frddo, all&#8217;acqua e alle cadute. Le altre sono ordinaria amministrazione.<\/p>\n<p>KODAK<\/p>\n<figure id=\"attachment_669\" aria-describedby=\"caption-attachment-669\" style=\"width: 225px\" class=\"wp-caption alignright\"><img loading=\"lazy\" decoding=\"async\" class=\"size-full wp-image-669 \" title=\"z980_front_l-tb\" src=\"http:\/\/blog.francescophoto.it\/wp-content\/uploads\/2009\/01\/z980_front_l-tb.jpg\" alt=\"Kodak Z980\" width=\"225\" height=\"220\" \/><figcaption id=\"caption-attachment-669\" class=\"wp-caption-text\">Kodak Z980<\/figcaption><\/figure>\n<p>Anche Kodak ha presentato la sua mega-zoom Z980 con uno zoom 24x che parte da 26 mm per arrivare a 624. Anche qui abbiamo 12 Mpx, ma la stabilizzazione \u00e8 sull&#8217;obiettivo. Il display \u00e8 da 2,7 e pu\u00f2 produrre video in formato HD.\u00a0 Inoltre Kodak ha presentato altre 3 compatte di caratteristiche pi\u00f9 normali.\u00a0\u00a0<\/p>\n<p>\u00a0\u00a0<\/p>\n<p>PENTAX<br \/>\nHa presentato due compatte Optio E70 e P70, da 10 e 12 Mpx senza caratteristiche particolari.<\/p>\n<p>\u00a0<\/p>\n<p>SAMSUNG<\/p>\n<figure id=\"attachment_670\" aria-describedby=\"caption-attachment-670\" style=\"width: 225px\" class=\"wp-caption alignright\"><img loading=\"lazy\" decoding=\"async\" class=\"size-full wp-image-670\" title=\"hz10w-tb\" src=\"http:\/\/blog.francescophoto.it\/wp-content\/uploads\/2009\/01\/hz10w-tb.jpg\" alt=\"Samsung HZ10W\" width=\"225\" height=\"204\" \/><figcaption id=\"caption-attachment-670\" class=\"wp-caption-text\">Samsung HZ10W<\/figcaption><\/figure>\n<p>Ha presentato 4 compatte. La pi\u00f9 interessante \u00e8 la HZ10W che offre uno zoom 10x che parte dal notevole valore equivalente di 24 mm e arriva a 240. Ha 10 Mpx, la stabilizzazione ottica dell&#8217;immagine, un totale controllo manuale e la capacit\u00e0 di produrre video HD in qualit\u00e0 720p. Sar\u00e0 disponibile, almeno in USA, a gennaio ad un prezzo di 300 $. Sembra la pi\u00f9 interessante fra tutte. Le altre tre compatte sono nello standard e non presentano caratteristiche particolarmente rilevanti.\u00a0<\/p>\n<p>\u00a0<\/p>\n<p>\u00a0<\/p>\n<p>SONY<\/p>\n<figure id=\"attachment_676\" aria-describedby=\"caption-attachment-676\" style=\"width: 225px\" class=\"wp-caption alignright\"><img loading=\"lazy\" decoding=\"async\" class=\"size-full wp-image-676\" title=\"g3_right-open-tb\" src=\"http:\/\/blog.francescophoto.it\/wp-content\/uploads\/2009\/01\/g3_right-open-tb.jpg\" alt=\"Sony DSC-G3\" width=\"225\" height=\"150\" \/><figcaption id=\"caption-attachment-676\" class=\"wp-caption-text\">Sony DSC-G3<\/figcaption><\/figure>\n<p>Ha presentato una nuova compatta della serie G, la Cyber-shot DSC-G3. Ha un corpo ultra compatto, 10 Mpx, uno zoom 4x 30-120 stabilizzato e uno schermo da 3,5 touchscreen. La sua caratteristica fondamentale per\u00f2 \u00e8 che dispone di una connessione wi-fi con la quale \u00e8 possibile fare l&#8217;upload di foto e video su vari siti fra cui Shutterfly, Picasa, YouTube, DailyMotion e PhotoBucket. Non so se sia possibile anche collegarsi a Flickr. Inoltre dispone di una memoria interna di 4 Gb per creare un fotoalbum.\u00a0La nuova Sony \u00e8 disponibile subito a\u00a0500 $. Oltre a questa ha presentato una nuova compatta della serie W, la DSC-W220<\/p>\n","protected":false},"excerpt":{"rendered":"<p>Si apre oggi a Las Vegas (Nevada) il Consumer Electronic Show (CES) 2009, la pi\u00f9 importante mostra di elettronica di consumo degli Stati Uniti. Pur non essendo una mostra dedicata espressamente alla fotografia, come la mostra del P.M.A. (Photo Marketing Organization) che si terr\u00e0 in marzo, o la Photokina, al Ces vengono solitamente presentate le &hellip; <a href=\"https:\/\/francescophoto.it\/blog\/2009\/01\/08\/novita-al-ces\/\" class=\"more-link\">Continua la lettura di <span class=\"screen-reader-text\">Novit\u00e0 al CES<\/span> <span class=\"meta-nav\">&rarr;<\/span><\/a><\/p>\n","protected":false},"author":1,"featured_media":0,"comment_status":"open","ping_status":"open","sticky":false,"template":"","format":"standard","meta":{"_jetpack_memberships_contains_paid_content":false,"footnotes":""},"categories":[42,20,23],"tags":[],"class_list":["post-665","post","type-post","status-publish","format-standard","hentry","category-42","category-mercato","category-novita"],"jetpack_featured_media_url":"","jetpack_sharing_enabled":true,"_links":{"self":[{"href":"https:\/\/francescophoto.it\/blog\/wp-json\/wp\/v2\/posts\/665","targetHints":{"allow":["GET"]}}],"collection":[{"href":"https:\/\/francescophoto.it\/blog\/wp-json\/wp\/v2\/posts"}],"about":[{"href":"https:\/\/francescophoto.it\/blog\/wp-json\/wp\/v2\/types\/post"}],"author":[{"embeddable":true,"href":"https:\/\/francescophoto.it\/blog\/wp-json\/wp\/v2\/users\/1"}],"replies":[{"embeddable":true,"href":"https:\/\/francescophoto.it\/blog\/wp-json\/wp\/v2\/comments?post=665"}],"version-history":[{"count":0,"href":"https:\/\/francescophoto.it\/blog\/wp-json\/wp\/v2\/posts\/665\/revisions"}],"wp:attachment":[{"href":"https:\/\/francescophoto.it\/blog\/wp-json\/wp\/v2\/media?parent=665"}],"wp:term":[{"taxonomy":"category","embeddable":true,"href":"https:\/\/francescophoto.it\/blog\/wp-json\/wp\/v2\/categories?post=665"},{"taxonomy":"post_tag","embeddable":true,"href":"https:\/\/francescophoto.it\/blog\/wp-json\/wp\/v2\/tags?post=665"}],"curies":[{"name":"wp","href":"https:\/\/api.w.org\/{rel}","templated":true}]}}