{"id":637,"date":"2008-12-25T22:57:37","date_gmt":"2008-12-25T21:57:37","guid":{"rendered":"http:\/\/francescophoto.wordpress.com\/?p=637"},"modified":"2008-12-25T22:57:37","modified_gmt":"2008-12-25T21:57:37","slug":"nikon-d3x-prime-foto-2","status":"publish","type":"post","link":"https:\/\/francescophoto.it\/blog\/2008\/12\/25\/nikon-d3x-prime-foto-2\/","title":{"rendered":"Nikon D3x: prime foto"},"content":{"rendered":"<p><img loading=\"lazy\" decoding=\"async\" class=\"alignleft size-thumbnail wp-image-639\" title=\"d3x_ambience_1_l\" src=\"http:\/\/blog.francescophoto.it\/wp-content\/uploads\/2008\/12\/d3x_ambience_1_l.jpg?w=128\" alt=\"d3x_ambience_1_l\" width=\"128\" height=\"96\" srcset=\"https:\/\/francescophoto.it\/blog\/wp-content\/uploads\/2008\/12\/d3x_ambience_1_l.jpg 500w, https:\/\/francescophoto.it\/blog\/wp-content\/uploads\/2008\/12\/d3x_ambience_1_l-128x96.jpg 128w\" sizes=\"auto, (max-width: 128px) 100vw, 128px\" \/>Avrei voluto pubblicare delle foto di test della D3x\u00a0scattandole in occasione della presentazione della nuova fotocamera organizzata da Nital presso il negozio di fotografia La Placa di Roma, a cui ero stato invitato, ma purtroppo precedenti ed improrogabili impegni a Monaco, presso la BMW, mi hanno impedito di partecipare a questa manifestazione. Oggi comunque, approfittando di un momento di tranquillit\u00e0 nella sera di Natale, sono andato a cercare in rete delle foto di questa nuova fotocamera e ho trovato molto interessanti quelle pubblicate da <a href=\"http:\/\/www.imaging-resource.com\/\">Imaging Resources<\/a>.<!--more--><br \/>\nNon si tratta ancora di una review completa, ma sono stati pubblicate molte foto, anche ad alti Iso con varie impostazioni di riduzione del rumore, compreso NR Off e anche in formato NEF, per cui ci si pu\u00f2 gi\u00e0 fare un&#8217;idea della qualt\u00e0 di immagine della nuova Nikon.<br \/>\nAd una prima osservazione i risultati sembrano eccellenti: il rumore a 6400 Iso con NR Off \u00e8 presente, ma sembra quasi esclusivamente di luminanza, simile alla grana di una pellicola di alta sensibilit\u00e0, non disturba troppo e la nitidezza delle immagini \u00e8 notevole. Un primo confronto con le analoghe immagini scattate con la Sony A900 \u00e8 largamente a favore della Nikon D3x, anche nel caso di NR in posizione normale. Le immagini sono pi\u00f9 dettagliate ed il rumore \u00e8 inferiore. Soprattutto non si nota il rumore di crominanza, che si manifesta con fastidiosi blocchi di colore nella Sony. Se il sensore utilizzato \u00e8 lo stesso, ma non \u00e8 scontato, sicuramente il software Nikon \u00e8 molto migliore e tratta le immagini molto meglio. Far\u00f2 a presto delle verifiche sviluppando direttamente i files NEF scaricati. Non pubblico sul blog cropo di immagini scaricate per motivi di tempo e perch\u00e8 non \u00e8 corretto nei confronti di <a href=\"http:\/\/www.imaging-resource.com\/\">Imaging Resources<\/a>, ma le foto si possono andare a vedere all&#8217;indirizzo <a href=\"http:\/\/www.imaging-resource.com\/PRODS\/D3X\/D3XA7.HTM\">http:\/\/www.imaging-resource.com\/PRODS\/D3X\/D3XA7.HTM<\/a> .<br \/>\nLa Nikon D3x quindi si pone al vertice per quanto riguarda la qualit\u00e0 di immagine. Purtroppo per\u00f2 Nikon ha posizionato questa fotocamera ad un livello di prezzo molto alto, circa 7.000 \u20ac, troppo elevato rispetto a quanto il mercato si aspetterebbe oggi. Su questo concordo con quanto scrive sul suo sito <a href=\"http:\/\/www.kenrockwell.com\/index.htm\">Ken Rockwell<\/a>\u00a0, \u00a0<a href=\"http:\/\/www.kenrockwell.com\/tech\/2008-12-new.htm\">http:\/\/www.kenrockwell.com\/tech\/2008-12-new.htm<\/a> . La Sony A900 e la Canon 5D II sono vendute ad un prezzo fra 2.000 e 3.000 \u20ac e\u00a0la Nikon D3 si trova oggi online a circa 3.800 \u20ac, una differenza di almeno 3.000 \u20ac per la D3x sembra troppo elevata, anche perch\u00e8 questa non offre nulla di pi\u00f9, oltre il sensore da 24 Mpx, rispetto alla D3. Con 3.000 \u20ac di differenza si potrebbero acquistare 2 obiettivi Nikon professionali. Se invece si vuole un sensore da oltre 20 Mpx, con la Canon o la Sony si avrebbero almeno 4.000-4.500 \u20ac disponibili per acquistare obiettivi. Sembrerebbe che il prezzo sia stato determinato pi\u00f9 dalla considerazione di quanto i potenziali clienti si sarebbero aspettati di pagare una DSLR con queste caratteristiche alcuni mesi fa, prima dell&#8217;uscita di Canon e Sony, piuttosto che da reali costi di produzione superiori rispetto alla D3 o all&#8217;attuale situazione di crisi economica. Vedremo come il mercato professionale reagir\u00e0 a questa offerta e se nel breve termine il prezzo si ridimensioner\u00e0 a valori pi\u00f9 ridotti.<\/p>\n","protected":false},"excerpt":{"rendered":"<p>Avrei voluto pubblicare delle foto di test della D3x\u00a0scattandole in occasione della presentazione della nuova fotocamera organizzata da Nital presso il negozio di fotografia La Placa di Roma, a cui ero stato invitato, ma purtroppo precedenti ed improrogabili impegni a Monaco, presso la BMW, mi hanno impedito di partecipare a questa manifestazione. Oggi comunque, approfittando &hellip; <a href=\"https:\/\/francescophoto.it\/blog\/2008\/12\/25\/nikon-d3x-prime-foto-2\/\" class=\"more-link\">Continua la lettura di <span class=\"screen-reader-text\">Nikon D3x: prime foto<\/span> <span class=\"meta-nav\">&rarr;<\/span><\/a><\/p>\n","protected":false},"author":1,"featured_media":0,"comment_status":"open","ping_status":"open","sticky":false,"template":"","format":"standard","meta":{"_jetpack_memberships_contains_paid_content":false,"footnotes":""},"categories":[10,20,23],"tags":[340,556,585,905],"class_list":["post-637","post","type-post","status-publish","format-standard","hentry","category-dslr","category-mercato","category-novita","tag-d3x","tag-foto","tag-fullframe","tag-nikon"],"jetpack_featured_media_url":"","jetpack_sharing_enabled":true,"_links":{"self":[{"href":"https:\/\/francescophoto.it\/blog\/wp-json\/wp\/v2\/posts\/637","targetHints":{"allow":["GET"]}}],"collection":[{"href":"https:\/\/francescophoto.it\/blog\/wp-json\/wp\/v2\/posts"}],"about":[{"href":"https:\/\/francescophoto.it\/blog\/wp-json\/wp\/v2\/types\/post"}],"author":[{"embeddable":true,"href":"https:\/\/francescophoto.it\/blog\/wp-json\/wp\/v2\/users\/1"}],"replies":[{"embeddable":true,"href":"https:\/\/francescophoto.it\/blog\/wp-json\/wp\/v2\/comments?post=637"}],"version-history":[{"count":0,"href":"https:\/\/francescophoto.it\/blog\/wp-json\/wp\/v2\/posts\/637\/revisions"}],"wp:attachment":[{"href":"https:\/\/francescophoto.it\/blog\/wp-json\/wp\/v2\/media?parent=637"}],"wp:term":[{"taxonomy":"category","embeddable":true,"href":"https:\/\/francescophoto.it\/blog\/wp-json\/wp\/v2\/categories?post=637"},{"taxonomy":"post_tag","embeddable":true,"href":"https:\/\/francescophoto.it\/blog\/wp-json\/wp\/v2\/tags?post=637"}],"curies":[{"name":"wp","href":"https:\/\/api.w.org\/{rel}","templated":true}]}}