{"id":5821,"date":"2010-10-28T10:43:29","date_gmt":"2010-10-28T09:43:29","guid":{"rendered":"http:\/\/francescophoto.wordpress.com\/?p=5821"},"modified":"2010-10-28T10:43:29","modified_gmt":"2010-10-28T09:43:29","slug":"canon-day-presso-la-placa-roma","status":"publish","type":"post","link":"https:\/\/francescophoto.it\/blog\/2010\/10\/28\/canon-day-presso-la-placa-roma\/","title":{"rendered":"Canon day presso La Placa Roma"},"content":{"rendered":"<p><a href=\"http:\/\/blog.francescophoto.it\/wp-content\/uploads\/2010\/05\/canon-logo_cr2.jpg\"><img loading=\"lazy\" decoding=\"async\" class=\"alignright size-thumbnail wp-image-4649\" title=\"Canon logo_cr\" src=\"http:\/\/blog.francescophoto.it\/wp-content\/uploads\/2010\/05\/canon-logo_cr2.jpg?w=128\" alt=\"\" width=\"128\" height=\"32\" srcset=\"https:\/\/francescophoto.it\/blog\/wp-content\/uploads\/2010\/05\/canon-logo_cr2.jpg 560w, https:\/\/francescophoto.it\/blog\/wp-content\/uploads\/2010\/05\/canon-logo_cr2-500x129.jpg 500w\" sizes=\"auto, (max-width: 128px) 100vw, 128px\" \/><\/a><a href=\"http:\/\/blog.francescophoto.it\/wp-content\/uploads\/2010\/10\/laplaca.jpg\"><img loading=\"lazy\" decoding=\"async\" class=\"alignright size-thumbnail wp-image-5822\" title=\"LaPlaca\" src=\"http:\/\/blog.francescophoto.it\/wp-content\/uploads\/2010\/10\/laplaca.jpg?w=128\" alt=\"\" width=\"128\" height=\"64\" \/><\/a>Lo scorso sabato si \u00e8 tenuto il secondo Canon Day del mese presso il negozio La Placa di Roma. Anche in questo caso la giornata \u00e8 stata organizzata come sempre molto bene presso i locali della La Placa Academy, adiacenti al negozio, dove di solito si tengono corsi e workshop di fotografia. Anche questa volta l&#8217;affluenza \u00e8 stata notevole.<!--more--><\/p>\n<p>L&#8217;evento prevedeva la possibilit\u00e0 di provare tutte le attrezzature Canon comprese le ultime novit\u00e0 inclusa la 60D che non era possibile provare la settimana prima. Erano poi disponibili anche le videocamere.<br \/>\nContemporaneamente era possibile provare gli strumenti di fotoritocco e conversione raw presso delle workstation Apple appositamente allestite con tecnici disponibili per demo e spiegazioni.<br \/>\nNel set di posa appositamente allestito si potevano provare le macchine fotografando una carina e simpatica modella.<br \/>\nIn questa occasione ho potuto provare nuovamente la nuova D60, gi\u00e0 provata velocemente alla Photokina, e ho potuto scattare parecchie foto in condizioni pi\u00f9 controllate. Presto le render\u00f2 disponibili per il confronto e la valutazione.<br \/>\nIn conclusione la manifestazione ha avuto un ottimo successo e ringrazio nuovamente La Placa per averla organizzata.<\/p>\n","protected":false},"excerpt":{"rendered":"<p>Lo scorso sabato si \u00e8 tenuto il secondo Canon Day del mese presso il negozio La Placa di Roma. Anche in questo caso la giornata \u00e8 stata organizzata come sempre molto bene presso i locali della La Placa Academy, adiacenti al negozio, dove di solito si tengono corsi e workshop di fotografia. Anche questa volta &hellip; <a href=\"https:\/\/francescophoto.it\/blog\/2010\/10\/28\/canon-day-presso-la-placa-roma\/\" class=\"more-link\">Continua la lettura di <span class=\"screen-reader-text\">Canon day presso La Placa Roma<\/span> <span class=\"meta-nav\">&rarr;<\/span><\/a><\/p>\n","protected":false},"author":1,"featured_media":0,"comment_status":"open","ping_status":"open","sticky":false,"template":"","format":"standard","meta":{"_jetpack_memberships_contains_paid_content":false,"footnotes":""},"categories":[11],"tags":[280],"class_list":["post-5821","post","type-post","status-publish","format-standard","hentry","category-eventi","tag-canon"],"jetpack_featured_media_url":"","jetpack_sharing_enabled":true,"_links":{"self":[{"href":"https:\/\/francescophoto.it\/blog\/wp-json\/wp\/v2\/posts\/5821","targetHints":{"allow":["GET"]}}],"collection":[{"href":"https:\/\/francescophoto.it\/blog\/wp-json\/wp\/v2\/posts"}],"about":[{"href":"https:\/\/francescophoto.it\/blog\/wp-json\/wp\/v2\/types\/post"}],"author":[{"embeddable":true,"href":"https:\/\/francescophoto.it\/blog\/wp-json\/wp\/v2\/users\/1"}],"replies":[{"embeddable":true,"href":"https:\/\/francescophoto.it\/blog\/wp-json\/wp\/v2\/comments?post=5821"}],"version-history":[{"count":0,"href":"https:\/\/francescophoto.it\/blog\/wp-json\/wp\/v2\/posts\/5821\/revisions"}],"wp:attachment":[{"href":"https:\/\/francescophoto.it\/blog\/wp-json\/wp\/v2\/media?parent=5821"}],"wp:term":[{"taxonomy":"category","embeddable":true,"href":"https:\/\/francescophoto.it\/blog\/wp-json\/wp\/v2\/categories?post=5821"},{"taxonomy":"post_tag","embeddable":true,"href":"https:\/\/francescophoto.it\/blog\/wp-json\/wp\/v2\/tags?post=5821"}],"curies":[{"name":"wp","href":"https:\/\/api.w.org\/{rel}","templated":true}]}}