{"id":5462,"date":"2010-09-27T13:53:03","date_gmt":"2010-09-27T12:53:03","guid":{"rendered":"http:\/\/francescophoto.wordpress.com\/?p=5462"},"modified":"2010-09-27T13:53:03","modified_gmt":"2010-09-27T12:53:03","slug":"sigma-sd1","status":"publish","type":"post","link":"https:\/\/francescophoto.it\/blog\/2010\/09\/27\/sigma-sd1\/","title":{"rendered":"Sigma SD1"},"content":{"rendered":"<p><a href=\"http:\/\/blog.francescophoto.it\/wp-content\/uploads\/2010\/09\/zyfront-lg.jpg\"><img loading=\"lazy\" decoding=\"async\" class=\"alignright size-thumbnail wp-image-5465\" title=\"ZYFRONT-LG\" src=\"http:\/\/blog.francescophoto.it\/wp-content\/uploads\/2010\/09\/zyfront-lg.jpg?w=101\" alt=\"\" width=\"101\" height=\"96\" srcset=\"https:\/\/francescophoto.it\/blog\/wp-content\/uploads\/2010\/09\/zyfront-lg.jpg 531w, https:\/\/francescophoto.it\/blog\/wp-content\/uploads\/2010\/09\/zyfront-lg-500x471.jpg 500w\" sizes=\"auto, (max-width: 101px) 100vw, 101px\" \/><\/a>La Sigma SD1 \u00e8 stata la novit\u00e0 a sorpresa della Photokina. E&#8217; anche forse la novit\u00e0 pi\u00f9 importante e significativa. E&#8217; una reflex con sensore APS con tecnologia Foveon X3 da 15,3 Mpx per 3, cio\u00e8 46 Mpx. Il corpo \u00e8 in lega di magnesio impermeabilizzato e la costruzione di livello professionale. Sigma promette di renderla disponibile quanto prima.<!--more--><\/p>\n<p>La SD1 \u00e8 una reflex interessantissima perch\u00e8 il suo sensore \u00e8 completamente differente da quelli montati su tutte le altre fotocamere (tanne <a href=\"http:\/\/blog.francescophoto.it\/wp-content\/uploads\/2009\/10\/foveon.jpg\"><img loading=\"lazy\" decoding=\"async\" class=\"alignright size-full wp-image-2339\" title=\"foveon\" src=\"http:\/\/blog.francescophoto.it\/wp-content\/uploads\/2009\/10\/foveon.jpg\" alt=\"\" width=\"470\" height=\"333\" \/><\/a>le Sigma). E&#8217; infatti un sensore di tipo Foveon X3, costituito da tre strati di pixel sensibili a diversi colori, rispettivamente blu, verde e rosso, come nelle pellicole fotografiche. I sensori tradizionali invece hanno un solo strato, sensibile a tutto lo spettro della luce. Per poter riprodurre un&#8217;immagine colorata davanti ai pixel sono posti dei filtri colorati, il 50% verde, il 25 % blu e il 25 % rosso. Per poi ricostruire l&#8217;immagine a colori si usa un algoritmo di interpolazione, detto Bayer, che consente di ricostruire l&#8217;informazione di colore mancante per ciascun pixel da quelli vicini. Come ho spiegato nell&#8217;articolo &#8220;<a href=\"http:\/\/francescophoto.wordpress.com\/2009\/10\/12\/la-vera-risoluzione-dei-sensori\/\">La vera risoluzione dei sensori<\/a>&#8220;, l&#8217;uso di questa tecnica fa si che la vera risoluzione dei sensori &#8220;Bayer&#8221; sia il 50-60 % o poco pi\u00f9 di quella nominale. Un sensore da 18 Mpx, come quello delle Canon APS, ad esempio ha una risoluzione effettiva di circa 10-11 Mpx. Con i sensori Foveon questo non succede. Infatti ogni pixel ha l&#8217;informazione completa del colore derivante dai tre strati sensibili. Non \u00e8 necessario quindi applicare l&#8217;interpolazione. Inoltre visto che ogni pixel pu\u00f2 ricevere i tre colori \u00e8 possibile eliminare il filtro antialias non limitando in alcun modo la risoluzione del sensore. L\u2019effetto moir\u00e8, che pu\u00f2 essere presente anche se in forma molto pi\u00f9 ridotta che sui sensori Bayer, viene controllato via software. Inoltre la riproduzione dei colori \u00e8 molto pi\u00f9 fedele alla realt\u00e0.<br \/>\n<a href=\"http:\/\/blog.francescophoto.it\/wp-content\/uploads\/2009\/10\/bayer-resolution.jpg\"><img loading=\"lazy\" decoding=\"async\" class=\"alignright size-full wp-image-2338\" title=\"Bayer resolution\" src=\"http:\/\/blog.francescophoto.it\/wp-content\/uploads\/2009\/10\/bayer-resolution.jpg\" alt=\"\" width=\"540\" height=\"513\" srcset=\"https:\/\/francescophoto.it\/blog\/wp-content\/uploads\/2009\/10\/bayer-resolution.jpg 600w, https:\/\/francescophoto.it\/blog\/wp-content\/uploads\/2009\/10\/bayer-resolution-500x475.jpg 500w\" sizes=\"auto, (max-width: 540px) 100vw, 540px\" \/><\/a>Fino ad oggi le uniche reflex con sensore Foveon, le Sigma, avevano per\u00f2 dei sensori di formato leggermente inferiore all&#8217;APS (fattore moltiplicativo 1,7) e soprattutto con un numero ridotto di pixel. L&#8217;ultimo modello SD15, che ho provato alla Photokina e di cui riferir\u00f2, ha 4,7 Mpx per 3, e pu\u00f2 essere paragonato come risoluzione ad un sensore Bayer da 8 Mpx.<br \/>\nLa nuova SD1 per\u00f2 \u00e8 una cosa molto diversa. Il suo sensore ha finalmente la dimensione APS (fattore moltiplicativo 1,5x) e la risoluzione \u00e8 elevata 15,3 Mpx per 3. Questo corrisponde, come risoluzione, ad un sensore Bayer da almeno 24 Mpx. Non esiste ancora un sensore Bayer APS con questa risoluzione.<br \/>\nLa SD1 quindi promette un&#8217;altissima risoluzione, paragonabile ad una fullframe, e un&#8217;elevata qualit\u00e0 d&#8217;immagine.<br \/>\nAnche le altre sue caratteristiche sono di classe elevata: corpo in lega di magnesio sigillato contro polvere ed umidit\u00e0, elaboratore d&#8217;immagine &#8220;TRUE II&#8221; doppio, 11 punti AF a croce, schermo da 3&#8242; e 460.000 pixel, mirino con copertura del 98 % e ingrandimento 0,95x (reale 0,64x), innesto obiettivi Sigma SA con la disponibilit\u00e0 di tutta la gamma di obiettivi Sigma. Le dimensioni sono 145x112x80.<br \/>\nL&#8217;unico dato non ancora noto \u00e8 la gamma di sensibilit\u00e0 disponibile. Infatti un punto debole dei sensori Foveon \u00e8 la resa alle alte sensibilit\u00e0.<br \/>\nSigma promette sul suo sito dedicato Sigma\/SD1 che arriver\u00e0 presto. Speriamo di non dover aspettare come per la SD15, presentata in anteprima alla Photokina 2008 e disponibile solo a maggio 2010.<br \/>\nCerto se la qualit\u00e0 delle foto della SD1 corrisponder\u00e0 alle aspettative questa potrebbe essere di gran lunga la migliore reflex della sua categoria e competere senza problemi con le fullframe. Sperando anche che il prezzo sia ragionevole e concorrenziale.<\/p>\n<p><a href=\"http:\/\/blog.francescophoto.it\/wp-content\/uploads\/2010\/09\/dsc_2447.jpg\"><img loading=\"lazy\" decoding=\"async\" class=\"size-large wp-image-5439 alignnone\" title=\"DSC_2447\" src=\"http:\/\/blog.francescophoto.it\/wp-content\/uploads\/2010\/09\/dsc_2447.jpg?w=500\" alt=\"\" width=\"500\" height=\"334\" srcset=\"https:\/\/francescophoto.it\/blog\/wp-content\/uploads\/2010\/09\/dsc_2447.jpg 1600w, https:\/\/francescophoto.it\/blog\/wp-content\/uploads\/2010\/09\/dsc_2447-500x335.jpg 500w, https:\/\/francescophoto.it\/blog\/wp-content\/uploads\/2010\/09\/dsc_2447-768x514.jpg 768w, https:\/\/francescophoto.it\/blog\/wp-content\/uploads\/2010\/09\/dsc_2447-1536x1028.jpg 1536w\" sizes=\"auto, (max-width: 500px) 100vw, 500px\" \/><\/a><\/p>\n<p><a href=\"http:\/\/blog.francescophoto.it\/wp-content\/uploads\/2010\/09\/zyfront-lg.jpg\"><img loading=\"lazy\" decoding=\"async\" class=\"alignnone size-large wp-image-5465\" title=\"ZYFRONT-LG\" src=\"http:\/\/blog.francescophoto.it\/wp-content\/uploads\/2010\/09\/zyfront-lg.jpg?w=424\" alt=\"\" width=\"424\" height=\"400\" srcset=\"https:\/\/francescophoto.it\/blog\/wp-content\/uploads\/2010\/09\/zyfront-lg.jpg 531w, https:\/\/francescophoto.it\/blog\/wp-content\/uploads\/2010\/09\/zyfront-lg-500x471.jpg 500w\" sizes=\"auto, (max-width: 424px) 100vw, 424px\" \/><\/a><\/p>\n<p><a href=\"http:\/\/blog.francescophoto.it\/wp-content\/uploads\/2010\/09\/sigma_sd1_hands_on_07.jpg\"><img loading=\"lazy\" decoding=\"async\" class=\"alignnone size-large wp-image-5473\" title=\"sigma_sd1_hands_on_07\" src=\"http:\/\/blog.francescophoto.it\/wp-content\/uploads\/2010\/09\/sigma_sd1_hands_on_07.jpg?w=470\" alt=\"\" width=\"470\" height=\"400\" srcset=\"https:\/\/francescophoto.it\/blog\/wp-content\/uploads\/2010\/09\/sigma_sd1_hands_on_07.jpg 800w, https:\/\/francescophoto.it\/blog\/wp-content\/uploads\/2010\/09\/sigma_sd1_hands_on_07-500x425.jpg 500w, https:\/\/francescophoto.it\/blog\/wp-content\/uploads\/2010\/09\/sigma_sd1_hands_on_07-768x653.jpg 768w\" sizes=\"auto, (max-width: 470px) 100vw, 470px\" \/><\/a><\/p>\n<p><a href=\"http:\/\/blog.francescophoto.it\/wp-content\/uploads\/2010\/09\/sigma_sd1_hands_on_13.jpg\"><img loading=\"lazy\" decoding=\"async\" class=\"alignnone size-large wp-image-5474\" title=\"sigma_sd1_hands_on_13\" src=\"http:\/\/blog.francescophoto.it\/wp-content\/uploads\/2010\/09\/sigma_sd1_hands_on_13.jpg?w=500\" alt=\"\" width=\"500\" height=\"330\" srcset=\"https:\/\/francescophoto.it\/blog\/wp-content\/uploads\/2010\/09\/sigma_sd1_hands_on_13.jpg 800w, https:\/\/francescophoto.it\/blog\/wp-content\/uploads\/2010\/09\/sigma_sd1_hands_on_13-500x330.jpg 500w, https:\/\/francescophoto.it\/blog\/wp-content\/uploads\/2010\/09\/sigma_sd1_hands_on_13-768x507.jpg 768w\" sizes=\"auto, (max-width: 500px) 100vw, 500px\" \/><\/a><\/p>\n<p><a href=\"http:\/\/blog.francescophoto.it\/wp-content\/uploads\/2010\/09\/zyleft-lg.jpg\"><img loading=\"lazy\" decoding=\"async\" class=\"alignnone size-large wp-image-5475\" title=\"ZYLEFT-LG\" src=\"http:\/\/blog.francescophoto.it\/wp-content\/uploads\/2010\/09\/zyleft-lg.jpg?w=424\" alt=\"\" width=\"424\" height=\"400\" srcset=\"https:\/\/francescophoto.it\/blog\/wp-content\/uploads\/2010\/09\/zyleft-lg.jpg 531w, https:\/\/francescophoto.it\/blog\/wp-content\/uploads\/2010\/09\/zyleft-lg-500x471.jpg 500w\" sizes=\"auto, (max-width: 424px) 100vw, 424px\" \/><\/a><\/p>\n","protected":false},"excerpt":{"rendered":"<p>La Sigma SD1 \u00e8 stata la novit\u00e0 a sorpresa della Photokina. E&#8217; anche forse la novit\u00e0 pi\u00f9 importante e significativa. E&#8217; una reflex con sensore APS con tecnologia Foveon X3 da 15,3 Mpx per 3, cio\u00e8 46 Mpx. Il corpo \u00e8 in lega di magnesio impermeabilizzato e la costruzione di livello professionale. Sigma promette di &hellip; <a href=\"https:\/\/francescophoto.it\/blog\/2010\/09\/27\/sigma-sd1\/\" class=\"more-link\">Continua la lettura di <span class=\"screen-reader-text\">Sigma SD1<\/span> <span class=\"meta-nav\">&rarr;<\/span><\/a><\/p>\n","protected":false},"author":1,"featured_media":0,"comment_status":"open","ping_status":"open","sticky":false,"template":"","format":"standard","meta":{"_jetpack_memberships_contains_paid_content":false,"footnotes":""},"categories":[43,10,23],"tags":[256,571,1140,1147],"class_list":["post-5462","post","type-post","status-publish","format-standard","hentry","category-43","category-dslr","category-novita","tag-aps","tag-foveon","tag-sd1","tag-sigma"],"jetpack_featured_media_url":"","jetpack_sharing_enabled":true,"_links":{"self":[{"href":"https:\/\/francescophoto.it\/blog\/wp-json\/wp\/v2\/posts\/5462","targetHints":{"allow":["GET"]}}],"collection":[{"href":"https:\/\/francescophoto.it\/blog\/wp-json\/wp\/v2\/posts"}],"about":[{"href":"https:\/\/francescophoto.it\/blog\/wp-json\/wp\/v2\/types\/post"}],"author":[{"embeddable":true,"href":"https:\/\/francescophoto.it\/blog\/wp-json\/wp\/v2\/users\/1"}],"replies":[{"embeddable":true,"href":"https:\/\/francescophoto.it\/blog\/wp-json\/wp\/v2\/comments?post=5462"}],"version-history":[{"count":0,"href":"https:\/\/francescophoto.it\/blog\/wp-json\/wp\/v2\/posts\/5462\/revisions"}],"wp:attachment":[{"href":"https:\/\/francescophoto.it\/blog\/wp-json\/wp\/v2\/media?parent=5462"}],"wp:term":[{"taxonomy":"category","embeddable":true,"href":"https:\/\/francescophoto.it\/blog\/wp-json\/wp\/v2\/categories?post=5462"},{"taxonomy":"post_tag","embeddable":true,"href":"https:\/\/francescophoto.it\/blog\/wp-json\/wp\/v2\/tags?post=5462"}],"curies":[{"name":"wp","href":"https:\/\/api.w.org\/{rel}","templated":true}]}}