{"id":5408,"date":"2010-09-25T00:55:26","date_gmt":"2010-09-24T23:55:26","guid":{"rendered":"http:\/\/francescophoto.wordpress.com\/?p=5408"},"modified":"2010-09-25T00:55:26","modified_gmt":"2010-09-24T23:55:26","slug":"report-dalla-photokina","status":"publish","type":"post","link":"https:\/\/francescophoto.it\/blog\/2010\/09\/25\/report-dalla-photokina\/","title":{"rendered":"Report dalla Photokina"},"content":{"rendered":"<p><a href=\"http:\/\/blog.francescophoto.it\/wp-content\/uploads\/2010\/09\/dsc_2594s.jpg\"><img loading=\"lazy\" decoding=\"async\" class=\"alignright size-thumbnail wp-image-5410\" title=\"DSC_2594s\" src=\"http:\/\/blog.francescophoto.it\/wp-content\/uploads\/2010\/09\/dsc_2594s.jpg?w=128\" alt=\"\" width=\"128\" height=\"85\" srcset=\"https:\/\/francescophoto.it\/blog\/wp-content\/uploads\/2010\/09\/dsc_2594s.jpg 1600w, https:\/\/francescophoto.it\/blog\/wp-content\/uploads\/2010\/09\/dsc_2594s-500x335.jpg 500w, https:\/\/francescophoto.it\/blog\/wp-content\/uploads\/2010\/09\/dsc_2594s-768x514.jpg 768w, https:\/\/francescophoto.it\/blog\/wp-content\/uploads\/2010\/09\/dsc_2594s-1536x1028.jpg 1536w\" sizes=\"auto, (max-width: 128px) 100vw, 128px\" \/><\/a>Finalmente il 21 dopo tanta attesa si \u00e8 inaugurata la Photokina 2010, la pi\u00f9 grande e importante fiera della fotografia e dell&#8217;industria delle attrezzature fotografiche che si tiene ogni 2 anni a Colonia. Le novit\u00e0 erano tante, ma quasi tutte presentate in conferenze stampa dedicate qualche giorno prima, tranne qualche eccezione, la pi\u00f9 importante a sorpresa la Sigma SD1.<br \/>\nIo ho visitato la fiera il secondo giorno ed \u00e8 stata un&#8217;esperienza veramente interessante.<!--more--><\/p>\n<p>Innanzi tutto Colonia: mi aspettavo una grande citt\u00e0 (conta oltre 1 milione di abitanti), con un&#8217;architettura moderna, tipo Berlino. Invece non fa questa impressione. Si arriva con l&#8217;S-Bhan dall&#8217;aeroporto direttamente alla stazione centrale e subito si vede la fantastica cattedrale che domina la citt\u00e0. La stazione, in stile del secolo scorso, per\u00f2 gli \u00e8 proprio attaccata e gi\u00e0 questo \u00e8 strano. Prendo la U-Bhan (metro) e vedo che le stazioni e i convogli sono piccoli. Infatti dopo tre fermate la ferrovia emerge in mezzo alla strada e scopro che si tratta di un grosso tram a due vagoni articolati che corre in sede dedicata al centro della stada, fermandosi ai semafori. Stano ma efficace. Per ultima stanezza scopro che la birra la servono in bicchierini da 200 cl, a differenza di Monaco dove se non ordini un litro ti guardano quasi con commiserazione.<br \/>\nArrivo in Photokina la mattina prima dell&#8217;apertura dei padiglioni alle 10. Vedo dappertutto, gi\u00e0 dal tram, giapponesi, uomini in completo scuro e cravatta, donne rigorosamente in gonna, che corrono dappertutto, insieme a compassati manager europei che se la prendono pi\u00f9 comoda. Faccio il biglietto, salato 43 \u20ac, ma senza fila, e entro. In attesa dell&#8217;apertura dei padiglioni si pu\u00f2 prendere un po&#8217; di sole, \u00e8 una bellissima giornata, nella &#8220;plaza&#8221; al centro dei padiglioni.<br \/>\nFinalmente alle 10 si entra.<br \/>\nIl primo stand che incontro \u00e8 quello Canon, molto grande e ben disposto. Gi\u00e0 c&#8217;\u00e8 ressa al banco delle reflex EOS e naturalmente la pi\u00f9 richiesta \u00e8 la 60D. Riesco a prenderne una e a fare qualche scatto. Altri ne far\u00f2 dopo. Ci sono anche le altre novit\u00e0, le compatte &#8220;premium&#8221; G12 e S95 e la bridge SX30IS. Peccato che si possano solo vedere e anche provare, ma senza inserire schede, sono sigillate. Evidentemente sono ancora di preserie.<br \/>\nI padiglioni successivi sono a due piani: scelgo la parte sotto e trovo Hasselblad e Leica. Salto al momento la Hasselblad, ma ci torner\u00f2 pi\u00f9 tardi per fare qualche scatto con la fantastica medio formato H4D da 60 Mpx, e vedere la bellissima Ferrari California esposta. Allo stand Leica ci sono la M9, la medio formato S2, e alcune compatte e bridge replica delle corrispondenti Panasonic, con prezzo maggiorato per il bollino rosso Leica. Io per\u00f2 sono interessato alla X1, ora anche nera, con cui faccio anche qualche scatto. E&#8217; bella ed interessante, peccato che costi quasi quanto una fullframe. Dietro questi stand c&#8217;\u00e8 il bello e tranquillo stand Zeiss, regno degli obiettivi. Molti sono disponibili per la prova gi\u00e0 montati su corpi Canon e Nikon di fronte a un set con fiori e piante molto ben curato. Tutti gli obiettivi sono naturalmente a fuoco manuale. faccio qualche scatto con il 50\/1,4 montato sulla Canon 7D con la quale diventa un tele da ritratto (80 mm) e sulla Nikon D700.<br \/>\nSalgo poi al piano superiore dove trovo i megagalattici stand di Nikon e Olympus, mentre di lato un po&#8217; nascosto c&#8217;\u00e8 quello di Pentax e in condo Casio.<br \/>\nNaturalmente entro subito nello stand Nikon e cerco la D7000. C&#8217;\u00e8 un po&#8217; da aspettare, ma finalmente riesco a impadronirmi di un esemplare. Esteriormente non \u00e8 molto diversa dalla D90, anche se pesa qualcosa in pi\u00f9. In due riprese faccio un po&#8217; di scatti, come al solito poco significativi perch\u00e8 non c&#8217;\u00e8 un set di posa. C&#8217;\u00e8 poi la D3100, pi\u00f9 accessibile, molto bella anche lei, un netto miglioramento rispetto alla D300. Anche con questa faccio un po&#8217; di foto. Passo al banco delle compatte e riesco a vedere e a provare la P7000, compatta &#8220;premium&#8221; diretta concorrente della Canon G12, ma a differenza di questa provabile. Chiudo con la bridge P100 che non mi fa una grande impressione.<br \/>\nPasso a Olympus dove mi dedico alla E-P2, anche se l&#8217;avevo gi\u00e0 provata al Phto Show. E&#8217; sempre interessante e volevo rivedere il suo bel mirino elettronico, il migliore che avevo visto fino a quel momento. Poi cerco la nuova ammiraglia reflex, la E-5, bella e ben costrita. Riesco anche con questa a fare un po&#8217; di scatti.<br \/>\nAlla Pentax invece sono esposte sia la K-5 che la K-r, si possono provare, ma non \u00e8 possibile portare via gli scatti con una propria scheda. Passo anche nello stand Casio, ma non ci sono novit\u00e0 particolarmente interessanti, almeno per me.<br \/>\nAltro padiglione e trovo il megagalattico stand Fuji, con ristorante al centro. prima per\u00f2 voglio vedere quello Sigma l\u00ec accanto per le interessanti novit\u00e0 presentate. La SD1 la sorpresa della photokina \u00e8 esposta, ma chiusa in una teca di vetro: posso solo fotografarla. E&#8217; interessantissima per il suo sensore Foveon finalmente di formato APS e con una risoluzione notevole 15 Mpx per starato per un totale di 45.000 come dice Sigma. Considerando che non c&#8217;\u00e8 l&#8217;interpolazione Bayer la risoluzione dovrebbe essere stupefacente. La costruzione \u00e8 in metallo e tutte le caratteristiche ottime. Rimane solo qualche dubbio sulla resa alle alte sensibilit\u00e0 (non dichiarata la massima), tallone d&#8217;Achille del Foveon. Sigma promette di renderla disponibile presto: speriamo che non faccia come per la SD15 che, presentata alla Photokina 2008 \u00e8 disponibile solo da qualche mese.<br \/>\nOltre alla SD1 le novit\u00e0 sono il 120-300\/2,8 OS stabilizzato e il 150\/2,8 OS Macro stabilizzato e qualche flash. E&#8217; esposta anche una bella Porsche Carrera nera, nulla per\u00f2 in confronto alla Ferrari di Hasselblad. Riesco a provare invece la SD15, da 4,7&#215;3 Mpx (14) che non era disponibile al Photo Show e due zoom grandangolari.<br \/>\nAlla Fuji invece grande evidenza alla X100, compatta in stile retr\u00f2 ma tecnologicamente avanzatissima, con un sensore APS da 12 Mpx, obiettivo fisso da 23 mm (equiv. 35) e soprattutto mirino ibrido, cio\u00e8 ottico, ma con la possibilit\u00e0 di vedervi anche informazioni di scatto, menu e le foto scattate.<br \/>\nMolto interessante, ma anche qui era possibile solo vederla.<br \/>\nTorno indietro e entro nell&#8217;enorme stand Panasonic, accanto a Canon. Qui si punta molto sulle riprese video 3D che per\u00f2 a me non interessano e vado subito quindi alla parte fotografica. Qui le novit\u00e0 sono la GH2, Micro 4\/3 da 16 Mpx e schermo touch screen, che non posso provare e la LX5, compatta &#8220;premium&#8221; che \u00e8 disponibile. Faccio qualche scatto e valutandola in parallelo alle sue concorrenti Canon G12 e Nikon P7000 mi accorgo che la LX5 \u00e8 veramente &#8220;compatta&#8221; e tascabile, a differenza delle altre. Solo la Canon S95 \u00e8 pi\u00f9 piccola, ma non dispone del mirino elettronico opzionale, molto bello, della Panasonic.<br \/>\nProvo anche la bridge FZ100, bella e valida, anche se dopo aver usato tante reflex mi fa un po&#8217; l&#8217;impressione di un giocattolino.<br \/>\nMi mancano solo Sony e Samsung che stanno in un padiglione dell&#8217;altra parte della &#8220;plaza&#8221;, per cui attraversandolo approfitto per prendere un altro po&#8217; di sole (incredibile!). Anche il padiglione Sony \u00e8 magagalattico e ci sono tutte le novit\u00e0. In ordine provo prima le NEX3 e NEX5 che impressionano, specie quest&#8217;ultima, per le loro dimensioni in confronto agli obiettivi. Senza obiettivo sarebbero senz&#8217;altro tascabili, ma anche col fisso da 16 mm credo che sia difficile. Faccio comunque qualche scatto e poi passo al banco delle SLT33 e 55. Qui la prima sorpresa \u00e8 che guardando nel mirino non si capisce immediatamente che \u00e8 elettronico e non ottico. Quello della Olympus \u00e8 ottimo, ma questo \u00e8 ancora meglio. Scatto anche con questa, come al solito foto poco significative e poi passo alle reflez. La A580 \u00e8 bella ed interessante. Anch usata il lve view la sua messa a fuoco \u00e8 velocissima grazie al doppio sensore nel pentaprisma. Scatto alcune foto, ma qualcosa deve essere andato male perch\u00e8 poi non le ritrovo pi\u00f9 sulle schede. Mah, legge di Murphy?<br \/>\nNello stand sony \u00e8 esposto poi un modello di una novit\u00e0 dei prossimi mesi che dovr\u00e0 sostituire la A700, di cui scatto alcune foto.<br \/>\nSamsung ha anche lei uno stand imponente, quasi tutto dedicato alla nuova NX100 con un palcoscenico su cui si alternano modelle (finalmente) e una serie di macchine allineate di fronte. La NX100 \u00e8 carina, un po&#8217; pi\u00f9 grande della Sony NEX5, ma pi\u00f9 in armonia con gli obiettivi. E&#8217; disponibile in vari colori e ne scelgo una bianca. Scatto numerose foto e mi fa un&#8217;ottima impressione, anche se \u00e8 senza il mirino elettronico opzionale. Lo schermo AMOLED infatti \u00e8 ottimo. vedremo la qualit\u00e0 delle foto.<br \/>\nPasso poi allo stand Tokina dove provo l&#8217;interessante 11-16\/2,8 e a quallo Tamron dove prendo solo il catalogo.<br \/>\nDopo essere tornato all&#8217;Hasselblad per la Ferrari e la H4D mi rendo conto che ci sarebbero tantissimi altri stand e cose da vedere. praticamente cisono tutti quelli che producono qualcosa di fotografico. Materialmente per\u00f2 non \u00e8 possibile in un giorno vedere tutto.<br \/>\nDecido cos\u00ec di vedere almeno qualche mostra fotografica e ne trovo due interessanti. il contest Hasselblad e quello Sony, con foto veramente belle.<br \/>\nOrmai \u00e8 quasi ora di chiusura e stanco e carico di depliant decido di riposarmi qualche minuto al bar della &#8220;plaza&#8221;.<br \/>\nUn&#8217;ultima osservazione sul pubblico: a parte gli addetti e i manager degli stand, erano tutti molto interessati e competenti, ma tutti &#8220;di una certa et\u00e0&#8221; e palesemente &#8220;addetti ai lavori&#8221; o fotoamatori competenti. Non c&#8217;erano giovani, soprattutto i ragazzini a caccia di adesivi e di musica, frenati certamente dal prezzo del biglietto. Questo da un lato \u00e8 un vantaggio per la minore ressa, ma dispiace anche perch\u00e8 sarebbe opportuno diffondere la cultura fotografica fra giovani e giovanissimi.<br \/>\nIn conclusione un&#8217;esperienza veramente interessane e piacevole.<br \/>\nora mi aspetta il lavoro per catalogaare ed analizzare tutte le foto fatte che per adesso sono salvate in triplice copia sui miei pc.<\/p>\n","protected":false},"excerpt":{"rendered":"<p>Finalmente il 21 dopo tanta attesa si \u00e8 inaugurata la Photokina 2010, la pi\u00f9 grande e importante fiera della fotografia e dell&#8217;industria delle attrezzature fotografiche che si tiene ogni 2 anni a Colonia. Le novit\u00e0 erano tante, ma quasi tutte presentate in conferenze stampa dedicate qualche giorno prima, tranne qualche eccezione, la pi\u00f9 importante a &hellip; <a href=\"https:\/\/francescophoto.it\/blog\/2010\/09\/25\/report-dalla-photokina\/\" class=\"more-link\">Continua la lettura di <span class=\"screen-reader-text\">Report dalla Photokina<\/span> <span class=\"meta-nav\">&rarr;<\/span><\/a><\/p>\n","protected":false},"author":1,"featured_media":0,"comment_status":"open","ping_status":"open","sticky":false,"template":"","format":"standard","meta":{"_jetpack_memberships_contains_paid_content":false,"footnotes":""},"categories":[11,17,23],"tags":[1004],"class_list":["post-5408","post","type-post","status-publish","format-standard","hentry","category-eventi","category-generale","category-novita","tag-photokina"],"jetpack_featured_media_url":"","jetpack_sharing_enabled":true,"_links":{"self":[{"href":"https:\/\/francescophoto.it\/blog\/wp-json\/wp\/v2\/posts\/5408","targetHints":{"allow":["GET"]}}],"collection":[{"href":"https:\/\/francescophoto.it\/blog\/wp-json\/wp\/v2\/posts"}],"about":[{"href":"https:\/\/francescophoto.it\/blog\/wp-json\/wp\/v2\/types\/post"}],"author":[{"embeddable":true,"href":"https:\/\/francescophoto.it\/blog\/wp-json\/wp\/v2\/users\/1"}],"replies":[{"embeddable":true,"href":"https:\/\/francescophoto.it\/blog\/wp-json\/wp\/v2\/comments?post=5408"}],"version-history":[{"count":0,"href":"https:\/\/francescophoto.it\/blog\/wp-json\/wp\/v2\/posts\/5408\/revisions"}],"wp:attachment":[{"href":"https:\/\/francescophoto.it\/blog\/wp-json\/wp\/v2\/media?parent=5408"}],"wp:term":[{"taxonomy":"category","embeddable":true,"href":"https:\/\/francescophoto.it\/blog\/wp-json\/wp\/v2\/categories?post=5408"},{"taxonomy":"post_tag","embeddable":true,"href":"https:\/\/francescophoto.it\/blog\/wp-json\/wp\/v2\/tags?post=5408"}],"curies":[{"name":"wp","href":"https:\/\/api.w.org\/{rel}","templated":true}]}}