{"id":5402,"date":"2010-09-20T20:55:18","date_gmt":"2010-09-20T19:55:18","guid":{"rendered":"http:\/\/francescophoto.wordpress.com\/?p=5402"},"modified":"2010-09-20T20:55:18","modified_gmt":"2010-09-20T19:55:18","slug":"photokina-2010","status":"publish","type":"post","link":"https:\/\/francescophoto.it\/blog\/2010\/09\/20\/photokina-2010\/","title":{"rendered":"Photokina 2010"},"content":{"rendered":"<p><a href=\"http:\/\/blog.francescophoto.it\/wp-content\/uploads\/2010\/09\/photokina-2010.jpg\"><img loading=\"lazy\" decoding=\"async\" class=\"alignright size-thumbnail wp-image-5403\" title=\"Photokina-2010\" src=\"http:\/\/blog.francescophoto.it\/wp-content\/uploads\/2010\/09\/photokina-2010.jpg?w=96\" alt=\"\" width=\"96\" height=\"96\" \/><\/a>Domani si inaugura a Colonia la Photokina, la pi\u00f9 grande ed importante esposizione di fotografia e materiale fotografico al mondo, che si tiene ogni due anni nella citt\u00e0 tedesca. Tutte le pi\u00f9 importanti industrie e firme che producono materiale fotografico parteciperanno e quindi \u00e8 l&#8217;occasione per verificare lo stato dell&#8217;arte del settore. Le novit\u00e0 saranno numerose: oltre a quelle di cui ho scritto sul blog ce ne sono tante altre, meno clamorose e importanti, di cui, per problemi anche di tempo, non ho fatto cenno, e altre dell&#8217;ulim&#8217;ora potrebbero aggiungergersene.<br \/>\nOltre ai prodotti industriali largo spazio \u00e8 riservato agli eventi culturali, mostre fotografiche ed esibizioni.<!--more--><\/p>\n<p>Quest&#8217;anno ho deciso finalmente di partecipare anche io, come visitatore, a questa importante mostra di cui leggo, su riviste e internet, da tanto tempo.<br \/>\nNon sar\u00f2 l\u00ec il giorno dell&#8217;inaugurazione, ma il giorno successivo, mercoled\u00ec 22. Se qualcuno che legge il mio blog sar\u00e0 presente potrebbe pure capitare di incontrarci. fra italiani ci si riconosce.<br \/>\nSpero di poter provare almeno le novit\u00e0 pi\u00f9 significative e di fare un buon reportage.<br \/>\nMi emoziona un po&#8217; il fatto che ho iniziato due anni fa, proprio in concomitanza con la Photokina 2008, questa avventura del blog che ha raccolto cos\u00ec tanto consenso da parte vostra che continuate a leggermi. Ci\u00f2 mi sar\u00e0 di stimolo per continuare e per fare del mio meglio per migliorare ancora.<\/p>\n","protected":false},"excerpt":{"rendered":"<p>Domani si inaugura a Colonia la Photokina, la pi\u00f9 grande ed importante esposizione di fotografia e materiale fotografico al mondo, che si tiene ogni due anni nella citt\u00e0 tedesca. Tutte le pi\u00f9 importanti industrie e firme che producono materiale fotografico parteciperanno e quindi \u00e8 l&#8217;occasione per verificare lo stato dell&#8217;arte del settore. Le novit\u00e0 saranno &hellip; <a href=\"https:\/\/francescophoto.it\/blog\/2010\/09\/20\/photokina-2010\/\" class=\"more-link\">Continua la lettura di <span class=\"screen-reader-text\">Photokina 2010<\/span> <span class=\"meta-nav\">&rarr;<\/span><\/a><\/p>\n","protected":false},"author":1,"featured_media":0,"comment_status":"open","ping_status":"open","sticky":false,"template":"","format":"standard","meta":{"_jetpack_memberships_contains_paid_content":false,"footnotes":""},"categories":[17],"tags":[1004],"class_list":["post-5402","post","type-post","status-publish","format-standard","hentry","category-generale","tag-photokina"],"jetpack_featured_media_url":"","jetpack_sharing_enabled":true,"_links":{"self":[{"href":"https:\/\/francescophoto.it\/blog\/wp-json\/wp\/v2\/posts\/5402","targetHints":{"allow":["GET"]}}],"collection":[{"href":"https:\/\/francescophoto.it\/blog\/wp-json\/wp\/v2\/posts"}],"about":[{"href":"https:\/\/francescophoto.it\/blog\/wp-json\/wp\/v2\/types\/post"}],"author":[{"embeddable":true,"href":"https:\/\/francescophoto.it\/blog\/wp-json\/wp\/v2\/users\/1"}],"replies":[{"embeddable":true,"href":"https:\/\/francescophoto.it\/blog\/wp-json\/wp\/v2\/comments?post=5402"}],"version-history":[{"count":0,"href":"https:\/\/francescophoto.it\/blog\/wp-json\/wp\/v2\/posts\/5402\/revisions"}],"wp:attachment":[{"href":"https:\/\/francescophoto.it\/blog\/wp-json\/wp\/v2\/media?parent=5402"}],"wp:term":[{"taxonomy":"category","embeddable":true,"href":"https:\/\/francescophoto.it\/blog\/wp-json\/wp\/v2\/categories?post=5402"},{"taxonomy":"post_tag","embeddable":true,"href":"https:\/\/francescophoto.it\/blog\/wp-json\/wp\/v2\/tags?post=5402"}],"curies":[{"name":"wp","href":"https:\/\/api.w.org\/{rel}","templated":true}]}}