{"id":5312,"date":"2010-09-14T21:32:03","date_gmt":"2010-09-14T20:32:03","guid":{"rendered":"http:\/\/francescophoto.wordpress.com\/?p=5312"},"modified":"2010-09-14T21:32:03","modified_gmt":"2010-09-14T20:32:03","slug":"olympus-e5","status":"publish","type":"post","link":"https:\/\/francescophoto.it\/blog\/2010\/09\/14\/olympus-e5\/","title":{"rendered":"Olympus E5"},"content":{"rendered":"<p><a href=\"http:\/\/blog.francescophoto.it\/wp-content\/uploads\/2010\/09\/camera-front-angled.jpg\"><img loading=\"lazy\" decoding=\"async\" class=\"alignright size-thumbnail wp-image-5319\" title=\"camera-front-angled\" src=\"http:\/\/blog.francescophoto.it\/wp-content\/uploads\/2010\/09\/camera-front-angled.jpg?w=90\" alt=\"\" width=\"90\" height=\"96\" srcset=\"https:\/\/francescophoto.it\/blog\/wp-content\/uploads\/2010\/09\/camera-front-angled.jpg 495w, https:\/\/francescophoto.it\/blog\/wp-content\/uploads\/2010\/09\/camera-front-angled-473x500.jpg 473w\" sizes=\"auto, (max-width: 90px) 100vw, 90px\" \/><\/a>La Olympus ha presentato oggi la sua nuva reflex ammiraglia professionale E5 che sostitusce la precedente E3. A tre anni dal lancio della E3 Olympus ha inserito nella E5 gli ultimi ritrovati tecnici presenti gi\u00e0 nelle sue reflex compatte e nelle Pen Micro 4\/3.\u00a0 La nuova reflex mantiene il corpo sigillato contro l&#8217;umidit\u00e0 dell&#8217;E3 e offre un sensore Live MOS da 12 Mpx, uno schermo orientabile da 3&#8242; e 921.000 pixel, live view con AF a rilevamento di contrasto, video HD e tempi di scatto fino a 1\/8000.<!--more--><\/p>\n<p>Le principali caratteristiche della Olympus E5 sono:<\/p>\n<p>&#8211; sensore Live MOS formato 4\/3 (17,3&#215;13 mm) da 12,3 Mpx<br \/>\n&#8211; innesto obiettivi 4\/3 con fattore moltiplicativo 2x<br \/>\n&#8211; elaboratore d&#8217;immagine TruePic V+<br \/>\n&#8211; stabilizzazione d&#8217;immagine sul sensore<br \/>\n&#8211; corpo in lega di magnesio sigillato contro polvere ed umidit\u00e0; otturatore collaudato per 150.000 scatti<br \/>\n&#8211; schermo LCD da 3&#8242; con 921.000 pixel<br \/>\n&#8211; mirino a pentaprisma con copertura del 100 % e ingrandimento 1,15x (reale 0,575x)<br \/>\n&#8211; funzione live view con autofocus a rilevamento di contrasto o di fase e rilevamento dei volti<br \/>\n&#8211; sensibilit\u00e0 da 100 a 6400 Iso<br \/>\n&#8211; tempi di scatto da 60 sec a 1\/8000<br \/>\n&#8211; sistema autofocus con 11 punti AF<br \/>\n&#8211; velocit\u00e0 di raffica di 5 fg\/s per un numero illimitato di jpeg o 16 raw<br \/>\n&#8211; livella elettronica incorporata<br \/>\n&#8211; supporto per flash senza fili<br \/>\n&#8211; disponibilit\u00e0 di 10 Art Filters<br \/>\n&#8211; registrazione video HD a 1280&#215;720 pixel e 30 fg\/s con audio mono o stereo con microfono esterno<br \/>\n&#8211; uscita HDMI<br \/>\n&#8211; doppio allggiamento per schede di memoria: Compact Flash e SD\/SDHC\/SDXC<br \/>\n&#8211; impugnatura portabatterie opzionale per due batterie BLM-5 o dei AA<br \/>\n&#8211; dimensioni 143x117x75 mm<br \/>\n&#8211; peso 813 grammi<\/p>\n<p>Sar\u00e0 disponibile a ottobre ad un prezzo, solo corpo, di circa 1.700 \u20ac.<\/p>\n<p>La nuova E5 \u00e8 una reflex dichiaratamente professionale che quindi si pone in concorrenza con i modelli professionali o semiprofessionali di Canon, Nikon e Sony. In particolare fra le APS la Canon 7D e la Nikon D300s, ma anche le fullframe Canon 5D II, Nikon D700 e Sony A850.<br \/>\nle sue caratteristiche sono notevoli ed interessanti, a partire dal corpo in lega di magnesio e sigillato contro polvere ed acqua. C&#8217;\u00e8 poi lo schermo orientabile in abbinamento al live view e al video, purtoppo solo HD e non Full HD. La velocit\u00e0 di raffica \u00e8 buona, ma non eccezionale in confronto soprattutto a 7D e D300s. Il sistema AF ha per\u00f2 solo 11 punti di rilevamento contro i 19 di 7D e i 51 di D300s e D700. Solo la Canon 5D II ne ha meno, solo 9.<br \/>\nIl corredo di obiettivi \u00e8 numeroso e completo, anche se i migliori e pi\u00f9 professionali sono molto costosi.<br \/>\nIn conclusione una reflex di notevoli qualit\u00e0.<br \/>\nValutandola per\u00f2 viene in mente una considerazione: Olympus con il sistema 4\/3 aveva promesso di costruire reflex pi\u00f9 piccole e compatte della concorrenza ancora legata all&#8217;eredit\u00e0 dei vecchi corredi di obiettivi per pellicola che\u00a0 condizionavano anche le dimensioni delle reflex. In realt\u00e0 se si confrontano le dimensioni ed il peso della E5 con le fulframe concorrenti si vede che sono equivalenti. Lo stesso avviene se si confrontano le dimensioni, pesi e costi degli obiettivi che possono essere considerati equivalenti. Infatti Olympus, per compensare il maggior rumore dei suo sensori (che dipende dalle dimensioni del sensore) e la pi\u00f9 ampia profondit\u00e0 di campo a parit\u00e0 di f\/stop ha dovuto produrre degli zoom f\/2,0 come il 14-35\/2,0 (28-70 equivalente) e il 35-100\/2,0 (70-200 equivalente) che pesano, ingombrano e costano come i 24-70\/2,8 e i 70-200\/2,8 per fullframe. Un leggero vantagggio si ha solo con i telezoom di apertura pi\u00f9 ridotta che per\u00f2 scontano la maggior rumorosit\u00e0 del sensore e la pi\u00f9 ampia profondit\u00e0 di campo che in molti casi pu\u00f2 essere negativa.<br \/>\nA questo punto ci si chiede perch\u00e8 spendere lo stesso e caricarsi dello stesso peso per una reflex che ha un sensore con una superficie un quarto di quella delle fullframe, un sensore intrinsecamente pi\u00f9 rumoroso e un mirino con un ingrandimento nettamente inferiore.<\/p>\n<p><a href=\"http:\/\/blog.francescophoto.it\/wp-content\/uploads\/2010\/09\/olympus_e5_1.jpg\"><img loading=\"lazy\" decoding=\"async\" class=\"alignnone size-large wp-image-5313\" title=\"olympus_e5_1\" src=\"http:\/\/blog.francescophoto.it\/wp-content\/uploads\/2010\/09\/olympus_e5_1.jpg?w=373\" alt=\"\" width=\"373\" height=\"400\" srcset=\"https:\/\/francescophoto.it\/blog\/wp-content\/uploads\/2010\/09\/olympus_e5_1.jpg 746w, https:\/\/francescophoto.it\/blog\/wp-content\/uploads\/2010\/09\/olympus_e5_1-466x500.jpg 466w\" sizes=\"auto, (max-width: 373px) 100vw, 373px\" \/><\/a><\/p>\n<p><a href=\"http:\/\/blog.francescophoto.it\/wp-content\/uploads\/2010\/09\/e-5_1_l.jpg\"><img loading=\"lazy\" decoding=\"async\" class=\"alignnone size-large wp-image-5314\" title=\"E-5_1_L\" src=\"http:\/\/blog.francescophoto.it\/wp-content\/uploads\/2010\/09\/e-5_1_l.jpg?w=500\" alt=\"\" width=\"500\" height=\"400\" srcset=\"https:\/\/francescophoto.it\/blog\/wp-content\/uploads\/2010\/09\/e-5_1_l.jpg 958w, https:\/\/francescophoto.it\/blog\/wp-content\/uploads\/2010\/09\/e-5_1_l-500x401.jpg 500w, https:\/\/francescophoto.it\/blog\/wp-content\/uploads\/2010\/09\/e-5_1_l-768x616.jpg 768w\" sizes=\"auto, (max-width: 500px) 100vw, 500px\" \/><\/a><\/p>\n<p><a href=\"http:\/\/blog.francescophoto.it\/wp-content\/uploads\/2010\/09\/e-5_2_l.jpg\"><img loading=\"lazy\" decoding=\"async\" class=\"alignnone size-large wp-image-5315\" title=\"E-5_2_L\" src=\"http:\/\/blog.francescophoto.it\/wp-content\/uploads\/2010\/09\/e-5_2_l.jpg?w=489\" alt=\"\" width=\"489\" height=\"400\" srcset=\"https:\/\/francescophoto.it\/blog\/wp-content\/uploads\/2010\/09\/e-5_2_l.jpg 940w, https:\/\/francescophoto.it\/blog\/wp-content\/uploads\/2010\/09\/e-5_2_l-500x409.jpg 500w, https:\/\/francescophoto.it\/blog\/wp-content\/uploads\/2010\/09\/e-5_2_l-768x627.jpg 768w\" sizes=\"auto, (max-width: 489px) 100vw, 489px\" \/><\/a><\/p>\n<p><a href=\"http:\/\/blog.francescophoto.it\/wp-content\/uploads\/2010\/09\/e-5_3_l.jpg\"><img loading=\"lazy\" decoding=\"async\" class=\"alignnone size-large wp-image-5316\" title=\"E-5_3_L\" src=\"http:\/\/blog.francescophoto.it\/wp-content\/uploads\/2010\/09\/e-5_3_l.jpg?w=500\" alt=\"\" width=\"500\" height=\"326\" srcset=\"https:\/\/francescophoto.it\/blog\/wp-content\/uploads\/2010\/09\/e-5_3_l.jpg 1024w, https:\/\/francescophoto.it\/blog\/wp-content\/uploads\/2010\/09\/e-5_3_l-500x326.jpg 500w, https:\/\/francescophoto.it\/blog\/wp-content\/uploads\/2010\/09\/e-5_3_l-768x501.jpg 768w\" sizes=\"auto, (max-width: 500px) 100vw, 500px\" \/><\/a><\/p>\n<p><a href=\"http:\/\/blog.francescophoto.it\/wp-content\/uploads\/2010\/09\/olympus_e5_2.jpg\"><img loading=\"lazy\" decoding=\"async\" class=\"alignnone size-large wp-image-5317\" title=\"olympus_e5_2\" src=\"http:\/\/blog.francescophoto.it\/wp-content\/uploads\/2010\/09\/olympus_e5_2.jpg?w=500\" alt=\"\" width=\"500\" height=\"260\" srcset=\"https:\/\/francescophoto.it\/blog\/wp-content\/uploads\/2010\/09\/olympus_e5_2.jpg 800w, https:\/\/francescophoto.it\/blog\/wp-content\/uploads\/2010\/09\/olympus_e5_2-500x261.jpg 500w, https:\/\/francescophoto.it\/blog\/wp-content\/uploads\/2010\/09\/olympus_e5_2-768x400.jpg 768w\" sizes=\"auto, (max-width: 500px) 100vw, 500px\" \/><\/a><\/p>\n<p><a href=\"http:\/\/blog.francescophoto.it\/wp-content\/uploads\/2010\/09\/olympus_e5_4.jpg\"><img loading=\"lazy\" decoding=\"async\" class=\"alignnone size-large wp-image-5318\" title=\"olympus_e5_4\" src=\"http:\/\/blog.francescophoto.it\/wp-content\/uploads\/2010\/09\/olympus_e5_4.jpg?w=500\" alt=\"\" width=\"500\" height=\"323\" \/><\/a><\/p>\n","protected":false},"excerpt":{"rendered":"<p>La Olympus ha presentato oggi la sua nuva reflex ammiraglia professionale E5 che sostitusce la precedente E3. A tre anni dal lancio della E3 Olympus ha inserito nella E5 gli ultimi ritrovati tecnici presenti gi\u00e0 nelle sue reflex compatte e nelle Pen Micro 4\/3.\u00a0 La nuova reflex mantiene il corpo sigillato contro l&#8217;umidit\u00e0 dell&#8217;E3 e &hellip; <a href=\"https:\/\/francescophoto.it\/blog\/2010\/09\/14\/olympus-e5\/\" class=\"more-link\">Continua la lettura di <span class=\"screen-reader-text\">Olympus E5<\/span> <span class=\"meta-nav\">&rarr;<\/span><\/a><\/p>\n","protected":false},"author":1,"featured_media":0,"comment_status":"open","ping_status":"open","sticky":false,"template":"","format":"standard","meta":{"_jetpack_memberships_contains_paid_content":false,"footnotes":""},"categories":[43,10,15,23],"tags":[126,462,943],"class_list":["post-5312","post","type-post","status-publish","format-standard","hentry","category-43","category-dslr","category-four-thirds","category-novita","tag-4-3","tag-e5","tag-olympus"],"jetpack_featured_media_url":"","jetpack_sharing_enabled":true,"_links":{"self":[{"href":"https:\/\/francescophoto.it\/blog\/wp-json\/wp\/v2\/posts\/5312","targetHints":{"allow":["GET"]}}],"collection":[{"href":"https:\/\/francescophoto.it\/blog\/wp-json\/wp\/v2\/posts"}],"about":[{"href":"https:\/\/francescophoto.it\/blog\/wp-json\/wp\/v2\/types\/post"}],"author":[{"embeddable":true,"href":"https:\/\/francescophoto.it\/blog\/wp-json\/wp\/v2\/users\/1"}],"replies":[{"embeddable":true,"href":"https:\/\/francescophoto.it\/blog\/wp-json\/wp\/v2\/comments?post=5312"}],"version-history":[{"count":0,"href":"https:\/\/francescophoto.it\/blog\/wp-json\/wp\/v2\/posts\/5312\/revisions"}],"wp:attachment":[{"href":"https:\/\/francescophoto.it\/blog\/wp-json\/wp\/v2\/media?parent=5312"}],"wp:term":[{"taxonomy":"category","embeddable":true,"href":"https:\/\/francescophoto.it\/blog\/wp-json\/wp\/v2\/categories?post=5312"},{"taxonomy":"post_tag","embeddable":true,"href":"https:\/\/francescophoto.it\/blog\/wp-json\/wp\/v2\/tags?post=5312"}],"curies":[{"name":"wp","href":"https:\/\/api.w.org\/{rel}","templated":true}]}}