{"id":5284,"date":"2010-09-10T23:54:51","date_gmt":"2010-09-10T22:54:51","guid":{"rendered":"http:\/\/francescophoto.wordpress.com\/?p=5284"},"modified":"2010-09-10T23:54:51","modified_gmt":"2010-09-10T22:54:51","slug":"regate-veliche-estive","status":"publish","type":"post","link":"https:\/\/francescophoto.it\/blog\/2010\/09\/10\/regate-veliche-estive\/","title":{"rendered":"Regate veliche estive"},"content":{"rendered":"<p><a href=\"http:\/\/blog.francescophoto.it\/wp-content\/uploads\/2010\/09\/dsc_1950.jpg\"><img loading=\"lazy\" decoding=\"async\" class=\"alignright size-thumbnail wp-image-5286\" title=\"DSC_1950\" src=\"http:\/\/blog.francescophoto.it\/wp-content\/uploads\/2010\/09\/dsc_1950.jpg?w=128\" alt=\"\" width=\"128\" height=\"85\" \/><\/a>Durante le vacanze estive ho avuto modo di assistere, e qualche volta di partecipare, alle regate del campionato estivo velico di San felice Circeo, localit\u00e0 di villeggiatura nel sud del Lazio. L&#8217;occasione era interessante per scattare qualche foto. Cos\u00ec ho portato sulle spiagge da cui partivano le regate Nikon ed obiettivi e ho cercato di fare qualche buono scatto, rendendo per quanto possibile l&#8217;atmosfera di festa e divertimento che si respira in queste manifestazioni frequentate non da professionisti della vela, ma da semplici amatori e da molti giovani. Sono state comunque riprese fatte senza particolare impegno mentre aiutavo i miei figli ad armare le barche e salutavo i tanti amici che ho nell&#8217;ambiente, ma visto che ne sono scaturite alcune foto piacevoli ho pensato di pubblicarle.<!--more--><\/p>\n<p>Come per tutte le riprese di manifestazioni sportive \u00e8 importante, per fare buone foto, conoscere lo sport che si vuole riprendere e le sue regole, in modo da fotografare e mettere in evidenza le fasi pi\u00f9 interessanti della competizione. Per fortuna ho partecipato per anni a regate veliche, sia con derive, sia con barche d&#8217;altura, quindi conosco abbastanza bene le loro regole e lo svolgimento di una regata.<br \/>\nPer fotografare le regate veliche l&#8217;ideale sarebbe farlo da una barca che segua per quanto possibile i partecipanti. In questo modo sarebbe possibile riprenderli nei momenti pi\u00f9 importanti, la prepartenza e la partenza, il passaggio alle boe e l&#8217;arrivo. Oltre a questi aspetti \u00e8 molto interessante fotografare l&#8217;armamento e la preparazione delle barche a terra, il loro ritorno e le operazioni per disarmarle.<br \/>\nSfortunatamente nel mio caso non avevo disponibile una barca che mi portasse vicino al campo di regata e quindi ho dovuto fotografare le fasi della regata dalla spiaggia. In questo caso sarebbe ideale un lungo telezoom con focale massima di 500 mm (750 su APS) appoggiandosi eventualmente ad un monopiede che consente stabilit\u00e0, eliminando lo sforzo del peso della reflex e dell&#8217;ottica e consentendo una sufficiente mobilit\u00e0. Per le foto sulla spiaggia invece va benissimo uno zoom universale con una focale minima di 17 o 18 mm come tutti quelli in dotazione alle reflex APS.<br \/>\nIo ho usato Nikon il 18-200 VR e il 70-300 VR che per le riprese delle boe pi\u00f9 al largo purtroppo si \u00e8 rivelato un po&#8217; corto equivalendo su APS ad un 450 mm. Come sensibilit\u00e0 per le foto in spiaggia ho usato 100 Iso, vista la luminosit\u00e0 dell&#8217;ambiente, mentre per quelle con il tele ho impostato sensibilit\u00e0 da 200 a 320 Iso per avere sempre un tempo di scatto pi\u00f9 breve possibile. E&#8217; sempre una buona precauzione con i lunghi tele, anche se stabilizzati, usati a mano libera.<\/p>\n<p><a href=\"http:\/\/blog.francescophoto.it\/wp-content\/uploads\/2010\/09\/dsc_1059.jpg\"><img loading=\"lazy\" decoding=\"async\" class=\"alignright size-medium wp-image-5287\" title=\"DSC_1059\" src=\"http:\/\/blog.francescophoto.it\/wp-content\/uploads\/2010\/09\/dsc_1059.jpg?w=300\" alt=\"\" width=\"300\" height=\"200\" srcset=\"https:\/\/francescophoto.it\/blog\/wp-content\/uploads\/2010\/09\/dsc_1059.jpg 1600w, https:\/\/francescophoto.it\/blog\/wp-content\/uploads\/2010\/09\/dsc_1059-500x335.jpg 500w, https:\/\/francescophoto.it\/blog\/wp-content\/uploads\/2010\/09\/dsc_1059-768x514.jpg 768w, https:\/\/francescophoto.it\/blog\/wp-content\/uploads\/2010\/09\/dsc_1059-1536x1028.jpg 1536w\" sizes=\"auto, (max-width: 300px) 100vw, 300px\" \/><\/a>Sono comunque riuscito ad ottenere delle foto interessanti soprattutto nella regata in cui, per la direzione del vento la boa di bolina era vicina a terra.<\/p>\n<p>Nelle foto a terra ho messo in evidenza l&#8217;affollarsi delle vele bianche sulla spiaggia, contro lo sfondo del cielo e alcune fasi della preparazione delle barche da parte dei <a href=\"http:\/\/blog.francescophoto.it\/wp-content\/uploads\/2010\/09\/dsc_1932r.jpg\"><img loading=\"lazy\" decoding=\"async\" class=\"alignright size-medium wp-image-5288\" title=\"DSC_1932r\" src=\"http:\/\/blog.francescophoto.it\/wp-content\/uploads\/2010\/09\/dsc_1932r.jpg?w=300\" alt=\"\" width=\"300\" height=\"200\" srcset=\"https:\/\/francescophoto.it\/blog\/wp-content\/uploads\/2010\/09\/dsc_1932r.jpg 1600w, https:\/\/francescophoto.it\/blog\/wp-content\/uploads\/2010\/09\/dsc_1932r-500x335.jpg 500w, https:\/\/francescophoto.it\/blog\/wp-content\/uploads\/2010\/09\/dsc_1932r-768x514.jpg 768w, https:\/\/francescophoto.it\/blog\/wp-content\/uploads\/2010\/09\/dsc_1932r-1536x1028.jpg 1536w\" sizes=\"auto, (max-width: 300px) 100vw, 300px\" \/><\/a>&#8220;ragazzi&#8221;, giovani o meno, che partecipavano con entusiasmo.<\/p>\n<p><a href=\"http:\/\/blog.francescophoto.it\/wp-content\/uploads\/2010\/09\/dsc_1944.jpg\"><img loading=\"lazy\" decoding=\"async\" class=\"alignleft size-medium wp-image-5292\" title=\"DSC_1944\" src=\"http:\/\/blog.francescophoto.it\/wp-content\/uploads\/2010\/09\/dsc_1944.jpg?w=300\" alt=\"\" width=\"300\" height=\"200\" srcset=\"https:\/\/francescophoto.it\/blog\/wp-content\/uploads\/2010\/09\/dsc_1944.jpg 1600w, https:\/\/francescophoto.it\/blog\/wp-content\/uploads\/2010\/09\/dsc_1944-500x335.jpg 500w, https:\/\/francescophoto.it\/blog\/wp-content\/uploads\/2010\/09\/dsc_1944-768x514.jpg 768w, https:\/\/francescophoto.it\/blog\/wp-content\/uploads\/2010\/09\/dsc_1944-1536x1028.jpg 1536w\" sizes=\"auto, (max-width: 300px) 100vw, 300px\" \/><\/a>Ho ripreso anche situazioni di attesa e meditazione e qualche partecipante pi\u00f9 scanzonato e divertente.<\/p>\n<p><a href=\"http:\/\/blog.francescophoto.it\/wp-content\/uploads\/2010\/09\/dsc_1947.jpg\"><img loading=\"lazy\" decoding=\"async\" class=\"alignleft size-medium wp-image-5300\" title=\"DSC_1947\" src=\"http:\/\/blog.francescophoto.it\/wp-content\/uploads\/2010\/09\/dsc_1947.jpg?w=300\" alt=\"\" width=\"300\" height=\"200\" srcset=\"https:\/\/francescophoto.it\/blog\/wp-content\/uploads\/2010\/09\/dsc_1947.jpg 1600w, https:\/\/francescophoto.it\/blog\/wp-content\/uploads\/2010\/09\/dsc_1947-500x335.jpg 500w, https:\/\/francescophoto.it\/blog\/wp-content\/uploads\/2010\/09\/dsc_1947-768x514.jpg 768w, https:\/\/francescophoto.it\/blog\/wp-content\/uploads\/2010\/09\/dsc_1947-1536x1028.jpg 1536w\" sizes=\"auto, (max-width: 300px) 100vw, 300px\" \/><\/a><\/p>\n<p><a href=\"http:\/\/blog.francescophoto.it\/wp-content\/uploads\/2010\/09\/dsc_1976.jpg\"><img loading=\"lazy\" decoding=\"async\" class=\"alignleft size-medium wp-image-5291\" title=\"DSC_1976\" src=\"http:\/\/blog.francescophoto.it\/wp-content\/uploads\/2010\/09\/dsc_1976.jpg?w=300\" alt=\"\" width=\"300\" height=\"200\" srcset=\"https:\/\/francescophoto.it\/blog\/wp-content\/uploads\/2010\/09\/dsc_1976.jpg 1600w, https:\/\/francescophoto.it\/blog\/wp-content\/uploads\/2010\/09\/dsc_1976-500x335.jpg 500w, https:\/\/francescophoto.it\/blog\/wp-content\/uploads\/2010\/09\/dsc_1976-768x514.jpg 768w, https:\/\/francescophoto.it\/blog\/wp-content\/uploads\/2010\/09\/dsc_1976-1536x1028.jpg 1536w\" sizes=\"auto, (max-width: 300px) 100vw, 300px\" \/><\/a><\/p>\n<p>Interessanti poi sono le fasi della discesa in mare e dell&#8217;avviarsi delle barche verso la partenza.<\/p>\n<p><a href=\"http:\/\/blog.francescophoto.it\/wp-content\/uploads\/2010\/09\/dsc_1686r.jpg\"><img loading=\"lazy\" decoding=\"async\" class=\"alignleft size-medium wp-image-5293\" title=\"DSC_1686r\" src=\"http:\/\/blog.francescophoto.it\/wp-content\/uploads\/2010\/09\/dsc_1686r.jpg?w=300\" alt=\"\" width=\"300\" height=\"200\" srcset=\"https:\/\/francescophoto.it\/blog\/wp-content\/uploads\/2010\/09\/dsc_1686r.jpg 1600w, https:\/\/francescophoto.it\/blog\/wp-content\/uploads\/2010\/09\/dsc_1686r-500x335.jpg 500w, https:\/\/francescophoto.it\/blog\/wp-content\/uploads\/2010\/09\/dsc_1686r-768x514.jpg 768w, https:\/\/francescophoto.it\/blog\/wp-content\/uploads\/2010\/09\/dsc_1686r-1536x1028.jpg 1536w\" sizes=\"auto, (max-width: 300px) 100vw, 300px\" \/><\/a><\/p>\n<p>Sono riuscito anche a fare qualche ripresa delle fasi concitate di partenza, con tutte le barche che si affollano verso la linea e di quando\u00a0si approssimano alle boe.<\/p>\n<p><a href=\"http:\/\/blog.francescophoto.it\/wp-content\/uploads\/2010\/09\/dsc_1104r.jpg\"><img loading=\"lazy\" decoding=\"async\" class=\"alignright size-medium wp-image-5294\" title=\"DSC_1104r\" src=\"http:\/\/blog.francescophoto.it\/wp-content\/uploads\/2010\/09\/dsc_1104r.jpg?w=300\" alt=\"\" width=\"300\" height=\"200\" srcset=\"https:\/\/francescophoto.it\/blog\/wp-content\/uploads\/2010\/09\/dsc_1104r.jpg 1600w, https:\/\/francescophoto.it\/blog\/wp-content\/uploads\/2010\/09\/dsc_1104r-500x335.jpg 500w, https:\/\/francescophoto.it\/blog\/wp-content\/uploads\/2010\/09\/dsc_1104r-768x514.jpg 768w, https:\/\/francescophoto.it\/blog\/wp-content\/uploads\/2010\/09\/dsc_1104r-1536x1028.jpg 1536w\" sizes=\"auto, (max-width: 300px) 100vw, 300px\" \/><\/a>Poich\u00e8 c&#8217;era molto vento non sono mancate alcune &#8220;scuffie&#8221; e incidenti.<\/p>\n<p><a href=\"http:\/\/blog.francescophoto.it\/wp-content\/uploads\/2010\/09\/dsc_1821.jpg\"><img loading=\"lazy\" decoding=\"async\" class=\"alignright size-medium wp-image-5301\" title=\"DSC_1821\" src=\"http:\/\/blog.francescophoto.it\/wp-content\/uploads\/2010\/09\/dsc_1821.jpg?w=300\" alt=\"\" width=\"300\" height=\"200\" srcset=\"https:\/\/francescophoto.it\/blog\/wp-content\/uploads\/2010\/09\/dsc_1821.jpg 1600w, https:\/\/francescophoto.it\/blog\/wp-content\/uploads\/2010\/09\/dsc_1821-500x335.jpg 500w, https:\/\/francescophoto.it\/blog\/wp-content\/uploads\/2010\/09\/dsc_1821-768x514.jpg 768w, https:\/\/francescophoto.it\/blog\/wp-content\/uploads\/2010\/09\/dsc_1821-1536x1028.jpg 1536w\" sizes=\"auto, (max-width: 300px) 100vw, 300px\" \/><\/a><\/p>\n<p><a href=\"http:\/\/blog.francescophoto.it\/wp-content\/uploads\/2010\/09\/dsc_1266.jpg\"><img loading=\"lazy\" decoding=\"async\" class=\"alignleft size-medium wp-image-5295\" title=\"DSC_1266\" src=\"http:\/\/blog.francescophoto.it\/wp-content\/uploads\/2010\/09\/dsc_1266.jpg?w=300\" alt=\"\" width=\"300\" height=\"200\" srcset=\"https:\/\/francescophoto.it\/blog\/wp-content\/uploads\/2010\/09\/dsc_1266.jpg 1600w, https:\/\/francescophoto.it\/blog\/wp-content\/uploads\/2010\/09\/dsc_1266-500x335.jpg 500w, https:\/\/francescophoto.it\/blog\/wp-content\/uploads\/2010\/09\/dsc_1266-768x514.jpg 768w, https:\/\/francescophoto.it\/blog\/wp-content\/uploads\/2010\/09\/dsc_1266-1536x1028.jpg 1536w\" sizes=\"auto, (max-width: 300px) 100vw, 300px\" \/><\/a>Infine ho ripreso i concorrenti, per quanto possibile, in momenti acrobatici del controllo della barca, &#8220;al trapezio&#8221; o &#8220;alle cinghie&#8221; per tenerla dritta.<\/p>\n<p><a href=\"http:\/\/blog.francescophoto.it\/wp-content\/uploads\/2010\/09\/dsc_1390.jpg\"><img loading=\"lazy\" decoding=\"async\" class=\"alignleft size-medium wp-image-5296\" title=\"DSC_1390\" src=\"http:\/\/blog.francescophoto.it\/wp-content\/uploads\/2010\/09\/dsc_1390.jpg?w=300\" alt=\"\" width=\"300\" height=\"200\" srcset=\"https:\/\/francescophoto.it\/blog\/wp-content\/uploads\/2010\/09\/dsc_1390.jpg 1600w, https:\/\/francescophoto.it\/blog\/wp-content\/uploads\/2010\/09\/dsc_1390-500x335.jpg 500w, https:\/\/francescophoto.it\/blog\/wp-content\/uploads\/2010\/09\/dsc_1390-768x514.jpg 768w, https:\/\/francescophoto.it\/blog\/wp-content\/uploads\/2010\/09\/dsc_1390-1536x1028.jpg 1536w\" sizes=\"auto, (max-width: 300px) 100vw, 300px\" \/><\/a><\/p>\n<p><a href=\"http:\/\/blog.francescophoto.it\/wp-content\/uploads\/2010\/09\/dsc_2003.jpg\"><img loading=\"lazy\" decoding=\"async\" class=\"alignright size-medium wp-image-5297\" title=\"DSC_2003\" src=\"http:\/\/blog.francescophoto.it\/wp-content\/uploads\/2010\/09\/dsc_2003.jpg?w=300\" alt=\"\" width=\"300\" height=\"200\" srcset=\"https:\/\/francescophoto.it\/blog\/wp-content\/uploads\/2010\/09\/dsc_2003.jpg 1600w, https:\/\/francescophoto.it\/blog\/wp-content\/uploads\/2010\/09\/dsc_2003-500x335.jpg 500w, https:\/\/francescophoto.it\/blog\/wp-content\/uploads\/2010\/09\/dsc_2003-768x514.jpg 768w, https:\/\/francescophoto.it\/blog\/wp-content\/uploads\/2010\/09\/dsc_2003-1536x1028.jpg 1536w\" sizes=\"auto, (max-width: 300px) 100vw, 300px\" \/><\/a>Interessanti anche le fasi del rientro e del disarmo.<\/p>\n<p><a href=\"http:\/\/blog.francescophoto.it\/wp-content\/uploads\/2010\/09\/dsc_2084.jpg\"><img loading=\"lazy\" decoding=\"async\" class=\"alignright size-medium wp-image-5298\" title=\"DSC_2084\" src=\"http:\/\/blog.francescophoto.it\/wp-content\/uploads\/2010\/09\/dsc_2084.jpg?w=300\" alt=\"\" width=\"300\" height=\"200\" srcset=\"https:\/\/francescophoto.it\/blog\/wp-content\/uploads\/2010\/09\/dsc_2084.jpg 1600w, https:\/\/francescophoto.it\/blog\/wp-content\/uploads\/2010\/09\/dsc_2084-500x335.jpg 500w, https:\/\/francescophoto.it\/blog\/wp-content\/uploads\/2010\/09\/dsc_2084-768x514.jpg 768w, https:\/\/francescophoto.it\/blog\/wp-content\/uploads\/2010\/09\/dsc_2084-1536x1028.jpg 1536w\" sizes=\"auto, (max-width: 300px) 100vw, 300px\" \/><\/a><\/p>\n<p><a href=\"http:\/\/blog.francescophoto.it\/wp-content\/uploads\/2010\/09\/dsc_2179.jpg\"><img loading=\"lazy\" decoding=\"async\" class=\"alignleft size-medium wp-image-5299\" title=\"DSC_2179\" src=\"http:\/\/blog.francescophoto.it\/wp-content\/uploads\/2010\/09\/dsc_2179.jpg?w=300\" alt=\"\" width=\"300\" height=\"200\" srcset=\"https:\/\/francescophoto.it\/blog\/wp-content\/uploads\/2010\/09\/dsc_2179.jpg 1600w, https:\/\/francescophoto.it\/blog\/wp-content\/uploads\/2010\/09\/dsc_2179-500x335.jpg 500w, https:\/\/francescophoto.it\/blog\/wp-content\/uploads\/2010\/09\/dsc_2179-768x514.jpg 768w, https:\/\/francescophoto.it\/blog\/wp-content\/uploads\/2010\/09\/dsc_2179-1536x1028.jpg 1536w\" sizes=\"auto, (max-width: 300px) 100vw, 300px\" \/><\/a><\/p>\n<p>In conclusione un&#8217;occasione per divertirsi e contemporaneamente scattare qualche foto.<br \/>\nLe foto che ho selezionato, circa 70 su un totale di oltre 800 sono nella galleria all&#8217;indirizzo <a href=\"http:\/\/francescophoto.fotopic.net\/\">francescophoto.fotopic.net<\/a><\/p>\n","protected":false},"excerpt":{"rendered":"<p>Durante le vacanze estive ho avuto modo di assistere, e qualche volta di partecipare, alle regate del campionato estivo velico di San felice Circeo, localit\u00e0 di villeggiatura nel sud del Lazio. L&#8217;occasione era interessante per scattare qualche foto. Cos\u00ec ho portato sulle spiagge da cui partivano le regate Nikon ed obiettivi e ho cercato di &hellip; <a href=\"https:\/\/francescophoto.it\/blog\/2010\/09\/10\/regate-veliche-estive\/\" class=\"more-link\">Continua la lettura di <span class=\"screen-reader-text\">Regate veliche estive<\/span> <span class=\"meta-nav\">&rarr;<\/span><\/a><\/p>\n","protected":false},"author":1,"featured_media":0,"comment_status":"open","ping_status":"open","sticky":false,"template":"","format":"standard","meta":{"_jetpack_memberships_contains_paid_content":false,"footnotes":""},"categories":[25,29],"tags":[1054,1267],"class_list":["post-5284","post","type-post","status-publish","format-standard","hentry","category-ripresa","category-sport","tag-regate","tag-vela"],"jetpack_featured_media_url":"","jetpack_sharing_enabled":true,"_links":{"self":[{"href":"https:\/\/francescophoto.it\/blog\/wp-json\/wp\/v2\/posts\/5284","targetHints":{"allow":["GET"]}}],"collection":[{"href":"https:\/\/francescophoto.it\/blog\/wp-json\/wp\/v2\/posts"}],"about":[{"href":"https:\/\/francescophoto.it\/blog\/wp-json\/wp\/v2\/types\/post"}],"author":[{"embeddable":true,"href":"https:\/\/francescophoto.it\/blog\/wp-json\/wp\/v2\/users\/1"}],"replies":[{"embeddable":true,"href":"https:\/\/francescophoto.it\/blog\/wp-json\/wp\/v2\/comments?post=5284"}],"version-history":[{"count":0,"href":"https:\/\/francescophoto.it\/blog\/wp-json\/wp\/v2\/posts\/5284\/revisions"}],"wp:attachment":[{"href":"https:\/\/francescophoto.it\/blog\/wp-json\/wp\/v2\/media?parent=5284"}],"wp:term":[{"taxonomy":"category","embeddable":true,"href":"https:\/\/francescophoto.it\/blog\/wp-json\/wp\/v2\/categories?post=5284"},{"taxonomy":"post_tag","embeddable":true,"href":"https:\/\/francescophoto.it\/blog\/wp-json\/wp\/v2\/tags?post=5284"}],"curies":[{"name":"wp","href":"https:\/\/api.w.org\/{rel}","templated":true}]}}