{"id":5188,"date":"2010-08-22T22:35:31","date_gmt":"2010-08-22T21:35:31","guid":{"rendered":"http:\/\/francescophoto.wordpress.com\/?p=5188"},"modified":"2010-08-22T22:35:31","modified_gmt":"2010-08-22T21:35:31","slug":"canon-powershot-s95","status":"publish","type":"post","link":"https:\/\/francescophoto.it\/blog\/2010\/08\/22\/canon-powershot-s95\/","title":{"rendered":"Canon PowerShot S95"},"content":{"rendered":"<p><a href=\"http:\/\/blog.francescophoto.it\/wp-content\/uploads\/2010\/08\/powershot_s95_1_l.jpg\"><img loading=\"lazy\" decoding=\"async\" class=\"alignright size-thumbnail wp-image-5189\" title=\"POWERSHOT_S95_1_L\" src=\"http:\/\/blog.francescophoto.it\/wp-content\/uploads\/2010\/08\/powershot_s95_1_l.jpg?w=128\" alt=\"\" width=\"128\" height=\"86\" srcset=\"https:\/\/francescophoto.it\/blog\/wp-content\/uploads\/2010\/08\/powershot_s95_1_l.jpg 1024w, https:\/\/francescophoto.it\/blog\/wp-content\/uploads\/2010\/08\/powershot_s95_1_l-500x339.jpg 500w, https:\/\/francescophoto.it\/blog\/wp-content\/uploads\/2010\/08\/powershot_s95_1_l-768x521.jpg 768w\" sizes=\"auto, (max-width: 128px) 100vw, 128px\" \/><\/a>Canon ha annunciato qualche giorno fa alcune nuove compatte fra cui la pi\u00f9 interessante \u00e8 la S95. Questa nuova compatta di classe eredita le caratteristiche della precedente S90 aggiungendo un nuovo sensore migliorato con la capacit\u00e0 di riprendere video HD 720p, il sistema di stabilizzazione &#8220;Hybrid IS&#8221; capace di stabilizzare tutti i tipi di movimento, la capacit\u00e0 di scattare in pi\u00f9 formati ed il supporto delle schede SDXC.<!--more--><\/p>\n<p>Le caratteristiche principali della Canon S95 sono.<\/p>\n<p>&#8211; sensore CCD da 10 Mpx<br \/>\n&#8211; obiettivo zoom 3,8x f\/2,0-4,9 equivalente ad un 28-105 mm<br \/>\n&#8211; nuovo sistema di stabilizzazione &#8220;hybrid IS&#8221; capace di compensare anche i movimenti angolari<br \/>\n&#8211; schermo LCD da 3&#8242; con 461.000 pixel<br \/>\n&#8211; corpo ultracompatto<br \/>\n&#8211; modalit\u00e0 di esposizione &#8220;Smart Auto Mode&#8221; pi\u00f9 totale controllo manuale<br \/>\n&#8211; disponibilit\u00e0 di modalit\u00e0 scene e di riconoscimento dei volti<br \/>\n&#8211; messa a fuoco automatica e manuale<br \/>\n&#8211; sensibilit\u00e0 da 80 a 3200 Iso<br \/>\n&#8211; salva le foto anche in formato raw<br \/>\n&#8211; anello di controllo attorno all&#8217;obiettivo con la possibilt\u00e0 di personalizzarne le funzioni<br \/>\n&#8211; nuova funzione HDR per fondere tre foto in una con dinamica estesa<br \/>\n&#8211; registrazione video HD a 1280&#215;720 pixel 24 fg\/s con suono stereo e codec H.264<br \/>\n&#8211; usa schede SD\/SDHC\/SDXC- batteria agli ioni di litio NB-6L per 200 scatti per carica<br \/>\n&#8211; uscita HDMI<br \/>\n&#8211; dimensioni 100x58x30 mm<br \/>\n&#8211; peso 193 grammi<\/p>\n<p>Dovrebbe essere disponibile a fine mese al prezzo in USA di 399 $.<\/p>\n<p>La S90 era una delle compatte pi\u00f9 interessanti per la qualit\u00e0 e la possibilit\u00e0 di regolazione manuale. La S95 migliora queste caratteristiche aggiungendo il video HD e si candida quindi ad essere una delle compatte da scegliere, insieme alla Panasonic LX5 e ad altre future novit\u00e0 in arrivo da parte di Nikon, canon e altri, per chi vuole una seconda macchina compatta in aggiunta alla reflex.<\/p>\n<p><a href=\"http:\/\/blog.francescophoto.it\/wp-content\/uploads\/2010\/08\/powershot_s95_1_l.jpg\"><img loading=\"lazy\" decoding=\"async\" class=\"alignnone size-large wp-image-5189\" title=\"POWERSHOT_S95_1_L\" src=\"http:\/\/blog.francescophoto.it\/wp-content\/uploads\/2010\/08\/powershot_s95_1_l.jpg?w=500\" alt=\"\" width=\"500\" height=\"339\" srcset=\"https:\/\/francescophoto.it\/blog\/wp-content\/uploads\/2010\/08\/powershot_s95_1_l.jpg 1024w, https:\/\/francescophoto.it\/blog\/wp-content\/uploads\/2010\/08\/powershot_s95_1_l-500x339.jpg 500w, https:\/\/francescophoto.it\/blog\/wp-content\/uploads\/2010\/08\/powershot_s95_1_l-768x521.jpg 768w\" sizes=\"auto, (max-width: 500px) 100vw, 500px\" \/><\/a><\/p>\n<p><a href=\"http:\/\/blog.francescophoto.it\/wp-content\/uploads\/2010\/08\/20100819_hires_s95_back.jpg\"><img loading=\"lazy\" decoding=\"async\" class=\"alignnone size-large wp-image-5190\" title=\"20100819_hiRes_s95_back\" src=\"http:\/\/blog.francescophoto.it\/wp-content\/uploads\/2010\/08\/20100819_hires_s95_back.jpg?w=500\" alt=\"\" width=\"500\" height=\"310\" srcset=\"https:\/\/francescophoto.it\/blog\/wp-content\/uploads\/2010\/08\/20100819_hires_s95_back.jpg 640w, https:\/\/francescophoto.it\/blog\/wp-content\/uploads\/2010\/08\/20100819_hires_s95_back-500x310.jpg 500w\" sizes=\"auto, (max-width: 500px) 100vw, 500px\" \/><\/a><\/p>\n","protected":false},"excerpt":{"rendered":"<p>Canon ha annunciato qualche giorno fa alcune nuove compatte fra cui la pi\u00f9 interessante \u00e8 la S95. Questa nuova compatta di classe eredita le caratteristiche della precedente S90 aggiungendo un nuovo sensore migliorato con la capacit\u00e0 di riprendere video HD 720p, il sistema di stabilizzazione &#8220;Hybrid IS&#8221; capace di stabilizzare tutti i tipi di movimento, &hellip; <a href=\"https:\/\/francescophoto.it\/blog\/2010\/08\/22\/canon-powershot-s95\/\" class=\"more-link\">Continua la lettura di <span class=\"screen-reader-text\">Canon PowerShot S95<\/span> <span class=\"meta-nav\">&rarr;<\/span><\/a><\/p>\n","protected":false},"author":1,"featured_media":0,"comment_status":"open","ping_status":"open","sticky":false,"template":"","format":"standard","meta":{"_jetpack_memberships_contains_paid_content":false,"footnotes":""},"categories":[43,8,23],"tags":[280,1124],"class_list":["post-5188","post","type-post","status-publish","format-standard","hentry","category-43","category-compatte","category-novita","tag-canon","tag-s95"],"jetpack_featured_media_url":"","jetpack_sharing_enabled":true,"_links":{"self":[{"href":"https:\/\/francescophoto.it\/blog\/wp-json\/wp\/v2\/posts\/5188","targetHints":{"allow":["GET"]}}],"collection":[{"href":"https:\/\/francescophoto.it\/blog\/wp-json\/wp\/v2\/posts"}],"about":[{"href":"https:\/\/francescophoto.it\/blog\/wp-json\/wp\/v2\/types\/post"}],"author":[{"embeddable":true,"href":"https:\/\/francescophoto.it\/blog\/wp-json\/wp\/v2\/users\/1"}],"replies":[{"embeddable":true,"href":"https:\/\/francescophoto.it\/blog\/wp-json\/wp\/v2\/comments?post=5188"}],"version-history":[{"count":0,"href":"https:\/\/francescophoto.it\/blog\/wp-json\/wp\/v2\/posts\/5188\/revisions"}],"wp:attachment":[{"href":"https:\/\/francescophoto.it\/blog\/wp-json\/wp\/v2\/media?parent=5188"}],"wp:term":[{"taxonomy":"category","embeddable":true,"href":"https:\/\/francescophoto.it\/blog\/wp-json\/wp\/v2\/categories?post=5188"},{"taxonomy":"post_tag","embeddable":true,"href":"https:\/\/francescophoto.it\/blog\/wp-json\/wp\/v2\/tags?post=5188"}],"curies":[{"name":"wp","href":"https:\/\/api.w.org\/{rel}","templated":true}]}}