{"id":5159,"date":"2010-08-10T23:43:36","date_gmt":"2010-08-10T22:43:36","guid":{"rendered":"http:\/\/francescophoto.wordpress.com\/?p=5159"},"modified":"2010-08-10T23:43:36","modified_gmt":"2010-08-10T22:43:36","slug":"nuove-reflex-nikon","status":"publish","type":"post","link":"https:\/\/francescophoto.it\/blog\/2010\/08\/10\/nuove-reflex-nikon\/","title":{"rendered":"Nuove reflex Nikon ?"},"content":{"rendered":"<p><a href=\"http:\/\/blog.francescophoto.it\/wp-content\/uploads\/2010\/07\/nikon-logo.jpg\"><img loading=\"lazy\" decoding=\"async\" class=\"alignright size-thumbnail wp-image-5148\" title=\"Nikon Logo\" src=\"http:\/\/blog.francescophoto.it\/wp-content\/uploads\/2010\/07\/nikon-logo.jpg?w=92\" alt=\"\" width=\"92\" height=\"96\" \/><\/a>Si fanno sempre pi\u00f9 insistenti e precise le voci che riguardano la presentazione di nuovi modelli di reflex da parte di Nikon prima della prossima Photokina, la mostra mondiale pi\u00f9 importante di fotografia che si tiene ogni due anni a Colonia.<br \/>\nNikon dovrebbe presentare due nuove reflex: un modello di fascia base, la D3100 che presumibilmente si affiancher\u00e0 o sostituir\u00e0 la D3000 e la ormai attesissima sostituta della D90 che dovrebbe chiamarsi D95.<!--more--><br \/>\n\u00a0\u00a0<br \/>\n\u00a0 La sostituta della D90, presumibilmente D95 (o D8000) dovrebbe avere le seguenti caratteristiche:<br \/>\n\u00a0 &#8211; corpo metallico in alluminio o magnesio<br \/>\n\u00a0 &#8211; sensore CMOS da 16 Mpx<br \/>\n\u00a0 &#8211; video Full HD 1920&#215;1080<br \/>\n\u00a0 &#8211; raffica ad almeno 6 fg\/s<br \/>\n\u00a0 &#8211; migliore qualit\u00e0 alle elevate sensibilit\u00e0 Iso o gamma Iso ampliata<br \/>\n\u00a0 &#8211; 39 punti AF<br \/>\n\u00a0 Il prezzo dovrebbe essere di circa 1200 $ e la presentazione dovrebbe avvenire il 15 settembre.<br \/>\n\u00a0<br \/>\n\u00a0 La D3100 dovrebbe avere le caratteristiche:<br \/>\n\u00a0 &#8211; sensore CMOS da 14 Mpx<br \/>\n\u00a0 &#8211; nuova configurazione dei punti AF per coprire una larga parte del mirino<br \/>\n\u00a0 &#8211; video Full HD 1920&#215;1080 a 24 fg\/s e HD 1280&#215;720 a 23 e 30 fg\/s<br \/>\n\u00a0 &#8211; messa a fuoco continua in video e live view<br \/>\n\u00a0 &#8211; video codec AVCHD<br \/>\n\u00a0 &#8211; raffica a 3 fg\/s<br \/>\n\u00a0 &#8211; capacit\u00e0 di editing video in macchina<br \/>\n\u00a0 Non avr\u00e0 per\u00f2 uno schermo orientabile e sar\u00e0 venduta in kit con l&#8217;obiettivo 18-55.<br \/>\n\u00a0 Dovrebbe essere presentata il 19 agosto.<br \/>\n\u00a0<br \/>\n\u00a0 Queste sono le voci, anche se piuttosto attendibili. Vedremo presto la realt\u00e0. Da queste anticipazioni sembrano per\u00f2 due reflex piuttosto interessanti.<\/p>\n","protected":false},"excerpt":{"rendered":"<p>Si fanno sempre pi\u00f9 insistenti e precise le voci che riguardano la presentazione di nuovi modelli di reflex da parte di Nikon prima della prossima Photokina, la mostra mondiale pi\u00f9 importante di fotografia che si tiene ogni due anni a Colonia. Nikon dovrebbe presentare due nuove reflex: un modello di fascia base, la D3100 che &hellip; <a href=\"https:\/\/francescophoto.it\/blog\/2010\/08\/10\/nuove-reflex-nikon\/\" class=\"more-link\">Continua la lettura di <span class=\"screen-reader-text\">Nuove reflex Nikon ?<\/span> <span class=\"meta-nav\">&rarr;<\/span><\/a><\/p>\n","protected":false},"author":1,"featured_media":0,"comment_status":"open","ping_status":"open","sticky":false,"template":"","format":"standard","meta":{"_jetpack_memberships_contains_paid_content":false,"footnotes":""},"categories":[10,23],"tags":[905],"class_list":["post-5159","post","type-post","status-publish","format-standard","hentry","category-dslr","category-novita","tag-nikon"],"jetpack_featured_media_url":"","jetpack_sharing_enabled":true,"_links":{"self":[{"href":"https:\/\/francescophoto.it\/blog\/wp-json\/wp\/v2\/posts\/5159","targetHints":{"allow":["GET"]}}],"collection":[{"href":"https:\/\/francescophoto.it\/blog\/wp-json\/wp\/v2\/posts"}],"about":[{"href":"https:\/\/francescophoto.it\/blog\/wp-json\/wp\/v2\/types\/post"}],"author":[{"embeddable":true,"href":"https:\/\/francescophoto.it\/blog\/wp-json\/wp\/v2\/users\/1"}],"replies":[{"embeddable":true,"href":"https:\/\/francescophoto.it\/blog\/wp-json\/wp\/v2\/comments?post=5159"}],"version-history":[{"count":0,"href":"https:\/\/francescophoto.it\/blog\/wp-json\/wp\/v2\/posts\/5159\/revisions"}],"wp:attachment":[{"href":"https:\/\/francescophoto.it\/blog\/wp-json\/wp\/v2\/media?parent=5159"}],"wp:term":[{"taxonomy":"category","embeddable":true,"href":"https:\/\/francescophoto.it\/blog\/wp-json\/wp\/v2\/categories?post=5159"},{"taxonomy":"post_tag","embeddable":true,"href":"https:\/\/francescophoto.it\/blog\/wp-json\/wp\/v2\/tags?post=5159"}],"curies":[{"name":"wp","href":"https:\/\/api.w.org\/{rel}","templated":true}]}}