{"id":5147,"date":"2010-07-24T10:48:57","date_gmt":"2010-07-24T09:48:57","guid":{"rendered":"http:\/\/francescophoto.wordpress.com\/?p=5147"},"modified":"2010-07-24T10:48:57","modified_gmt":"2010-07-24T09:48:57","slug":"nuova-nikon-d90","status":"publish","type":"post","link":"https:\/\/francescophoto.it\/blog\/2010\/07\/24\/nuova-nikon-d90\/","title":{"rendered":"Nuova Nikon D90?"},"content":{"rendered":"<p><a href=\"http:\/\/blog.francescophoto.it\/wp-content\/uploads\/2010\/07\/nikon-logo.jpg\"><img loading=\"lazy\" decoding=\"async\" class=\"alignright size-thumbnail wp-image-5148\" title=\"Nikon Logo\" src=\"http:\/\/blog.francescophoto.it\/wp-content\/uploads\/2010\/07\/nikon-logo.jpg?w=92\" alt=\"\" width=\"92\" height=\"96\" \/><\/a>Si fanno sempre pi\u00f9 insistenti le voci sul nuovo modello che Nikon dovrebbe presentare a breve per sostituire la D90, uno dei maggiori successi della casa. La D90 \u00e8 stata presentata circa 2 anni fa alla fine di agosto quindi i tempi sembrano maturi per la sua sostituzione. I tempi non sono certi, anche se ci\u00f2 dovrebbe avvenire prima della Photokina prevista nella seconda met\u00e0 di settembre.<br \/>\nMa quali caratteristiche avr\u00e0 la nuova fotocamera e quale sar\u00e0 il suo nome?<!--more--><\/p>\n<p>Per quanto riguarda il nome non si sa ancora nulla di certo. Se Nikon seguir\u00e0 le denominazioni pi\u00f9 recenti potrebbe chiamarsi D8000, ma nulla \u00e8 certo.<br \/>\nPer quanto riguarda le sue caratteristiche le prime indiscrezioni parlano di:<br \/>\n&#8211; sensore DX da 16 Mpx<br \/>\n&#8211; prestazioni, per quanto riguarda il rumore, simili alla D700 !?!<br \/>\n&#8211; ripresa video Full HD<br \/>\n&#8211; raffica a 8 fg\/s<br \/>\n&#8211; nuova funzione AF per il video con migliori prestazioni<br \/>\n&#8211; corpo costruito parzialmente in alluminio<\/p>\n<p>Da queste prime caratteristiche sembrerebbe che la nuova reflex dovrebbe avere un posizionamento leggermente pi\u00f9 alto tra la D5000 e la D300s. Staremo a vedere.<br \/>\nPer quanto riguarda i tempi di presentazione Nikon ha previsto una conferenza stampa per la presentazione di nuovi prodotti nella settimana tra il 16 e il 20 Agosto, ma escludendo luned\u00ec e venerd\u00ec, giorni in cui di solito non si fanno nuovi annunci, restano il 17, 18 e 19. Questa per\u00f2 non sar\u00e0 l&#8217;unica conferenza stampa di Nikon che, prima della Photokina, prevede di presentare parecchi nuovi prodotti, anche per quanto riguarda le compatte e le Evil.<\/p>\n","protected":false},"excerpt":{"rendered":"<p>Si fanno sempre pi\u00f9 insistenti le voci sul nuovo modello che Nikon dovrebbe presentare a breve per sostituire la D90, uno dei maggiori successi della casa. La D90 \u00e8 stata presentata circa 2 anni fa alla fine di agosto quindi i tempi sembrano maturi per la sua sostituzione. I tempi non sono certi, anche se &hellip; <a href=\"https:\/\/francescophoto.it\/blog\/2010\/07\/24\/nuova-nikon-d90\/\" class=\"more-link\">Continua la lettura di <span class=\"screen-reader-text\">Nuova Nikon D90?<\/span> <span class=\"meta-nav\">&rarr;<\/span><\/a><\/p>\n","protected":false},"author":1,"featured_media":0,"comment_status":"open","ping_status":"open","sticky":false,"template":"","format":"standard","meta":{"_jetpack_memberships_contains_paid_content":false,"footnotes":""},"categories":[10,23],"tags":[256,368,905],"class_list":["post-5147","post","type-post","status-publish","format-standard","hentry","category-dslr","category-novita","tag-aps","tag-d90","tag-nikon"],"jetpack_featured_media_url":"","jetpack_sharing_enabled":true,"_links":{"self":[{"href":"https:\/\/francescophoto.it\/blog\/wp-json\/wp\/v2\/posts\/5147","targetHints":{"allow":["GET"]}}],"collection":[{"href":"https:\/\/francescophoto.it\/blog\/wp-json\/wp\/v2\/posts"}],"about":[{"href":"https:\/\/francescophoto.it\/blog\/wp-json\/wp\/v2\/types\/post"}],"author":[{"embeddable":true,"href":"https:\/\/francescophoto.it\/blog\/wp-json\/wp\/v2\/users\/1"}],"replies":[{"embeddable":true,"href":"https:\/\/francescophoto.it\/blog\/wp-json\/wp\/v2\/comments?post=5147"}],"version-history":[{"count":0,"href":"https:\/\/francescophoto.it\/blog\/wp-json\/wp\/v2\/posts\/5147\/revisions"}],"wp:attachment":[{"href":"https:\/\/francescophoto.it\/blog\/wp-json\/wp\/v2\/media?parent=5147"}],"wp:term":[{"taxonomy":"category","embeddable":true,"href":"https:\/\/francescophoto.it\/blog\/wp-json\/wp\/v2\/categories?post=5147"},{"taxonomy":"post_tag","embeddable":true,"href":"https:\/\/francescophoto.it\/blog\/wp-json\/wp\/v2\/tags?post=5147"}],"curies":[{"name":"wp","href":"https:\/\/api.w.org\/{rel}","templated":true}]}}