{"id":4469,"date":"2010-05-01T00:18:22","date_gmt":"2010-04-30T23:18:22","guid":{"rendered":"http:\/\/francescophoto.wordpress.com\/?p=4469"},"modified":"2010-05-01T00:18:22","modified_gmt":"2010-04-30T23:18:22","slug":"canon-day-presso-ottica-universitaria-roma","status":"publish","type":"post","link":"https:\/\/francescophoto.it\/blog\/2010\/05\/01\/canon-day-presso-ottica-universitaria-roma\/","title":{"rendered":"Canon day presso Ottica Universitaria Roma"},"content":{"rendered":"<p><a href=\"http:\/\/blog.francescophoto.it\/wp-content\/uploads\/2010\/05\/ottica-universitaria.jpg\"><img loading=\"lazy\" decoding=\"async\" class=\"alignright size-medium wp-image-4471\" title=\"Ottica Universitaria\" src=\"http:\/\/blog.francescophoto.it\/wp-content\/uploads\/2010\/05\/ottica-universitaria.jpg?w=300\" alt=\"\" width=\"300\" height=\"32\" \/><\/a>Gli amici del noto negozio romano <a href=\"http:\/\/www.otticauniversitaria.it\/default.asp\">Ottica Universitaria<\/a> mi comunicano l&#8217;organizzazione di un Canon day il prossimo <strong>sabato 15 maggio<\/strong>. Come le precedenti ottime ed interessanti manifestazioni organizzate da Ottica Universitaria, l&#8217;evento si <a href=\"http:\/\/blog.francescophoto.it\/wp-content\/uploads\/2010\/05\/canon-logo_cr.jpg\"><img loading=\"lazy\" decoding=\"async\" class=\"alignright size-thumbnail wp-image-4473\" title=\"Canon logo_cr\" src=\"http:\/\/blog.francescophoto.it\/wp-content\/uploads\/2010\/05\/canon-logo_cr.jpg?w=128\" alt=\"\" width=\"128\" height=\"32\" srcset=\"https:\/\/francescophoto.it\/blog\/wp-content\/uploads\/2010\/05\/canon-logo_cr.jpg 560w, https:\/\/francescophoto.it\/blog\/wp-content\/uploads\/2010\/05\/canon-logo_cr-500x129.jpg 500w\" sizes=\"auto, (max-width: 128px) 100vw, 128px\" \/><\/a>terr\u00e0 nei locali dell&#8217;hotel Best Western in viale Ippocrate accanto alla sede del negozio ai numeri 109-111.<br \/>\nQueste manifestazioni sono sempre molto interessanti perch\u00e8 danno la possibilit\u00e0 di vedere e provare da vicino la produzione delle pi\u00f9 famose marche fotografiche, in questo caso la Canon, comprese le ultime novit\u00e0 come la nuova 550D e di provarle scattado nel set fotografico con modelle messo a disposizione. Sono inoltre un ottimo momento di incontro e di aggregazione tra fotografi, professionisti ed appassionati, per lo scambio di opinioni ed esperienze.<br \/>\nDi seguito riporto il comunicato di Ottica Universitaria.<!--more--><\/p>\n<p><strong>Abbiamo il piacere di comunicarTi che sabato 15 maggio 2009 Ottica Universitaria s.r.l. organizzer\u00e0 unitamente al Canon clubitalia un Canon Day!<\/strong><\/p>\n<p><strong>L&#8217;evento, che si svolger\u00e0 presso l&#8217;hotel Best Western, sito accanto alla sede del punto vendita di Viale Ippocrate, 109-111, ci dar\u00e0 l&#8217;occasione di apprezzare i prodotti di questo marchio fotografico straordinario grazie anche alla partecipazione di Canon Italia. <\/strong><\/p>\n<p><strong>Sar\u00e0 infatti possibile toccare con mano tutte le fotocamere e le ottiche Canon e testarle sul momento con l&#8217;ausilio di un apposito set fotografico che sar\u00e0 allestito per l&#8217;occasione\u00a0con la presenza di modelle professioniste. <\/strong><\/p>\n<p><strong>Ottica Universitaria riserver\u00e0 per l&#8217;occasione prezzi particolari.<\/strong><\/p>\n<p><strong>Allora, non mancare sar\u00e0 un&#8217;occasione per incontrarci e condividere insieme questo indimenticabile momento. <\/strong><\/p>\n<p><strong>Puoi scaricare l&#8217;invito\u00a0 su <a href=\"http:\/\/www.otticauniversitaria.it\/\" target=\"_blank\" rel=\"noopener\">www.otticauniversitaria.it<\/a><br \/>\n<\/strong><\/p>\n<p>Io parteciper\u00f2 certamente con piacere e spero di vedere una numerosa partecipazione.<\/p>\n","protected":false},"excerpt":{"rendered":"<p>Gli amici del noto negozio romano Ottica Universitaria mi comunicano l&#8217;organizzazione di un Canon day il prossimo sabato 15 maggio. Come le precedenti ottime ed interessanti manifestazioni organizzate da Ottica Universitaria, l&#8217;evento si terr\u00e0 nei locali dell&#8217;hotel Best Western in viale Ippocrate accanto alla sede del negozio ai numeri 109-111. Queste manifestazioni sono sempre molto &hellip; <a href=\"https:\/\/francescophoto.it\/blog\/2010\/05\/01\/canon-day-presso-ottica-universitaria-roma\/\" class=\"more-link\">Continua la lettura di <span class=\"screen-reader-text\">Canon day presso Ottica Universitaria Roma<\/span> <span class=\"meta-nav\">&rarr;<\/span><\/a><\/p>\n","protected":false},"author":1,"featured_media":0,"comment_status":"open","ping_status":"open","sticky":false,"template":"","format":"standard","meta":{"_jetpack_memberships_contains_paid_content":false,"footnotes":""},"categories":[11],"tags":[280,281],"class_list":["post-4469","post","type-post","status-publish","format-standard","hentry","category-eventi","tag-canon","tag-canon-day"],"jetpack_featured_media_url":"","jetpack_sharing_enabled":true,"_links":{"self":[{"href":"https:\/\/francescophoto.it\/blog\/wp-json\/wp\/v2\/posts\/4469","targetHints":{"allow":["GET"]}}],"collection":[{"href":"https:\/\/francescophoto.it\/blog\/wp-json\/wp\/v2\/posts"}],"about":[{"href":"https:\/\/francescophoto.it\/blog\/wp-json\/wp\/v2\/types\/post"}],"author":[{"embeddable":true,"href":"https:\/\/francescophoto.it\/blog\/wp-json\/wp\/v2\/users\/1"}],"replies":[{"embeddable":true,"href":"https:\/\/francescophoto.it\/blog\/wp-json\/wp\/v2\/comments?post=4469"}],"version-history":[{"count":0,"href":"https:\/\/francescophoto.it\/blog\/wp-json\/wp\/v2\/posts\/4469\/revisions"}],"wp:attachment":[{"href":"https:\/\/francescophoto.it\/blog\/wp-json\/wp\/v2\/media?parent=4469"}],"wp:term":[{"taxonomy":"category","embeddable":true,"href":"https:\/\/francescophoto.it\/blog\/wp-json\/wp\/v2\/categories?post=4469"},{"taxonomy":"post_tag","embeddable":true,"href":"https:\/\/francescophoto.it\/blog\/wp-json\/wp\/v2\/tags?post=4469"}],"curies":[{"name":"wp","href":"https:\/\/api.w.org\/{rel}","templated":true}]}}