{"id":4380,"date":"2010-04-28T22:13:50","date_gmt":"2010-04-28T21:13:50","guid":{"rendered":"http:\/\/francescophoto.wordpress.com\/?p=4380"},"modified":"2010-04-28T22:13:50","modified_gmt":"2010-04-28T21:13:50","slug":"nikon-200-4004-0-vr-ii","status":"publish","type":"post","link":"https:\/\/francescophoto.it\/blog\/2010\/04\/28\/nikon-200-4004-0-vr-ii\/","title":{"rendered":"Nikon 200-400\/4.0 VR II"},"content":{"rendered":"<p><a href=\"http:\/\/blog.francescophoto.it\/wp-content\/uploads\/2010\/04\/200-400vr.jpg\"><img loading=\"lazy\" decoding=\"async\" class=\"alignright size-thumbnail wp-image-4381\" title=\"200-400VR\" src=\"http:\/\/blog.francescophoto.it\/wp-content\/uploads\/2010\/04\/200-400vr.jpg?w=128\" alt=\"\" width=\"128\" height=\"58\" \/><\/a>Nikon ha annunciato un nuovo teleobiettivo zoom: l\u2019AF-S NIKKOR 200-400mm F\/4G ED VR II. Questa ottica, destinata a sostituire il molto apprezzato AF-S Zoom NIKKOR 200-400mm f\/4G IF-ED VR, \u00e8 caratterizzata dalla nuova generazione della tecnologia Vibration Reduction (VR II), dal rivestimento Nano Crystal e da una nuova modalit\u00e0 A\/M. Caratteristiche che lo rendono estremamente versatile e particolarmente ideale per i fotografi sportivi e naturalistici.<!--more--><\/p>\n<p>L\u2019AF-S NIKKOR 200-400mm F\/4G ED VR II \u00e8 dotato della tecnologia integrata Vibration Reduction (VRII) di seconda generazione, che consente di scattare con tempi di posa fino a 4 stop pi\u00f9 lenti, per immagini pi\u00f9 nitide, anche con riprese a mano libera. Inoltre, la nuova modalit\u00e0 A\/M, aggiunta alle modalit\u00e0 M\/A e M gi\u00e0 presenti, abilita la priorit\u00e0 autofocus automatica anche se la ghiera di messa a fuoco viene spostata durante la ripresa.<br \/>\nL\u2019AF-S NIKKOR 200-400mm F\/4G ED VR II incorpora il rivestimento esclusivo antiriflesso Nano Crystal di Nikon, che riduce drasticamente le immagini fantasma e i riflessi indesiderati, oltre a quattro lenti in vetro a bassa dispersione (ED, Extra-low Dispersion) che riducono le aberrazioni. Il risultato sono immagini ricche e ben contrastate, anche in condizioni di illuminazione critiche.<br \/>\nL\u2019obiettivo \u00e8 dotato di autofocus con &#8220;silent wave motor&#8221; integrato, per garantire una messa a fuoco rapida e silenziosa. Il corpo dell\u2019AF-S NIKKOR 200-400mm F\/4G ED VR II \u00e8 in solido magnesio, resistente agli agenti atmosferici e alla polvere. Un vetro protettivo garantisce, inoltre, un&#8217;ulteriore isolamento dall&#8217; umidit\u00e0 nelle pi\u00f9 rigide condizioni di ripresa.<br \/>\nL\u2019AF-S NIKKOR 200-400mm F\/4G ED VR II, pesante solo 3.360 gr, assicura un\u2019eccellente flessibilit\u00e0 nella ripresa alla massima escursione e rappresenta una pratica alternativa a molti teleobiettivi di grandi dimensioni.<\/p>\n<p>Le principali caratteristiche sono:<\/p>\n<p>&#8211; Lunghezza focale 200-400mm<br \/>\n&#8211; Diaframma f\/4<br \/>\n&#8211; Schema ottico\u00a024 elementi in 17 gruppi<br \/>\n&#8211; Angolo d&#8217;immagine: 12\u00b020\u00b4- 6\u00b010\u00b4 (8\u00b0- 4\u00b0 con fotocamere formato DX)<br \/>\n&#8211; N. di lamelle del diaframma: 9 (arrotondate)<br \/>\n&#8211; Messa a fuoco minima\u00a02,0 m\/6 piedi (AF); 1,95 m\/6,4 piedi (MF)<br \/>\n&#8211; Dimensione filtro\/attacco 52mm<br \/>\n&#8211; Diametro x lunghezza\u00a0circa 124 x 365,5 mm<br \/>\n&#8211; Peso\u00a03.360 gr<\/p>\n<p>E&#8217; quindi un obiettivo di caratteristiche prettamente professionali e dal costo adeguato. Il prezzo in Italia non \u00e8 ancora stato comunicato da Nital, ma in USA il prezzo stimato \u00e8 di circa 7000 $.<\/p>\n<p><a href=\"http:\/\/blog.francescophoto.it\/wp-content\/uploads\/2010\/04\/200-400vr.jpg\"><img loading=\"lazy\" decoding=\"async\" class=\"alignnone size-full wp-image-4381\" title=\"200-400VR\" src=\"http:\/\/blog.francescophoto.it\/wp-content\/uploads\/2010\/04\/200-400vr.jpg\" alt=\"\" width=\"500\" height=\"227\" \/><\/a><\/p>\n","protected":false},"excerpt":{"rendered":"<p>Nikon ha annunciato un nuovo teleobiettivo zoom: l\u2019AF-S NIKKOR 200-400mm F\/4G ED VR II. Questa ottica, destinata a sostituire il molto apprezzato AF-S Zoom NIKKOR 200-400mm f\/4G IF-ED VR, \u00e8 caratterizzata dalla nuova generazione della tecnologia Vibration Reduction (VR II), dal rivestimento Nano Crystal e da una nuova modalit\u00e0 A\/M. Caratteristiche che lo rendono estremamente &hellip; <a href=\"https:\/\/francescophoto.it\/blog\/2010\/04\/28\/nikon-200-4004-0-vr-ii\/\" class=\"more-link\">Continua la lettura di <span class=\"screen-reader-text\">Nikon 200-400\/4.0 VR II<\/span> <span class=\"meta-nav\">&rarr;<\/span><\/a><\/p>\n","protected":false},"author":1,"featured_media":0,"comment_status":"open","ping_status":"open","sticky":false,"template":"","format":"standard","meta":{"_jetpack_memberships_contains_paid_content":false,"footnotes":""},"categories":[43,23],"tags":[905,936],"class_list":["post-4380","post","type-post","status-publish","format-standard","hentry","category-43","category-novita","tag-nikon","tag-obiettivi"],"jetpack_featured_media_url":"","jetpack_sharing_enabled":true,"_links":{"self":[{"href":"https:\/\/francescophoto.it\/blog\/wp-json\/wp\/v2\/posts\/4380","targetHints":{"allow":["GET"]}}],"collection":[{"href":"https:\/\/francescophoto.it\/blog\/wp-json\/wp\/v2\/posts"}],"about":[{"href":"https:\/\/francescophoto.it\/blog\/wp-json\/wp\/v2\/types\/post"}],"author":[{"embeddable":true,"href":"https:\/\/francescophoto.it\/blog\/wp-json\/wp\/v2\/users\/1"}],"replies":[{"embeddable":true,"href":"https:\/\/francescophoto.it\/blog\/wp-json\/wp\/v2\/comments?post=4380"}],"version-history":[{"count":0,"href":"https:\/\/francescophoto.it\/blog\/wp-json\/wp\/v2\/posts\/4380\/revisions"}],"wp:attachment":[{"href":"https:\/\/francescophoto.it\/blog\/wp-json\/wp\/v2\/media?parent=4380"}],"wp:term":[{"taxonomy":"category","embeddable":true,"href":"https:\/\/francescophoto.it\/blog\/wp-json\/wp\/v2\/categories?post=4380"},{"taxonomy":"post_tag","embeddable":true,"href":"https:\/\/francescophoto.it\/blog\/wp-json\/wp\/v2\/tags?post=4380"}],"curies":[{"name":"wp","href":"https:\/\/api.w.org\/{rel}","templated":true}]}}