{"id":42621,"date":"2017-12-16T18:26:08","date_gmt":"2017-12-16T17:26:08","guid":{"rendered":"http:\/\/blog.francescophoto.it\/?p=42621"},"modified":"2024-05-12T21:22:29","modified_gmt":"2024-05-12T19:22:29","slug":"fotocamera-dellanno-2017","status":"publish","type":"post","link":"https:\/\/francescophoto.it\/blog\/2017\/12\/16\/fotocamera-dellanno-2017\/","title":{"rendered":"Fotocamera dell&#8217;anno 2017"},"content":{"rendered":"<p>Ormai tutte le novit\u00e0 del 2016 sono state presentate. Le prossime saranno in occasione del CES (Consumer Electronic Show) che si terr\u00e0 a gennaio 2018.<br \/>\nE\u2019 quindi tempo di consuntivi e di individuare quali sono state le novit\u00e0 pi\u00f9 significative di questo 2017.<br \/>\nPropongo quindi un sondaggio per scegliere quali secondo voi sono state le novit\u00e0 pi\u00f9 interessanti presentate. E\u2019 importante valutare gli elementi di novit\u00e0 delle varie fotocamere e le loro caratteristiche che le distinguono dal gruppo. A differenza degli scorsi anni, visto il ridotto numero di novit\u00e0 presentate,\u00a0 il sondaggio non prevede la divisione delle fotocamere in gruppi e nemmeno in base al tipo, perch\u00e9 con l&#8217;evoluzione del mercato che si \u00e8 avuta negli ultimi tempi non ha pi\u00f9 senso distinguere le fotocamere in base al tipo, reflex, mirrorless, compatte, anche perch\u00e9 ormai queste categorie si sovrappongono.<!--more--><\/p>\n<p>Ho preso quindi in considerazione tutte le novit\u00e0 presentate nel 2017, comprese le compatte base. Non ho preso nemmeno in considerazione per\u00f2 le fotocamere subacquee e le cosiddette &#8220;action cam&#8221;..<\/p>\n<p>Si potranno votare fino a tre fotocamere. Il sondaggio sar\u00e0 aperto fino a met\u00e0 gennaio, poi pubblicher\u00f2 i risultati.<\/p>\n<p>[polldaddy poll=9899328]<\/p>\n<p>&nbsp;<\/p>\n","protected":false},"excerpt":{"rendered":"<p>Ormai tutte le novit\u00e0 del 2016 sono state presentate. Le prossime saranno in occasione del CES (Consumer Electronic Show) che si terr\u00e0 a gennaio 2018. E\u2019 quindi tempo di consuntivi e di individuare quali sono state le novit\u00e0 pi\u00f9 significative di questo 2017. Propongo quindi un sondaggio per scegliere quali secondo voi sono state le &hellip; <a href=\"https:\/\/francescophoto.it\/blog\/2017\/12\/16\/fotocamera-dellanno-2017\/\" class=\"more-link\">Continua la lettura di <span class=\"screen-reader-text\">Fotocamera dell&#8217;anno 2017<\/span> <span class=\"meta-nav\">&rarr;<\/span><\/a><\/p>\n","protected":false},"author":1,"featured_media":42624,"comment_status":"open","ping_status":"open","sticky":false,"template":"","format":"standard","meta":{"_jetpack_memberships_contains_paid_content":false,"footnotes":""},"categories":[17,27],"tags":[],"class_list":["post-42621","post","type-post","status-publish","format-standard","has-post-thumbnail","hentry","category-generale","category-sondaggi"],"jetpack_featured_media_url":"","jetpack_sharing_enabled":true,"_links":{"self":[{"href":"https:\/\/francescophoto.it\/blog\/wp-json\/wp\/v2\/posts\/42621","targetHints":{"allow":["GET"]}}],"collection":[{"href":"https:\/\/francescophoto.it\/blog\/wp-json\/wp\/v2\/posts"}],"about":[{"href":"https:\/\/francescophoto.it\/blog\/wp-json\/wp\/v2\/types\/post"}],"author":[{"embeddable":true,"href":"https:\/\/francescophoto.it\/blog\/wp-json\/wp\/v2\/users\/1"}],"replies":[{"embeddable":true,"href":"https:\/\/francescophoto.it\/blog\/wp-json\/wp\/v2\/comments?post=42621"}],"version-history":[{"count":1,"href":"https:\/\/francescophoto.it\/blog\/wp-json\/wp\/v2\/posts\/42621\/revisions"}],"predecessor-version":[{"id":73995,"href":"https:\/\/francescophoto.it\/blog\/wp-json\/wp\/v2\/posts\/42621\/revisions\/73995"}],"wp:featuredmedia":[{"embeddable":true,"href":"https:\/\/francescophoto.it\/blog\/wp-json\/"}],"wp:attachment":[{"href":"https:\/\/francescophoto.it\/blog\/wp-json\/wp\/v2\/media?parent=42621"}],"wp:term":[{"taxonomy":"category","embeddable":true,"href":"https:\/\/francescophoto.it\/blog\/wp-json\/wp\/v2\/categories?post=42621"},{"taxonomy":"post_tag","embeddable":true,"href":"https:\/\/francescophoto.it\/blog\/wp-json\/wp\/v2\/tags?post=42621"}],"curies":[{"name":"wp","href":"https:\/\/api.w.org\/{rel}","templated":true}]}}