{"id":39904,"date":"2017-04-10T18:13:46","date_gmt":"2017-04-10T17:13:46","guid":{"rendered":"http:\/\/blog.francescophoto.it\/?p=39904"},"modified":"2017-04-10T18:13:46","modified_gmt":"2017-04-10T17:13:46","slug":"zeiss-batis-13528","status":"publish","type":"post","link":"https:\/\/francescophoto.it\/blog\/2017\/04\/10\/zeiss-batis-13528\/","title":{"rendered":"Zeiss Batis 135\/2,8"},"content":{"rendered":"<p><a href=\"https:\/\/francescophoto.files.wordpress.com\/2017\/04\/batis-2-8-135-product-sample-20170228-6.jpg\"><img loading=\"lazy\" decoding=\"async\" class=\"alignright wp-image-39909 size-thumbnail\" src=\"https:\/\/francescophoto.files.wordpress.com\/2017\/04\/batis-2-8-135-product-sample-20170228-6.jpg?w=101\" alt=\"\" width=\"101\" height=\"96\" srcset=\"https:\/\/francescophoto.it\/blog\/wp-content\/uploads\/2017\/04\/batis-2-8-135-product-sample-20170228-6.jpg 1920w, https:\/\/francescophoto.it\/blog\/wp-content\/uploads\/2017\/04\/batis-2-8-135-product-sample-20170228-6-500x476.jpg 500w, https:\/\/francescophoto.it\/blog\/wp-content\/uploads\/2017\/04\/batis-2-8-135-product-sample-20170228-6-768x731.jpg 768w, https:\/\/francescophoto.it\/blog\/wp-content\/uploads\/2017\/04\/batis-2-8-135-product-sample-20170228-6-1536x1462.jpg 1536w\" sizes=\"auto, (max-width: 101px) 100vw, 101px\" \/><\/a>Zeiss ha presentato un nuovo obiettivo della serie Batis con innesto per le mirrorless Sony E. Il nuovo Batis 135 mm f\/2,8 \u00e8 il primo 135 mm autofocus per le Sony A7. L&#8217;obiettivo integra un sistema di stabilizzazione ed \u00e8 dotato di un display OLED per visualizzare la profondit\u00e0 di campo. E&#8217; anche protetto da polvere ed acqua.<br \/>\nE&#8217; un obiettivo particolarmente indicato per il ritratto visto che la sua focale consente di isolare il soggetto dallo sfondo sfuocato. Lo schema ottico \u00e8 il classizo Zeiss Apo Sonnar.<!--more--><br \/>\nLa serie Batis di Zeiss, disponibile esclusivamente con l&#8217;innesto Sony E, si compone attualmente di quattro obiettivi, tutti autofocus, con struttura in metallo e protetti da polvere ed acqua, e dotati del display che segnala la profondit\u00e0 di campo: 18 mm f\/2,8, 25 mm f\/2,0, 85 mm f\/1,8 e il nuovo 135 mm f\/2,8.<br \/>\nIl Batis 135 mm f\/2,8 sar\u00e0 disponibile da maggio al prezzo di 2.099 \u20ac.<\/p>\n<p>Riporto il comunicato stampa Fowa, distributore italiano di Zeiss.<\/p>\n<p>_______________________________________________________________<\/p>\n<div class=\"description\">\n<div>\n<h2>Il teleobiettivo medio per una nuova era.<\/h2>\n<\/div>\n<div>\n<div>\n<div>\n<div>\n<div>\n<div>\n<p>Ampia lunghezza focale, rapido autofocus, stabilizzazione ottica dell&#8217;immagine. Grazie alla straordinaria correzione di tutte le aberrazioni cromatiche, ZEISS Batis 2.8\/135 \u00e8 un teleobiettivo dalle prestazioni eccellenti con un design Apo Sonnar. L&#8217;obiettivo rappresenta la soluzione ottimale per la fotografia ritrattistica a media distanza.<\/p>\n<p>La correzione avanzata del design Apo Sonnar consente di ritrarre i soggetti in modo estremamente realistico. Onde evitare tremolii, \u00e8 stato integrato anche uno stabilizzatore ottico dell&#8217;immagine. Il rapido e preciso autofocus garantisce immagini nitide e definite, anche in condizioni di luminosit\u00e0 non ottimali. La bassa profondit\u00e0 di campo alla massima apertura consente di combinare con la massima creativit\u00e0 sfocatura e messa a fuoco, permettendo di dirigere l&#8217;attenzione di chi guarda verso il soggetto principale della foto.<\/p>\n<p>Gli obiettivi con autofocus Batis di ZEISS sono stati appositamente studiati per le fotocamere full frame mirrorless di Sony. Gli obiettivi sono perfettamente compatibili con tutte le fotocamere con E-mount e offrono protezione contro la polvere e gli agenti atmosferici oltre ad un autofocus rapido e silenzioso. Per gli amanti della fotografia creativa, l\u2019innovativo display OLED visualizza la distanza di messa a fuoco e la profondit\u00e0 del campo per garantire sempre impostazioni adeguate e risultati che lasciano senza parole. Grazie al nuovo design, la famiglia di obiettivi ZEISS Batis vi stupir\u00e0 per l&#8217;eccellente qualit\u00e0 delle immagini<\/p>\n<div>\n<div>\n<div>\n<div>\n<div>\n<div>\n<div>\n<div>\n<div>\n<div>\n<h3>Autofocus uniforme ed affidabile<\/h3>\n<\/div>\n<div>\n<div>\n<p>Il design del sistema di autofocus richiede uno spostamento estremamente preciso di particolari gruppi obiettivo. Il sistema di messa a fuoco degli obiettivi ZEISS \u00e8 studiato per assicurare un solido meccanismo di autofocus a funzionamento uniforme con le migliori performance di imaging.<\/p>\n<\/div>\n<\/div>\n<\/div>\n<\/div>\n<\/div>\n<\/div>\n<\/div>\n<\/div>\n<\/div>\n<div>\n<div>\n<div>\n<div>\n<div>\n<div>\n<div>\n<div>\n<h3>Stabilizzazione ottica dell\u2019immagine<\/h3>\n<\/div>\n<div>\n<div>\n<p>La stabilizzazione ottica dell\u2019immagine assicura immagini nitide e ferme in condizioni di scarsa illuminazione. In combinazione con l\u2019OIS della fotocamera offre i vantaggi dei due sistemi. Questa caratteristica riduce inoltre al minimo il rumore digitale nell\u2019immagine poich\u00e9 non \u00e8 necessario aumentare i valori ISO per compensare le cattive condizioni d\u2019illuminazione.<\/p>\n<\/div>\n<\/div>\n<\/div>\n<\/div>\n<\/div>\n<\/div>\n<\/div>\n<\/div>\n<\/div>\n<div>\n<div>\n<div>\n<div>\n<div>\n<div>\n<div>\n<div>\n<h3>Versatile obiettivo full frame<\/h3>\n<\/div>\n<div>\n<div>\n<p>Il potente obiettivo per il sistema full frame mirrorless di Sony soddisfa i requisiti pi\u00f9 elevati. Nonostante il design compatto, l\u2019immagine soddisfa le aspettative dei fotografi professionisti.<\/p>\n<\/div>\n<\/div>\n<\/div>\n<\/div>\n<\/div>\n<\/div>\n<\/div>\n<\/div>\n<\/div>\n<div>\n<div>\n<div>\n<div>\n<div>\n<div>\n<div>\n<div>\n<h3>Robusta struttura in metallo resistente alle intemperie<\/h3>\n<\/div>\n<div>\n<div>\n<p>Grazie al design studiato per proteggere la fotocamera da polvere e spruzzi di acqua, l\u2019obiettivo \u00e8 perfettamente adatto per affrontare difficili condizioni outdoor. Inoltre \u00e8 studiato per un uso intenso per diversi anni.<\/p>\n<\/div>\n<\/div>\n<\/div>\n<\/div>\n<\/div>\n<\/div>\n<\/div>\n<\/div>\n<\/div>\n<div>\n<div>\n<div>\n<div>\n<div>\n<div>\n<div>\n<div>\n<h3>Display OLED innovativo<\/h3>\n<\/div>\n<div>\n<div>\n<p>Per la prima volta, \u00e8 possibile leggere con precisione la distanza di messa a fuoco e la profondit\u00e0 di campo in modo semplice e intuitivo sul display OLED dell\u2019obiettivo. In particolare, in condizioni di scarsa illuminazione \u00e8 sempre assicurata un\u2019ottima leggibilit\u00e0.<\/p>\n<\/div>\n<\/div>\n<\/div>\n<\/div>\n<\/div>\n<\/div>\n<\/div>\n<\/div>\n<\/div>\n<\/div>\n<\/div>\n<\/div>\n<\/div>\n<\/div>\n<\/div>\n<\/div>\n<\/div>\n<p>_____________________________________________________________________<\/p>\n<p><a href=\"https:\/\/francescophoto.files.wordpress.com\/2017\/04\/batis-2-8-135-product-sample-20170228-1.jpg\"><img loading=\"lazy\" decoding=\"async\" class=\"alignnone size-medium wp-image-39911\" src=\"https:\/\/francescophoto.files.wordpress.com\/2017\/04\/batis-2-8-135-product-sample-20170228-1.jpg?w=242\" alt=\"\" width=\"242\" height=\"500\" srcset=\"https:\/\/francescophoto.it\/blog\/wp-content\/uploads\/2017\/04\/batis-2-8-135-product-sample-20170228-1.jpg 928w, https:\/\/francescophoto.it\/blog\/wp-content\/uploads\/2017\/04\/batis-2-8-135-product-sample-20170228-1-242x500.jpg 242w, https:\/\/francescophoto.it\/blog\/wp-content\/uploads\/2017\/04\/batis-2-8-135-product-sample-20170228-1-768x1589.jpg 768w, https:\/\/francescophoto.it\/blog\/wp-content\/uploads\/2017\/04\/batis-2-8-135-product-sample-20170228-1-742x1536.jpg 742w\" sizes=\"auto, (max-width: 242px) 100vw, 242px\" \/><\/a><\/p>\n<p><a href=\"https:\/\/francescophoto.files.wordpress.com\/2017\/04\/batis-2-8-135-product-sample-20170228-6.jpg\"><img loading=\"lazy\" decoding=\"async\" class=\"alignnone size-medium wp-image-39909\" src=\"https:\/\/francescophoto.files.wordpress.com\/2017\/04\/batis-2-8-135-product-sample-20170228-6.jpg?w=474\" alt=\"\" width=\"474\" height=\"451\" srcset=\"https:\/\/francescophoto.it\/blog\/wp-content\/uploads\/2017\/04\/batis-2-8-135-product-sample-20170228-6.jpg 1920w, https:\/\/francescophoto.it\/blog\/wp-content\/uploads\/2017\/04\/batis-2-8-135-product-sample-20170228-6-500x476.jpg 500w, https:\/\/francescophoto.it\/blog\/wp-content\/uploads\/2017\/04\/batis-2-8-135-product-sample-20170228-6-768x731.jpg 768w, https:\/\/francescophoto.it\/blog\/wp-content\/uploads\/2017\/04\/batis-2-8-135-product-sample-20170228-6-1536x1462.jpg 1536w\" sizes=\"auto, (max-width: 474px) 100vw, 474px\" \/><\/a><\/p>\n<p><a href=\"https:\/\/francescophoto.files.wordpress.com\/2017\/04\/batis-2-8-135-product-sample-20170228-5.jpg\"><img loading=\"lazy\" decoding=\"async\" class=\"alignnone size-medium wp-image-39910\" src=\"https:\/\/francescophoto.files.wordpress.com\/2017\/04\/batis-2-8-135-product-sample-20170228-5.jpg?w=474\" alt=\"\" width=\"474\" height=\"384\" srcset=\"https:\/\/francescophoto.it\/blog\/wp-content\/uploads\/2017\/04\/batis-2-8-135-product-sample-20170228-5.jpg 1920w, https:\/\/francescophoto.it\/blog\/wp-content\/uploads\/2017\/04\/batis-2-8-135-product-sample-20170228-5-500x405.jpg 500w, https:\/\/francescophoto.it\/blog\/wp-content\/uploads\/2017\/04\/batis-2-8-135-product-sample-20170228-5-768x622.jpg 768w, https:\/\/francescophoto.it\/blog\/wp-content\/uploads\/2017\/04\/batis-2-8-135-product-sample-20170228-5-1536x1243.jpg 1536w\" sizes=\"auto, (max-width: 474px) 100vw, 474px\" \/><\/a><\/p>\n<p><a href=\"https:\/\/francescophoto.files.wordpress.com\/2017\/04\/batis-2-8-135-product-sample-20170228-13.jpg\"><img loading=\"lazy\" decoding=\"async\" class=\"alignnone size-medium wp-image-39905\" src=\"https:\/\/francescophoto.files.wordpress.com\/2017\/04\/batis-2-8-135-product-sample-20170228-13.jpg?w=474\" alt=\"\" width=\"474\" height=\"374\" srcset=\"https:\/\/francescophoto.it\/blog\/wp-content\/uploads\/2017\/04\/batis-2-8-135-product-sample-20170228-13.jpg 1920w, https:\/\/francescophoto.it\/blog\/wp-content\/uploads\/2017\/04\/batis-2-8-135-product-sample-20170228-13-500x394.jpg 500w, https:\/\/francescophoto.it\/blog\/wp-content\/uploads\/2017\/04\/batis-2-8-135-product-sample-20170228-13-768x605.jpg 768w, https:\/\/francescophoto.it\/blog\/wp-content\/uploads\/2017\/04\/batis-2-8-135-product-sample-20170228-13-1536x1210.jpg 1536w\" sizes=\"auto, (max-width: 474px) 100vw, 474px\" \/><\/a><\/p>\n<p><a href=\"https:\/\/francescophoto.files.wordpress.com\/2017\/04\/batis-2-8-135-product-sample-20170228-10.jpg\"><img loading=\"lazy\" decoding=\"async\" class=\"alignnone size-medium wp-image-39907\" src=\"https:\/\/francescophoto.files.wordpress.com\/2017\/04\/batis-2-8-135-product-sample-20170228-10.jpg?w=474\" alt=\"\" width=\"474\" height=\"316\" srcset=\"https:\/\/francescophoto.it\/blog\/wp-content\/uploads\/2017\/04\/batis-2-8-135-product-sample-20170228-10.jpg 1920w, https:\/\/francescophoto.it\/blog\/wp-content\/uploads\/2017\/04\/batis-2-8-135-product-sample-20170228-10-500x333.jpg 500w, https:\/\/francescophoto.it\/blog\/wp-content\/uploads\/2017\/04\/batis-2-8-135-product-sample-20170228-10-768x512.jpg 768w, https:\/\/francescophoto.it\/blog\/wp-content\/uploads\/2017\/04\/batis-2-8-135-product-sample-20170228-10-1536x1024.jpg 1536w\" sizes=\"auto, (max-width: 474px) 100vw, 474px\" \/><\/a><\/p>\n<p><a href=\"https:\/\/francescophoto.files.wordpress.com\/2017\/04\/batis-2-8-135-product-sample-20170228-11.jpg\"><img loading=\"lazy\" decoding=\"async\" class=\"alignnone size-medium wp-image-39906\" src=\"https:\/\/francescophoto.files.wordpress.com\/2017\/04\/batis-2-8-135-product-sample-20170228-11.jpg?w=474\" alt=\"\" width=\"474\" height=\"316\" srcset=\"https:\/\/francescophoto.it\/blog\/wp-content\/uploads\/2017\/04\/batis-2-8-135-product-sample-20170228-11.jpg 1920w, https:\/\/francescophoto.it\/blog\/wp-content\/uploads\/2017\/04\/batis-2-8-135-product-sample-20170228-11-500x333.jpg 500w, https:\/\/francescophoto.it\/blog\/wp-content\/uploads\/2017\/04\/batis-2-8-135-product-sample-20170228-11-768x512.jpg 768w, https:\/\/francescophoto.it\/blog\/wp-content\/uploads\/2017\/04\/batis-2-8-135-product-sample-20170228-11-1536x1024.jpg 1536w\" sizes=\"auto, (max-width: 474px) 100vw, 474px\" \/><\/a><\/p>\n<p><a href=\"https:\/\/francescophoto.files.wordpress.com\/2017\/04\/batis-2-8-135-product-sample-20170228-7.jpg\"><img loading=\"lazy\" decoding=\"async\" class=\"alignnone size-medium wp-image-39908\" src=\"https:\/\/francescophoto.files.wordpress.com\/2017\/04\/batis-2-8-135-product-sample-20170228-7.jpg?w=474\" alt=\"\" width=\"474\" height=\"376\" srcset=\"https:\/\/francescophoto.it\/blog\/wp-content\/uploads\/2017\/04\/batis-2-8-135-product-sample-20170228-7.jpg 1920w, https:\/\/francescophoto.it\/blog\/wp-content\/uploads\/2017\/04\/batis-2-8-135-product-sample-20170228-7-500x397.jpg 500w, https:\/\/francescophoto.it\/blog\/wp-content\/uploads\/2017\/04\/batis-2-8-135-product-sample-20170228-7-768x610.jpg 768w, https:\/\/francescophoto.it\/blog\/wp-content\/uploads\/2017\/04\/batis-2-8-135-product-sample-20170228-7-1536x1220.jpg 1536w\" sizes=\"auto, (max-width: 474px) 100vw, 474px\" \/><\/a><\/p>\n<p><a href=\"https:\/\/francescophoto.files.wordpress.com\/2017\/04\/batis-family-sample-20170228.jpg\"><img loading=\"lazy\" decoding=\"async\" class=\"alignnone size-medium wp-image-39912\" src=\"https:\/\/francescophoto.files.wordpress.com\/2017\/04\/batis-family-sample-20170228.jpg?w=474\" alt=\"\" width=\"474\" height=\"278\" srcset=\"https:\/\/francescophoto.it\/blog\/wp-content\/uploads\/2017\/04\/batis-family-sample-20170228.jpg 1920w, https:\/\/francescophoto.it\/blog\/wp-content\/uploads\/2017\/04\/batis-family-sample-20170228-500x294.jpg 500w, https:\/\/francescophoto.it\/blog\/wp-content\/uploads\/2017\/04\/batis-family-sample-20170228-768x451.jpg 768w, https:\/\/francescophoto.it\/blog\/wp-content\/uploads\/2017\/04\/batis-family-sample-20170228-1536x902.jpg 1536w\" sizes=\"auto, (max-width: 474px) 100vw, 474px\" \/><\/a><\/p>\n<\/div>\n","protected":false},"excerpt":{"rendered":"<p>Zeiss ha presentato un nuovo obiettivo della serie Batis con innesto per le mirrorless Sony E. Il nuovo Batis 135 mm f\/2,8 \u00e8 il primo 135 mm autofocus per le Sony A7. L&#8217;obiettivo integra un sistema di stabilizzazione ed \u00e8 dotato di un display OLED per visualizzare la profondit\u00e0 di campo. E&#8217; anche protetto da &hellip; <a href=\"https:\/\/francescophoto.it\/blog\/2017\/04\/10\/zeiss-batis-13528\/\" class=\"more-link\">Continua la lettura di <span class=\"screen-reader-text\">Zeiss Batis 135\/2,8<\/span> <span class=\"meta-nav\">&rarr;<\/span><\/a><\/p>\n","protected":false},"author":1,"featured_media":0,"comment_status":"open","ping_status":"open","sticky":false,"template":"","format":"standard","meta":{"_jetpack_memberships_contains_paid_content":false,"footnotes":""},"categories":[50,23],"tags":[270,936,1174,1406],"class_list":["post-39904","post","type-post","status-publish","format-standard","hentry","category-50","category-novita","tag-batis","tag-obiettivi","tag-sony-e","tag-zeiss"],"jetpack_featured_media_url":"","jetpack_sharing_enabled":true,"_links":{"self":[{"href":"https:\/\/francescophoto.it\/blog\/wp-json\/wp\/v2\/posts\/39904","targetHints":{"allow":["GET"]}}],"collection":[{"href":"https:\/\/francescophoto.it\/blog\/wp-json\/wp\/v2\/posts"}],"about":[{"href":"https:\/\/francescophoto.it\/blog\/wp-json\/wp\/v2\/types\/post"}],"author":[{"embeddable":true,"href":"https:\/\/francescophoto.it\/blog\/wp-json\/wp\/v2\/users\/1"}],"replies":[{"embeddable":true,"href":"https:\/\/francescophoto.it\/blog\/wp-json\/wp\/v2\/comments?post=39904"}],"version-history":[{"count":0,"href":"https:\/\/francescophoto.it\/blog\/wp-json\/wp\/v2\/posts\/39904\/revisions"}],"wp:attachment":[{"href":"https:\/\/francescophoto.it\/blog\/wp-json\/wp\/v2\/media?parent=39904"}],"wp:term":[{"taxonomy":"category","embeddable":true,"href":"https:\/\/francescophoto.it\/blog\/wp-json\/wp\/v2\/categories?post=39904"},{"taxonomy":"post_tag","embeddable":true,"href":"https:\/\/francescophoto.it\/blog\/wp-json\/wp\/v2\/tags?post=39904"}],"curies":[{"name":"wp","href":"https:\/\/api.w.org\/{rel}","templated":true}]}}