{"id":3965,"date":"2010-03-30T16:36:53","date_gmt":"2010-03-30T15:36:53","guid":{"rendered":"http:\/\/francescophoto.wordpress.com\/?p=3965"},"modified":"2010-03-30T16:36:53","modified_gmt":"2010-03-30T15:36:53","slug":"report-dal-photo-show","status":"publish","type":"post","link":"https:\/\/francescophoto.it\/blog\/2010\/03\/30\/report-dal-photo-show\/","title":{"rendered":"Report dal Photo Show"},"content":{"rendered":"<p><a href=\"http:\/\/blog.francescophoto.it\/wp-content\/uploads\/2010\/03\/photoshow.jpg\"><img loading=\"lazy\" decoding=\"async\" class=\"alignright size-thumbnail wp-image-3900\" title=\"Photoshow\" src=\"http:\/\/blog.francescophoto.it\/wp-content\/uploads\/2010\/03\/photoshow.jpg?w=128\" alt=\"\" width=\"128\" height=\"77\" \/><\/a>Domenica e luned\u00ec scorsi ho finalmente avuto la possibilit\u00e0 di visitare il Photo Show, quest&#8217;anno organizzato a Roma. La mostra era ospitata nei nuovi padiglioni della Fiera di Roma, molto ampi ed accoglienti, finalmente all&#8217;altezza della capitale, e facilmente raggiungibili, sia dalla citt\u00e0 che dall&#8217;aereoporto, con ampi parcheggi a disposizione.<br \/>\nPer visitare tutti gli stand sono stato due volte al Photo Show, ma nonostante ci\u00f2 non ho visto tutto quello che ci poteva essere di interessante, vista la notevole partecipazione di espositori. Per la fotografia c&#8217;erano comunque tutti i nomi importanti.<br \/>\nCercher\u00f2 di raccontare di seguito quali sono stati i prodotti e le cose che mi hanno colpito di pi\u00f9, riservandomi di riparlare in altri articoli di quelli pi\u00f9 interessanti.<!--more--><\/p>\n<p>Ho cominciato il mio giro, in compagnia di due amici, dal padiglione 8, quello pi\u00f9 lontano dall&#8217;ingresso e perci\u00f2 meno affollato.<br \/>\n<a href=\"http:\/\/blog.francescophoto.it\/wp-content\/uploads\/2010\/03\/dsc_8922_a3.jpg\"><img loading=\"lazy\" decoding=\"async\" class=\"alignnone size-large wp-image-3970\" title=\"DSC_8922_a3\" src=\"http:\/\/blog.francescophoto.it\/wp-content\/uploads\/2010\/03\/dsc_8922_a3.jpg?w=500\" alt=\"\" width=\"500\" height=\"334\" srcset=\"https:\/\/francescophoto.it\/blog\/wp-content\/uploads\/2010\/03\/dsc_8922_a3.jpg 1024w, https:\/\/francescophoto.it\/blog\/wp-content\/uploads\/2010\/03\/dsc_8922_a3-500x334.jpg 500w, https:\/\/francescophoto.it\/blog\/wp-content\/uploads\/2010\/03\/dsc_8922_a3-768x514.jpg 768w\" sizes=\"auto, (max-width: 500px) 100vw, 500px\" \/><\/a><br \/>\nQui erano presenti case importanti come Fuji, Sony e Nikon, mentre Canon, pentax e Olympus erano al 6.<\/p>\n<p><a href=\"http:\/\/blog.francescophoto.it\/wp-content\/uploads\/2010\/03\/dsc_8939_a3.jpg\"><img loading=\"lazy\" decoding=\"async\" class=\"alignright size-large wp-image-3974\" title=\"DSC_8939_a3\" src=\"http:\/\/blog.francescophoto.it\/wp-content\/uploads\/2010\/03\/dsc_8939_a3.jpg?w=500\" alt=\"\" width=\"500\" height=\"334\" srcset=\"https:\/\/francescophoto.it\/blog\/wp-content\/uploads\/2010\/03\/dsc_8939_a3.jpg 1024w, https:\/\/francescophoto.it\/blog\/wp-content\/uploads\/2010\/03\/dsc_8939_a3-500x334.jpg 500w, https:\/\/francescophoto.it\/blog\/wp-content\/uploads\/2010\/03\/dsc_8939_a3-768x514.jpg 768w\" sizes=\"auto, (max-width: 500px) 100vw, 500px\" \/><\/a>Il primo stand interessante che incontro \u00e8 quello della Fuji nel quale, oltre alle attrezzature professionali di stampa ed agli obiettivi professionali per il video, un posto d&#8217;onore spettava alla nuova HS10 con un banco dedicato. La fotocamera si presenta piccola, leggera e maneggevole, nonostante il notevolissimo zoom 30x (24-720 equivalente) per fortuna a comando manuale. Anche la sua capacit\u00e0 di ripresa macro praticamente a contatto della lente frontale \u00e8 notevolissima. Ho effettuato qualche scatto impostando anche le sensibilit\u00e0 pi\u00f9 elevate e ne riparleremo.<\/p>\n<p><a href=\"http:\/\/blog.francescophoto.it\/wp-content\/uploads\/2010\/03\/dsc_8932_a3.jpg\"><img loading=\"lazy\" decoding=\"async\" class=\"alignleft size-large wp-image-3971\" title=\"DSC_8932_a3\" src=\"http:\/\/blog.francescophoto.it\/wp-content\/uploads\/2010\/03\/dsc_8932_a3.jpg?w=500\" alt=\"\" width=\"500\" height=\"334\" srcset=\"https:\/\/francescophoto.it\/blog\/wp-content\/uploads\/2010\/03\/dsc_8932_a3.jpg 1024w, https:\/\/francescophoto.it\/blog\/wp-content\/uploads\/2010\/03\/dsc_8932_a3-500x334.jpg 500w, https:\/\/francescophoto.it\/blog\/wp-content\/uploads\/2010\/03\/dsc_8932_a3-768x514.jpg 768w\" sizes=\"auto, (max-width: 500px) 100vw, 500px\" \/><\/a>Subito dopo\u00a0ho visto\u00a0i due megastand di Nikon e Sony, uno accanto all&#8217;altro. Ho iniziato da quello Sony, che secondo me \u00e8 stato il pi\u00f9 bello e meglio organizzato della mostra. Al centro\u00a0era dominato da un banco circolare su cui\u00a0erano disponibili per la prova tutte le reflex Sony di classe pi\u00f9 elevata e alcune videocamere. Al centro del cerchio posavano due simpatiche e bravissime modelle, Black and White. Ho iniziato a fotografare con l&#8217;Alpha A850 con lo Zeiss 24-70\/2,8, ma sono passato subito ad un&#8217;altra con il 70-300 G per poter effettuare dei ritratti pi\u00f9 ravvicinati delle due modelle, poi ho provato anche la A900 e la A550. La A850 e soprattutto la A900 mi sono piaciute molto sia per la solida costruzione e l&#8217;ottima ergonomia e maneggevolezza, sia per il bellissimo mirino di grandi dimensioni. Attorno a questo banco principale c&#8217;erano poi dei banchi dedicati alle compatte, alle videocamere ed alle reflex pi\u00f9 economiche. Simpatico anche il set su cui correva un trenino elettrico per provare la velocit\u00e0 di messa a fuoco delle reflex in live view. C&#8217;er\u00e0 poi un piccolo padiglione in cui venivano illustrate le caratteristiche ed i vantaggi dei sensori retroilluminati.<\/p>\n<p><a href=\"http:\/\/blog.francescophoto.it\/wp-content\/uploads\/2010\/03\/dsc_8935_a3.jpg\"><img loading=\"lazy\" decoding=\"async\" class=\"alignright size-large wp-image-3973\" title=\"DSC_8935_a3\" src=\"http:\/\/blog.francescophoto.it\/wp-content\/uploads\/2010\/03\/dsc_8935_a3.jpg?w=500\" alt=\"\" width=\"500\" height=\"334\" srcset=\"https:\/\/francescophoto.it\/blog\/wp-content\/uploads\/2010\/03\/dsc_8935_a3.jpg 1024w, https:\/\/francescophoto.it\/blog\/wp-content\/uploads\/2010\/03\/dsc_8935_a3-500x334.jpg 500w, https:\/\/francescophoto.it\/blog\/wp-content\/uploads\/2010\/03\/dsc_8935_a3-768x514.jpg 768w\" sizes=\"auto, (max-width: 500px) 100vw, 500px\" \/><\/a>Di Fronte alla Sony c&#8217;era lo stand Nikon nel quale era allestito un palcoscenico con platea in cui si svolgevano spettacoli e si esibivano modelle.<br \/>\nDietro la platea, in posizione sopraelevata erano disponibili alcuni modelli di reflex Nikon professionali, D3s, D3x\u00a0ecc. con vari \u00a0teleobiettivi per effettuare scatti di prova. Il teatro era sempre molto affollato e quindi, non avendo Nikon novit\u00e0 rispetto a quanto presentato nei mesi scorsi, almeno nella gamma reflex, non ho provato nemmeno a mettermi in fila. Ho solo fatto qualche scatto di prova con una D300s direttamente al bancone dello stand.<br \/>\n<a href=\"http:\/\/blog.francescophoto.it\/wp-content\/uploads\/2010\/03\/dsc_8941_a3.jpg\"><img loading=\"lazy\" decoding=\"async\" class=\"alignleft size-large wp-image-3976\" title=\"DSC_8941_a3\" src=\"http:\/\/blog.francescophoto.it\/wp-content\/uploads\/2010\/03\/dsc_8941_a3.jpg?w=500\" alt=\"\" width=\"500\" height=\"334\" srcset=\"https:\/\/francescophoto.it\/blog\/wp-content\/uploads\/2010\/03\/dsc_8941_a3.jpg 1024w, https:\/\/francescophoto.it\/blog\/wp-content\/uploads\/2010\/03\/dsc_8941_a3-500x334.jpg 500w, https:\/\/francescophoto.it\/blog\/wp-content\/uploads\/2010\/03\/dsc_8941_a3-768x514.jpg 768w\" sizes=\"auto, (max-width: 500px) 100vw, 500px\" \/><\/a>\u00a0Dall&#8217;altro lato dello stand c&#8217;era anche una postazione con computer Apple iMac con schermo da 27\u00a0e installato il software Nikon Capture NX, View Nx e altri. Era possibile vedere\u00a0dimostrazioni dei software Nikon per conversione raw, ritocco e controllo della fotocamera,\u00a0 e\u00a0effettuare prove anche con la propria macchina. Lo stand era naturalmente uno dei pi\u00f9 affollati, ma anche uno dei pi\u00f9 rumorosi quando c&#8217;erano gli spettacoli organizzati sul palco.<br \/>\nSeparatamente erano esposte le compatte, i flash, gli accessori e tutti i prodotti Nikon e quelli rappresentati dalla Nital<\/p>\n<p><a href=\"http:\/\/blog.francescophoto.it\/wp-content\/uploads\/2010\/03\/dsc_8936_cr_a3.jpg\"><img loading=\"lazy\" decoding=\"async\" class=\"alignright size-large wp-image-3977\" title=\"DSC_8936_cr_a3\" src=\"http:\/\/blog.francescophoto.it\/wp-content\/uploads\/2010\/03\/dsc_8936_cr_a3.jpg?w=500\" alt=\"\" width=\"500\" height=\"333\" srcset=\"https:\/\/francescophoto.it\/blog\/wp-content\/uploads\/2010\/03\/dsc_8936_cr_a3.jpg 1024w, https:\/\/francescophoto.it\/blog\/wp-content\/uploads\/2010\/03\/dsc_8936_cr_a3-500x334.jpg 500w, https:\/\/francescophoto.it\/blog\/wp-content\/uploads\/2010\/03\/dsc_8936_cr_a3-768x513.jpg 768w\" sizes=\"auto, (max-width: 500px) 100vw, 500px\" \/><\/a>Accanto\u00a0alla Nikon quasi scompariva lo stand Fowa nel quale erano esposte le Pentax. Ho provato le ottime K-7 e K-x con vari obiettivi, fra cui il pi\u00f9 notevole \u00e8 senz&#8217;altro il 50-135\/2,8 molto veloce nella messa a fuoco e con un&#8217;elevata qualit\u00e0 ottica. La K-7 \u00e8 molto compatta, ma ha un aspetto solido e ben rifinito, un ottimo mirino e la possibilit\u00e0 di arrivare, con 14 Mpx, fino a 6400 Iso. Ho scattato un po&#8217; di foto e vedremo i risultati.<br \/>\nLa K-x, molto simpatica con le sue versioni colorate, ha meno Mpx, solo 12, ma una sensibilit\u00e0 massima pi\u00f9 alta e dovrebbe gerantire anche lei buoni risultati. Ll&#8217;unico vero difetto \u00e8 il fatto che i punti AF non sono visualizzati nel mirino.<\/p>\n<p><a href=\"http:\/\/blog.francescophoto.it\/wp-content\/uploads\/2010\/03\/dsc_8938_cr_a3.jpg\"><img loading=\"lazy\" decoding=\"async\" class=\"alignleft size-large wp-image-3978\" title=\"DSC_8938_cr_a3\" src=\"http:\/\/blog.francescophoto.it\/wp-content\/uploads\/2010\/03\/dsc_8938_cr_a3.jpg?w=500\" alt=\"\" width=\"500\" height=\"333\" srcset=\"https:\/\/francescophoto.it\/blog\/wp-content\/uploads\/2010\/03\/dsc_8938_cr_a3.jpg 1024w, https:\/\/francescophoto.it\/blog\/wp-content\/uploads\/2010\/03\/dsc_8938_cr_a3-500x334.jpg 500w, https:\/\/francescophoto.it\/blog\/wp-content\/uploads\/2010\/03\/dsc_8938_cr_a3-768x513.jpg 768w\" sizes=\"auto, (max-width: 500px) 100vw, 500px\" \/><\/a>Nello stesso stand c&#8217;era anche\u00a0Panasonic con le sue Micro 4\/3 fra cui le nuove G2 e G10 e la GF1.<br \/>\nHo potuto vedere e provare la nuova G2, piccola e leggera, ma non pi\u00f9 di tanto rispetto alle pi\u00f9 piccole reflex, in particolare con lo zoom 14-150,\u00a0e sicuramente non tascabile, e la GF1, che non mi \u00e8 particolarmente piaciuta esteticamente, anche se \u00e8 una valida fotocamera. Ho comunque fatto un po&#8217; di scatti di prova con vari obiettivi e vedremo quali saranno i risultati a confronto anche con le concorrenti.\u00a0<\/p>\n<p><a href=\"http:\/\/blog.francescophoto.it\/wp-content\/uploads\/2010\/03\/dsc_8934_a3.jpg\"><img loading=\"lazy\" decoding=\"async\" class=\"alignright size-large wp-image-3979\" title=\"DSC_8934_a3\" src=\"http:\/\/blog.francescophoto.it\/wp-content\/uploads\/2010\/03\/dsc_8934_a3.jpg?w=500\" alt=\"\" width=\"500\" height=\"334\" srcset=\"https:\/\/francescophoto.it\/blog\/wp-content\/uploads\/2010\/03\/dsc_8934_a3.jpg 1024w, https:\/\/francescophoto.it\/blog\/wp-content\/uploads\/2010\/03\/dsc_8934_a3-500x334.jpg 500w, https:\/\/francescophoto.it\/blog\/wp-content\/uploads\/2010\/03\/dsc_8934_a3-768x514.jpg 768w\" sizes=\"auto, (max-width: 500px) 100vw, 500px\" \/><\/a>Sono passato poi allo stand Mamiya Trading con Sigma e Ricoh. Della Sigma\u00a0ero particolarmente interessato alle fotocamere con il sensore Foveon.<br \/>\nPurtroppo non era ancora disponibile la reflex SD15 e mi sono dovuto accontentare della compatta DP2, una delle poche compatte con un sensore di grandi dimensioni, quasi APS, ma con un obiettivo fisso da circa 42 mm equivalente. E&#8217; comunque interessante perch\u00e8 il sensore Foveon garantisce una ottima resa dei colori e una elevata risoluzione a causa dell&#8217;assenza del filtro anti alias. Ne riparleremo.<br \/>\nFra gli obiettivi\u00a0avrei voluto\u00a0provare il nuovo 17-50\/2,8 OS HSM, ma\u00a0quello disponibile era\u00a0solo un prototipo e non \u00e8 stato possibile provarlo. Era disponibile per la prova invece il 120-400 OS HSM che si r\u00e8 ivelato molto rapido e silenzioso nella messa a fuoco, con un ottimo sistema di stabilizzazione, visibile anche nel mirino, e non troppo pesante ed ingombrante. Globalmente mi \u00e8 piaciuto.<\/p>\n<p>Finito il giro nel padiglione 8 passo al 6.<\/p>\n<p><a href=\"http:\/\/blog.francescophoto.it\/wp-content\/uploads\/2010\/03\/dsc_8944_a3.jpg\"><img loading=\"lazy\" decoding=\"async\" class=\"alignnone size-large wp-image-3980\" title=\"DSC_8944_a3\" src=\"http:\/\/blog.francescophoto.it\/wp-content\/uploads\/2010\/03\/dsc_8944_a3.jpg?w=500\" alt=\"\" width=\"500\" height=\"334\" srcset=\"https:\/\/francescophoto.it\/blog\/wp-content\/uploads\/2010\/03\/dsc_8944_a3.jpg 1024w, https:\/\/francescophoto.it\/blog\/wp-content\/uploads\/2010\/03\/dsc_8944_a3-500x334.jpg 500w, https:\/\/francescophoto.it\/blog\/wp-content\/uploads\/2010\/03\/dsc_8944_a3-768x514.jpg 768w\" sizes=\"auto, (max-width: 500px) 100vw, 500px\" \/><\/a><\/p>\n<p>Qui gli stand di spicco sono Canon e Olympus.<a href=\"http:\/\/blog.francescophoto.it\/wp-content\/uploads\/2010\/03\/dsc_8980_a3.jpg\"><img loading=\"lazy\" decoding=\"async\" class=\"alignright size-large wp-image-3981\" title=\"DSC_8980_a3\" src=\"http:\/\/blog.francescophoto.it\/wp-content\/uploads\/2010\/03\/dsc_8980_a3.jpg?w=500\" alt=\"\" width=\"500\" height=\"334\" srcset=\"https:\/\/francescophoto.it\/blog\/wp-content\/uploads\/2010\/03\/dsc_8980_a3.jpg 1024w, https:\/\/francescophoto.it\/blog\/wp-content\/uploads\/2010\/03\/dsc_8980_a3-500x334.jpg 500w, https:\/\/francescophoto.it\/blog\/wp-content\/uploads\/2010\/03\/dsc_8980_a3-768x514.jpg 768w\" sizes=\"auto, (max-width: 500px) 100vw, 500px\" \/><\/a><\/p>\n<p>In quello Canon la novit\u00e0 \u00e8 naturalmente la 550D con il sensore da 18 Mpx simile a quello della 7D, che\u00a0sono riuscito\u00a0ad avere in prova. Vicino al bancone presso il quale si provano le reflex \u00e8 allestito un piccolo set di posa con una modella, ma quando mi sono avvicinato, allontanandomi dal bancone, l&#8217;addetto ha obiettato che non\u00a0avrei potuto\u00a0allontanarmi con la macchina in prova. Gli ho risposto che fotografare lui non mi ispirava\u00a0mentre la modella\u00a0si e, dopo aver lasciato in ostaggio un amico,ho \u00a0iniziato a fotografare.<br \/>\nMolto male organizzato comunque!<\/p>\n<p><a href=\"http:\/\/blog.francescophoto.it\/wp-content\/uploads\/2010\/03\/dsc_8978_a3.jpg\"><img loading=\"lazy\" decoding=\"async\" class=\"alignleft size-large wp-image-3982\" title=\"DSC_8978_a3\" src=\"http:\/\/blog.francescophoto.it\/wp-content\/uploads\/2010\/03\/dsc_8978_a3.jpg?w=500\" alt=\"\" width=\"500\" height=\"334\" srcset=\"https:\/\/francescophoto.it\/blog\/wp-content\/uploads\/2010\/03\/dsc_8978_a3.jpg 1024w, https:\/\/francescophoto.it\/blog\/wp-content\/uploads\/2010\/03\/dsc_8978_a3-500x334.jpg 500w, https:\/\/francescophoto.it\/blog\/wp-content\/uploads\/2010\/03\/dsc_8978_a3-768x514.jpg 768w\" sizes=\"auto, (max-width: 500px) 100vw, 500px\" \/><\/a>Sono poi passato ad Olympus dove\u00a0ero interessato sia alle reflex sia alle Pen.<br \/>\nFra le reflex ho provato la E-30, molto ben costruita e con un buon mirino, anche se un po&#8217; piccolo. Vedr\u00f2 di pubblicarne qualche foto.<br \/>\nHo iniziato\u00a0poi con le Pen. Erano presenti le E-P1, E-P2 e E-PL1, anche se sul catalogo 2010 di Olympus la E-P1 non \u00e8 pi\u00f9 presente.\u00a0Ho provato\u00a0subito la E-P2 che mi \u00e8 sembrata la pi\u00f9 interessante, mentre la E-Pl1 mi \u00e8\u00a0sembrata un po troppo economica come livello di costruzione.\u00a0La E-P2 \u00e8\u00a0molto ben costruita e rifinita e piacevole da tenere in mano. L&#8217;aggiunta del mirino, di ottima qualit\u00e0 per un elettronico con 1.440.000 pixel, inseribile sulla staffa portaaccessori,\u00a0 <a href=\"http:\/\/blog.francescophoto.it\/wp-content\/uploads\/2010\/03\/dsc_8973_a3.jpg\"><img loading=\"lazy\" decoding=\"async\" class=\"alignleft size-large wp-image-3983\" title=\"DSC_8973_a3\" src=\"http:\/\/blog.francescophoto.it\/wp-content\/uploads\/2010\/03\/dsc_8973_a3.jpg?w=500\" alt=\"\" width=\"500\" height=\"334\" srcset=\"https:\/\/francescophoto.it\/blog\/wp-content\/uploads\/2010\/03\/dsc_8973_a3.jpg 1024w, https:\/\/francescophoto.it\/blog\/wp-content\/uploads\/2010\/03\/dsc_8973_a3-500x334.jpg 500w, https:\/\/francescophoto.it\/blog\/wp-content\/uploads\/2010\/03\/dsc_8973_a3-768x514.jpg 768w\" sizes=\"auto, (max-width: 500px) 100vw, 500px\" \/><\/a>ovvia poi ad uno dei difetti della E-P1, la necessit\u00e0 di dover sempre inquadrare sullo schermo anche in pieno sole, con scarsa visibilit\u00e0. o usando obiettivi lunghi con scarsa stabilit\u00e0. La messa a fuoco si rivela abbastanza rapida anche in poca luce. Mi\u00a0\u00e8 stato\u00a0proposto poi di provare la E-P2 con un obiettivo manuale Olympus OM, montato tramite adattatore. La prova \u00e8 stata\u00a0molto interessante e una rivelazione: la messa a fuoco con questo obiettivo 50\/1,8, equivalente ad un 100, \u00e8 molto facile ed immediata, sia sullo schermo che soprattutto nel mirino elettronico. Questo consente di usare con estrema facilit\u00e0 questi splendidi obiettivi e l&#8217;amico che era con me gi\u00e0 progetta di poter riutilizzare con il digitale tutta la sua attrezzatura e i <a href=\"http:\/\/blog.francescophoto.it\/wp-content\/uploads\/2010\/03\/dsc_8972_a3.jpg\"><img loading=\"lazy\" decoding=\"async\" class=\"alignright size-large wp-image-3984\" title=\"DSC_8972_a3\" src=\"http:\/\/blog.francescophoto.it\/wp-content\/uploads\/2010\/03\/dsc_8972_a3.jpg?w=500\" alt=\"\" width=\"500\" height=\"334\" srcset=\"https:\/\/francescophoto.it\/blog\/wp-content\/uploads\/2010\/03\/dsc_8972_a3.jpg 1024w, https:\/\/francescophoto.it\/blog\/wp-content\/uploads\/2010\/03\/dsc_8972_a3-500x334.jpg 500w, https:\/\/francescophoto.it\/blog\/wp-content\/uploads\/2010\/03\/dsc_8972_a3-768x514.jpg 768w\" sizes=\"auto, (max-width: 500px) 100vw, 500px\" \/><\/a>suoi obiettivi per macro Olympus OM. Anche io penso che potrei riutilizzare i miei favolosi Zuiko col digitale, perdipi\u00f9 stabilizzati. Effettivamente una mossa vincente da parte di Olympus per rifidelizzare i suoi vecchi fans.<\/p>\n<p>Accanto ad Olympus c&#8217;\u00e8 il piccolo stand di Tamron dove ho provato il nuovo 17-50\/2,8 VC, che ha rivelato un AF molto rapido e preciso, mentre il 70-200\/2,8 molto valido otticamente, si \u00e8 mostrato meno pronto e pi\u00f9 lento a mettere a fuoco. Sono stato\u00a0 informato per\u00f2 che di questo e di altri obiettivi presto verr\u00e0 presentata una nuova versione dotata di motore ad ultrasuoni molto pi\u00f9 veloce.<\/p>\n<p><a href=\"http:\/\/blog.francescophoto.it\/wp-content\/uploads\/2010\/03\/dsc_8976_a3.jpg\"><img loading=\"lazy\" decoding=\"async\" class=\"alignright size-large wp-image-3985\" title=\"DSC_8976_a3\" src=\"http:\/\/blog.francescophoto.it\/wp-content\/uploads\/2010\/03\/dsc_8976_a3.jpg?w=500\" alt=\"\" width=\"500\" height=\"334\" srcset=\"https:\/\/francescophoto.it\/blog\/wp-content\/uploads\/2010\/03\/dsc_8976_a3.jpg 1024w, https:\/\/francescophoto.it\/blog\/wp-content\/uploads\/2010\/03\/dsc_8976_a3-500x334.jpg 500w, https:\/\/francescophoto.it\/blog\/wp-content\/uploads\/2010\/03\/dsc_8976_a3-768x514.jpg 768w\" sizes=\"auto, (max-width: 500px) 100vw, 500px\" \/><\/a>Verso il fondo del padiglione c&#8217;era l&#8217;enorme stand Samsung dove la novit\u00e0 da provare \u00e8 la NX10, APS a d ottica intercambiabile compatta. L&#8217;ingombro \u00e8 simile alla Panasonic G2, pur avendo un sensore pi\u00f9 grande. Il mirino molto buono e lo schermo AMOLED altrettanto. Samsung \u00e8 maesta in questo. Ho provato la fotocamera con l&#8217;obiettivo in kit 18-55 e poi con il 30\/2,0. Dalle prime impressioni mi sembra che ci sia una notevole differenza di nitidezza fra i due con grande vantaggio del focale fissa, ma devo ancora approfondire l&#8217;esame. Oltre a questi obiettivi era disponibile anche un 50-200.<\/p>\n<p><a href=\"http:\/\/blog.francescophoto.it\/wp-content\/uploads\/2010\/03\/dsc_8971_cr_a3.jpg\"><img loading=\"lazy\" decoding=\"async\" class=\"alignleft size-large wp-image-3986\" title=\"DSC_8971_cr_a3\" src=\"http:\/\/blog.francescophoto.it\/wp-content\/uploads\/2010\/03\/dsc_8971_cr_a3.jpg?w=500\" alt=\"\" width=\"500\" height=\"333\" srcset=\"https:\/\/francescophoto.it\/blog\/wp-content\/uploads\/2010\/03\/dsc_8971_cr_a3.jpg 1024w, https:\/\/francescophoto.it\/blog\/wp-content\/uploads\/2010\/03\/dsc_8971_cr_a3-500x333.jpg 500w, https:\/\/francescophoto.it\/blog\/wp-content\/uploads\/2010\/03\/dsc_8971_cr_a3-768x512.jpg 768w\" sizes=\"auto, (max-width: 500px) 100vw, 500px\" \/><\/a>Allo stand Casio poco pi\u00f9 in l\u00e0 ci sono moltissime compatte. All&#8217;aspetto sembrano tutte uguali, tranne la Exilim EX-G1 impermeabile fino a 3 metri e resistente agli urti, molto adatta quindi a spiaggia, barca e neve, che per\u00f2 non posso provare in quanto \u00e8 solo un modellino.<br \/>\nUltimo stand che ho visitato \u00e8 quello della Aproma dove\u00a0erano esposti gli ottimi monitor Eizo, adatti per fotografia e fra i quali ho scoperto che ne esistono alcuni con prezzo non esagerato e quindi accessibile, sui 400-500 \u20ac.<\/p>\n<p>Infine alcune considerazioni sulla mostra globalmente che mi sembra abbia avuto un notevole successo e comunque \u00e8 stata ben organizzata avvantaggiandosi anche dell&#8217;ottima logistica offerta dalla nuova Fiera di Roma. Peccato che sia durata solo 3 giorni.<\/p>\n","protected":false},"excerpt":{"rendered":"<p>Domenica e luned\u00ec scorsi ho finalmente avuto la possibilit\u00e0 di visitare il Photo Show, quest&#8217;anno organizzato a Roma. La mostra era ospitata nei nuovi padiglioni della Fiera di Roma, molto ampi ed accoglienti, finalmente all&#8217;altezza della capitale, e facilmente raggiungibili, sia dalla citt\u00e0 che dall&#8217;aereoporto, con ampi parcheggi a disposizione. Per visitare tutti gli stand &hellip; <a href=\"https:\/\/francescophoto.it\/blog\/2010\/03\/30\/report-dal-photo-show\/\" class=\"more-link\">Continua la lettura di <span class=\"screen-reader-text\">Report dal Photo Show<\/span> <span class=\"meta-nav\">&rarr;<\/span><\/a><\/p>\n","protected":false},"author":1,"featured_media":0,"comment_status":"open","ping_status":"open","sticky":false,"template":"","format":"standard","meta":{"_jetpack_memberships_contains_paid_content":false,"footnotes":""},"categories":[11,17],"tags":[1003,1077],"class_list":["post-3965","post","type-post","status-publish","format-standard","hentry","category-eventi","category-generale","tag-photo-show","tag-roma"],"jetpack_featured_media_url":"","jetpack_sharing_enabled":true,"_links":{"self":[{"href":"https:\/\/francescophoto.it\/blog\/wp-json\/wp\/v2\/posts\/3965","targetHints":{"allow":["GET"]}}],"collection":[{"href":"https:\/\/francescophoto.it\/blog\/wp-json\/wp\/v2\/posts"}],"about":[{"href":"https:\/\/francescophoto.it\/blog\/wp-json\/wp\/v2\/types\/post"}],"author":[{"embeddable":true,"href":"https:\/\/francescophoto.it\/blog\/wp-json\/wp\/v2\/users\/1"}],"replies":[{"embeddable":true,"href":"https:\/\/francescophoto.it\/blog\/wp-json\/wp\/v2\/comments?post=3965"}],"version-history":[{"count":0,"href":"https:\/\/francescophoto.it\/blog\/wp-json\/wp\/v2\/posts\/3965\/revisions"}],"wp:attachment":[{"href":"https:\/\/francescophoto.it\/blog\/wp-json\/wp\/v2\/media?parent=3965"}],"wp:term":[{"taxonomy":"category","embeddable":true,"href":"https:\/\/francescophoto.it\/blog\/wp-json\/wp\/v2\/categories?post=3965"},{"taxonomy":"post_tag","embeddable":true,"href":"https:\/\/francescophoto.it\/blog\/wp-json\/wp\/v2\/tags?post=3965"}],"curies":[{"name":"wp","href":"https:\/\/api.w.org\/{rel}","templated":true}]}}