{"id":39544,"date":"2017-03-11T02:01:23","date_gmt":"2017-03-11T01:01:23","guid":{"rendered":"http:\/\/blog.francescophoto.it\/?p=39544"},"modified":"2017-03-11T02:01:23","modified_gmt":"2017-03-11T01:01:23","slug":"fotografare-il-paesaggio-i-parte","status":"publish","type":"post","link":"https:\/\/francescophoto.it\/blog\/2017\/03\/11\/fotografare-il-paesaggio-i-parte\/","title":{"rendered":"Fotografare il paesaggio: I parte"},"content":{"rendered":"<figure id=\"attachment_39579\" aria-describedby=\"caption-attachment-39579\" style=\"width: 128px\" class=\"wp-caption alignright\"><a href=\"https:\/\/francescophoto.files.wordpress.com\/2017\/03\/dsc_1327_nx_um25.jpg\"><img loading=\"lazy\" decoding=\"async\" class=\"wp-image-39579 size-thumbnail\" src=\"https:\/\/francescophoto.files.wordpress.com\/2017\/03\/dsc_1327_nx_um25.jpg?w=128\" alt=\"\" width=\"128\" height=\"85\" srcset=\"https:\/\/francescophoto.it\/blog\/wp-content\/uploads\/2017\/03\/dsc_1327_nx_um25.jpg 1631w, https:\/\/francescophoto.it\/blog\/wp-content\/uploads\/2017\/03\/dsc_1327_nx_um25-500x331.jpg 500w, https:\/\/francescophoto.it\/blog\/wp-content\/uploads\/2017\/03\/dsc_1327_nx_um25-768x509.jpg 768w, https:\/\/francescophoto.it\/blog\/wp-content\/uploads\/2017\/03\/dsc_1327_nx_um25-1536x1017.jpg 1536w\" sizes=\"auto, (max-width: 128px) 100vw, 128px\" \/><\/a><figcaption id=\"caption-attachment-39579\" class=\"wp-caption-text\">Al tramonto con nuvole<\/figcaption><\/figure>\n<p>La fotografia di paesaggio \u00e8 uno dei generi che pi\u00f9 affascinano e spesso pi\u00f9 praticato dalla maggior parte dei fotografi. Capita a tutti di ammirare un bel paesaggio e di volerlo fotografare per portarsene a casa il ricordo e mostrarlo ad altri condividendone le emozioni suscitate.<br \/>\nSpesso per\u00f2 ci si accorge che il risultato non corrisponde a quanto si era visto, che non rende le stesse sensazioni ed emozioni e si vorrebbe capire come fare per migliorare le proprie capacit\u00e0 fotografiche in modo da ottenere i risultati voluti.<br \/>\nIn questo articolo prover\u00f2 a dare alcuni suggerimenti ed alcune indicazioni per fotografare il paesaggio, senza la pretesa di essere esaustivo. Sono solo dei consigli maturati con l&#8217;esperienza e con tante foto.<!--more--><\/p>\n<p>Spesso si vedono in rete o su riviste fotografiche o meno, ottimo esempio \u00e8 il National Geographic, foto di paesaggio e si leggono articoli ed interviste a famosi paesaggisti, per\u00f2 normalmente sono paesaggi lontani, esoterici, belli, ma difficilmente raggiungibili dal fotoamatore che con tutti i suoi impegni pu\u00f2 dedicare alle foto i fine settimana o qualche periodo di vacanza. Foto di paesaggio per\u00f2 si possono fare dappertutto, anche vicino casa, siamo circondati dal paesaggio, quindi \u00e8 possibile sempre fotografare e ricavare qualcosa di buono.<br \/>\nQuando si leggono articoli e manuali sulle foto di paesaggio spesso questi iniziano dando grande spazio alle attrezzature, fotocamere, obiettivi, accessori, e magari meno al resto. Questo \u00e8 indubbiamente un aspetto importante, ma \u00e8 in secondo piano rispetto ad altre scelte che si devono fare e quindi ne parler\u00f2 successivamente nel corso dei prossimi articoli. Per adesso posso dire che tutte o quasi le fotocamere possono essere usate per fotografare il paesaggio.<br \/>\nSeguono poi in genere indicazioni e suggerimenti su tempi, diaframmi, filtri, uso di treppiedi ed altro. Anche questo \u00e8 importante, ma meno di un giusta scelta di luce, composizione,colori,\u00a0 struttura, semplificazione ed inquadratura di una foto, quindi ne parler\u00f2 successivamente.<br \/>\nAnteporre queste indicazioni a quelle ben pi\u00f9 importanti che servono veramente a fare e strutturare una foto di paesaggio pu\u00f2 far credere al neofita o all&#8217;inesperto che per fare belle foto di paesaggio sia per prima cosa necessaria un&#8217;attrezzatura di alta qualit\u00e0 e costo (cosa utile, ma non sempre necessaria) e poi che sia importante dedicare molto tempo alle regolazioni, magari manuali. Poi si scatta e via \u00e8 tutto fatto. Cos\u00ec quando i risultati ottenuti non saranno soddisfacenti molti abbandoneranno la fotografia credendosi incapaci, altri daranno la colpa alla macchina inadeguata e ne andranno a cercare una migliore secondo loro, ma non otterranno lo stesso risultati. Io seguir\u00f2 uno schema opposto e prima dar\u00f2 indicazioni per fare buone foto, poi per le regolazioni e le attrezzature.<br \/>\nSe poi si vedono le foto proposte come esempi, fatte da autori famosi, quasi sempre sono di localit\u00e0 lontane, esotiche e difficilmente raggiungibili. Sembra quasi che se non si vada all&#8217;equatore, in antartide o in un deserto o una giungla, con attrezzature costosissime, non si possano fare foto di paesaggio. Questo pu\u00f2 scoraggiare molti, ma \u00e8 un falso problema: si possono fare ottime foto di paesaggio anche dietro casa se si \u00e8 bravi fotografi. Lasciamo invece quel tipo di foto a chi viene pagato per andare sul luogo e farle.<\/p>\n<p>Per fare buone foto di paesaggio non basta per\u00f2 prendere la fotocamera ed uscire. E&#8217; necessario un lavoro preliminare di studio e preparazione se si vogliono ottenere buoni risultati.<br \/>\nLa prima cosa da fare \u00e8 quella di documentarsi sui luoghi ed i paesaggi che si vogliono fotografare, anche se sono vicini e magari gi\u00e0 li si conosce. Questo si pu\u00f2 fare in rete e leggendo libri, guide e riviste, chiedendo a chi c&#8217;\u00e8 gi\u00e0 stato. Occorre capire quali sono le loro caratteristiche e gli aspetti interessanti che possono essere spunto di buone fotografie. Si dovr\u00e0 valutare poi quali potrebbero essere le condizioni migliori di luce per fotografarli e quali saranno le condizioni climatiche quando li andremo a fotografare. Una buona idea potrebbe essere quella di andare preventivamente sul luogo per conoscerlo e studiarlo, per vedere quali sono le sue caratteristiche e i suoi aspetti migliori da fotografare, anche se non sempre questo \u00e8 possibile. Naturalmente quando si parla di paesaggio di solito si pensa alla campagna, le colline, la montagna e il mare, ma paesaggio \u00e8 pure quello urbano e in questo caso sar\u00e0 pi\u00f9 facile conoscere gli aspetti interessanti della propria citt\u00e0 o paese, ma \u00e8 necessario comunque informarsi e documentarsi.<\/p>\n<p>Vediamo quali sono i fattori principali da tenere in considerazione per delle buone foto di paesaggio, rimandando come detto gli aspetti tecnici e di attrezzatura agli articoli successivi.<\/p>\n<p>La luce disponibile \u00e8 fondamentale per la foto di paesaggio. In altri generi fotografici \u00e8 possibile creare la propria illuminazione o modificare quella disponibile, ma nel paesaggio questo non \u00e8 possibile e quindi dovremo usare quella che c&#8217;\u00e8. Di solito si dice che i momenti migliori per fotografare un paesaggio sono l&#8217;alba o il tramonto quando c&#8217;\u00e8 la luce calda del sole basso sull&#8217;orizzonte. Questo \u00e8 vero e infatti la luce calda e anche pi\u00f9 morbida di un&#8217;alba, o meglio di un tramonto (quanti sono disposti a svegliarsi per fotografare all&#8217;alba?) d\u00e0 un tono particolare e piacevole alle foto e rende al meglio buona parte dei paesaggi.<\/p>\n<div id='gallery-1' class='gallery galleryid-39544 gallery-columns-2 gallery-size-thumbnail'><figure class='gallery-item'>\n\t\t\t<div class='gallery-icon landscape'>\n\t\t\t\t<a href='https:\/\/francescophoto.it\/blog\/2017\/03\/11\/fotografare-il-paesaggio-i-parte\/pw7c7516-dpp-nonr\/'><img loading=\"lazy\" decoding=\"async\" width=\"128\" height=\"96\" src=\"https:\/\/francescophoto.it\/blog\/wp-content\/uploads\/2017\/03\/pw7c7516-dpp-nonr-128x96.jpg\" class=\"attachment-thumbnail size-thumbnail\" alt=\"\" aria-describedby=\"gallery-1-39626\" \/><\/a>\n\t\t\t<\/div>\n\t\t\t\t<figcaption class='wp-caption-text gallery-caption' id='gallery-1-39626'>\n\t\t\t\tTramonto in pianura Pontina\n\t\t\t\t<\/figcaption><\/figure><figure class='gallery-item'>\n\t\t\t<div class='gallery-icon landscape'>\n\t\t\t\t<a href='https:\/\/francescophoto.it\/blog\/2017\/03\/11\/fotografare-il-paesaggio-i-parte\/p1010175\/'><img loading=\"lazy\" decoding=\"async\" width=\"128\" height=\"96\" src=\"https:\/\/francescophoto.it\/blog\/wp-content\/uploads\/2017\/03\/p1010175-128x96.jpg\" class=\"attachment-thumbnail size-thumbnail\" alt=\"\" aria-describedby=\"gallery-1-39631\" srcset=\"https:\/\/francescophoto.it\/blog\/wp-content\/uploads\/2017\/03\/p1010175-128x96.jpg 128w, https:\/\/francescophoto.it\/blog\/wp-content\/uploads\/2017\/03\/p1010175-500x375.jpg 500w, https:\/\/francescophoto.it\/blog\/wp-content\/uploads\/2017\/03\/p1010175-768x576.jpg 768w, https:\/\/francescophoto.it\/blog\/wp-content\/uploads\/2017\/03\/p1010175.jpg 1440w\" sizes=\"auto, (max-width: 128px) 100vw, 128px\" \/><\/a>\n\t\t\t<\/div>\n\t\t\t\t<figcaption class='wp-caption-text gallery-caption' id='gallery-1-39631'>\n\t\t\t\tTramonto a Roma\n\t\t\t\t<\/figcaption><\/figure>\n\t\t<\/div>\n\n<p>Non \u00e8 detto per\u00f2 che in altri orari, anche a mezzogiorno col sole allo zenit, non si possano evidenziare e valorizzare altri aspetti di un paesaggio.<\/p>\n<div id='gallery-2' class='gallery galleryid-39544 gallery-columns-2 gallery-size-thumbnail'><figure class='gallery-item'>\n\t\t\t<div class='gallery-icon landscape'>\n\t\t\t\t<a href='https:\/\/francescophoto.it\/blog\/2017\/03\/11\/fotografare-il-paesaggio-i-parte\/pw7c8896-dpp-nonr-2\/'><img loading=\"lazy\" decoding=\"async\" width=\"128\" height=\"96\" src=\"https:\/\/francescophoto.it\/blog\/wp-content\/uploads\/2017\/03\/pw7c8896-dpp-nonr1-128x96.jpg\" class=\"attachment-thumbnail size-thumbnail\" alt=\"\" aria-describedby=\"gallery-2-39627\" \/><\/a>\n\t\t\t<\/div>\n\t\t\t\t<figcaption class='wp-caption-text gallery-caption' id='gallery-2-39627'>\n\t\t\t\tAlpi &#8211; cielo\n\t\t\t\t<\/figcaption><\/figure><figure class='gallery-item'>\n\t\t\t<div class='gallery-icon landscape'>\n\t\t\t\t<a href='https:\/\/francescophoto.it\/blog\/2017\/03\/11\/fotografare-il-paesaggio-i-parte\/dsc00316-c-one-nonr-c-2\/'><img loading=\"lazy\" decoding=\"async\" width=\"128\" height=\"96\" src=\"https:\/\/francescophoto.it\/blog\/wp-content\/uploads\/2017\/03\/dsc00316-c-one-nonr-c1-128x96.jpg\" class=\"attachment-thumbnail size-thumbnail\" alt=\"\" aria-describedby=\"gallery-2-39608\" \/><\/a>\n\t\t\t<\/div>\n\t\t\t\t<figcaption class='wp-caption-text gallery-caption' id='gallery-2-39608'>\n\t\t\t\tVal d&#8217;Orcia &#8211; campi e cielo\n\t\t\t\t<\/figcaption><\/figure>\n\t\t<\/div>\n\n<p>In ogni caso si dovr\u00e0 essere informati sugli orari in cui sorge e tramonta il sole e questo si potr\u00e0 fare consultando le tabelle delle effemeridi. Chiaramente in estate si avr\u00e0 molto pi\u00f9 tempo disponibile, molte ore di luce in pi\u00f9 e molta pi\u00f9 luce, mentre in inverno gli orari saranno pi\u00f9 limitati e la luce pi\u00f9 debole, ma questo non deve essere considerato un fattore negativo, si potrebbero comunque ottenere ottime foto.<br \/>\nQuando si decide di andare a fotografare un paesaggio ci si dovr\u00e0 anche informare preventivamente sul tempo previsto. Questo non solo per eventualmente dover proteggere l&#8217;attrezzatura e se stessi da pioggia ed altro, ma perch\u00e9 i risultati possono essere ben diversi se c&#8217;\u00e8 il sole o il tempo \u00e8 nuvoloso. In alcuni casi sarebbe impossibile ottenere i risultati desiderati. Comunque non ci si deve fare intimorire dalle condizioni climatiche. Se si \u00e8 ben protetti, non solo la macchina, ma anche il fotografo, si possono ottenere ottime foto con la pioggia, la nebbia e la neve. I paesaggi innevati poi possono essere dei bellissimi soggetti.<\/p>\n<div id='gallery-3' class='gallery galleryid-39544 gallery-columns-3 gallery-size-thumbnail'><figure class='gallery-item'>\n\t\t\t<div class='gallery-icon landscape'>\n\t\t\t\t<a href='https:\/\/francescophoto.it\/blog\/2017\/03\/11\/fotografare-il-paesaggio-i-parte\/dsc02425\/'><img loading=\"lazy\" decoding=\"async\" width=\"128\" height=\"96\" src=\"https:\/\/francescophoto.it\/blog\/wp-content\/uploads\/2017\/03\/dsc02425-128x96.jpg\" class=\"attachment-thumbnail size-thumbnail\" alt=\"\" aria-describedby=\"gallery-3-39560\" srcset=\"https:\/\/francescophoto.it\/blog\/wp-content\/uploads\/2017\/03\/dsc02425-128x96.jpg 128w, https:\/\/francescophoto.it\/blog\/wp-content\/uploads\/2017\/03\/dsc02425-500x375.jpg 500w, https:\/\/francescophoto.it\/blog\/wp-content\/uploads\/2017\/03\/dsc02425-768x576.jpg 768w, https:\/\/francescophoto.it\/blog\/wp-content\/uploads\/2017\/03\/dsc02425.jpg 1440w\" sizes=\"auto, (max-width: 128px) 100vw, 128px\" \/><\/a>\n\t\t\t<\/div>\n\t\t\t\t<figcaption class='wp-caption-text gallery-caption' id='gallery-3-39560'>\n\t\t\t\tNebbia in Toscana\n\t\t\t\t<\/figcaption><\/figure><figure class='gallery-item'>\n\t\t\t<div class='gallery-icon landscape'>\n\t\t\t\t<a href='https:\/\/francescophoto.it\/blog\/2017\/03\/11\/fotografare-il-paesaggio-i-parte\/dsc_7384-4\/'><img loading=\"lazy\" decoding=\"async\" width=\"128\" height=\"96\" src=\"https:\/\/francescophoto.it\/blog\/wp-content\/uploads\/2017\/03\/dsc_73843-128x96.jpg\" class=\"attachment-thumbnail size-thumbnail\" alt=\"\" aria-describedby=\"gallery-3-39602\" \/><\/a>\n\t\t\t<\/div>\n\t\t\t\t<figcaption class='wp-caption-text gallery-caption' id='gallery-3-39602'>\n\t\t\t\tNeve a Roma\n\t\t\t\t<\/figcaption><\/figure>\n\t\t<\/div>\n\n<p>Si deve poi considerare che i paesaggi mutano con le stagioni, ma possono essere interessanti sempre, per cui si deve tenere conto anche di questo, ma si potranno ottenere belle foto in qualsiasi stagione perch\u00e9 ciascuna ha le sue particolarit\u00e0.<\/p>\n<div id='gallery-4' class='gallery galleryid-39544 gallery-columns-2 gallery-size-thumbnail'><figure class='gallery-item'>\n\t\t\t<div class='gallery-icon landscape'>\n\t\t\t\t<a href='https:\/\/francescophoto.it\/blog\/2017\/03\/11\/fotografare-il-paesaggio-i-parte\/dsc_7261e-3\/'><img loading=\"lazy\" decoding=\"async\" width=\"128\" height=\"96\" src=\"https:\/\/francescophoto.it\/blog\/wp-content\/uploads\/2017\/03\/dsc_7261e2-128x96.jpg\" class=\"attachment-thumbnail size-thumbnail\" alt=\"\" aria-describedby=\"gallery-4-39600\" \/><\/a>\n\t\t\t<\/div>\n\t\t\t\t<figcaption class='wp-caption-text gallery-caption' id='gallery-4-39600'>\n\t\t\t\tPrimavera con luce morbida\n\t\t\t\t<\/figcaption><\/figure><figure class='gallery-item'>\n\t\t\t<div class='gallery-icon landscape'>\n\t\t\t\t<a href='https:\/\/francescophoto.it\/blog\/2017\/03\/11\/fotografare-il-paesaggio-i-parte\/dsc00302-c-one-nonr-c-2\/'><img loading=\"lazy\" decoding=\"async\" width=\"128\" height=\"96\" src=\"https:\/\/francescophoto.it\/blog\/wp-content\/uploads\/2017\/03\/dsc00302-c-one-nonr-c1-128x96.jpg\" class=\"attachment-thumbnail size-thumbnail\" alt=\"\" aria-describedby=\"gallery-4-39607\" \/><\/a>\n\t\t\t<\/div>\n\t\t\t\t<figcaption class='wp-caption-text gallery-caption' id='gallery-4-39607'>\n\t\t\t\tEstate con luce viva\n\t\t\t\t<\/figcaption><\/figure>\n\t\t<\/div>\n\n<p>Arrivati sul luogo di interesse per\u00f2 non si deve subito iniziare a scattare. E&#8217; importante studiare l&#8217;ambiente, i luoghi, immergervisi ed immedesimarvisi. Si deve capire quali emozioni e sensazioni suscita: pace, tranquillit\u00e0, dinamismo, confusione, tenebrosit\u00e0, violenza della natura, ecc. e cosa e come si vogliono rendere e far percepire attraverso la fotografia.<br \/>\nPer questo non \u00e8 tanto importante il soggetto quanto la composizione della foto, i colori, la luce, finalizzati ad esprimere quanto si vuol far capire a chi guarder\u00e0 le foto. Il soggetto \u00e8 infatti il paesaggio, anche se poi vedremo come \u00e8 importante usare alcuni suoi elementi da mettere in primo piano per valorizzare la composizione e guidare l&#8217;occhio dello spettatore.<\/p>\n<p>A questo punto, contraddicendo in parte quanto detto prima, \u00e8 necessario fare un breve accenno all&#8217;obiettivo o agli obiettivi da utilizzare per le foto. Oggi la maggior parte dei fotografi usa gli zoom, ma questa non \u00e8 la soluzione migliore per la foto di paesaggio, e non necessariamente per motivi qualitativi.<br \/>\nInfatti per definire bene una composizione fotografica \u00e8 necessario che il nostro occhio si abitui a percepire la realt\u00e0 con un certo angolo corrispondente pi\u00f9 o meno a quello dell&#8217;obiettivo usato. Se useremo una focale fissa, quale che sia, grandangolo o tele, questo sar\u00e0 pi\u00f9 facile e ci abitueremo presto a valutare la composizione e l&#8217;inquadratura in funzione di questo. Lo zoom invece ci confonde, ci spiazza, non ci da un riferimento certo e oltretutto ci impigrisce non richiedendoci di spostarsi per cambiare inquadratura: basta zoomare per farlo, ma cos\u00ec non si cambiano e non si valutano diverse, e magari migliori, composizioni e prospettive.<br \/>\nSe per\u00f2 si dispone di una fotocamera con obiettivo fisso, quasi invariabilmente zoom salvo eccezioni, ci si dovr\u00e0 adattare, scegliendo magari di usarlo sono ad una determinata focale che si ritiene la pi\u00f9 adatta per il tipo di foto che si ha in animo di fare.<br \/>\nUsare sempre la stessa focale fissa inoltre eliminer\u00e0 i dubbi che ci possono assalire per la scelta dell&#8217;obiettivo o della focale dello zoom e ci far\u00e0 risparmiare tempo da dedicare alle cose fondamentali per una buona foto descritte di seguito.<\/p>\n<p>Adesso viene il momento di iniziare a comporre la foto.<\/p>\n<p>Per prima cosa conviene osservare la luce. Come detto questa \u00e8 la cosa pi\u00f9 importante. Le ore migliori per fotografare si dice, di solito, che siano l&#8217;alba e il tramonto, ma spesso si trovano ottimi spunti e situazioni in altri orari. I soggetti e i risultati possono cambiare molto a secondo delle condizioni di luce.<\/p>\n<div id='gallery-5' class='gallery galleryid-39544 gallery-columns-4 gallery-size-thumbnail'><figure class='gallery-item'>\n\t\t\t<div class='gallery-icon landscape'>\n\t\t\t\t<a href='https:\/\/francescophoto.it\/blog\/2017\/03\/11\/fotografare-il-paesaggio-i-parte\/olympus-digital-camera-1544\/'><img loading=\"lazy\" decoding=\"async\" width=\"128\" height=\"96\" src=\"https:\/\/francescophoto.it\/blog\/wp-content\/uploads\/2017\/03\/p9250364-olyviewer-nonr-128x96.jpg\" class=\"attachment-thumbnail size-thumbnail\" alt=\"\" aria-describedby=\"gallery-5-39625\" srcset=\"https:\/\/francescophoto.it\/blog\/wp-content\/uploads\/2017\/03\/p9250364-olyviewer-nonr-128x96.jpg 128w, https:\/\/francescophoto.it\/blog\/wp-content\/uploads\/2017\/03\/p9250364-olyviewer-nonr-500x375.jpg 500w, https:\/\/francescophoto.it\/blog\/wp-content\/uploads\/2017\/03\/p9250364-olyviewer-nonr-768x576.jpg 768w, https:\/\/francescophoto.it\/blog\/wp-content\/uploads\/2017\/03\/p9250364-olyviewer-nonr.jpg 1440w\" sizes=\"auto, (max-width: 128px) 100vw, 128px\" \/><\/a>\n\t\t\t<\/div>\n\t\t\t\t<figcaption class='wp-caption-text gallery-caption' id='gallery-5-39625'>\n\t\t\t\tSole a mezzogiorno\n\t\t\t\t<\/figcaption><\/figure><figure class='gallery-item'>\n\t\t\t<div class='gallery-icon landscape'>\n\t\t\t\t<a href='https:\/\/francescophoto.it\/blog\/2017\/03\/11\/fotografare-il-paesaggio-i-parte\/dsc_7423-4\/'><img loading=\"lazy\" decoding=\"async\" width=\"128\" height=\"96\" src=\"https:\/\/francescophoto.it\/blog\/wp-content\/uploads\/2017\/03\/dsc_74233-128x96.jpg\" class=\"attachment-thumbnail size-thumbnail\" alt=\"\" aria-describedby=\"gallery-5-39603\" \/><\/a>\n\t\t\t<\/div>\n\t\t\t\t<figcaption class='wp-caption-text gallery-caption' id='gallery-5-39603'>\n\t\t\t\tTramonto\n\t\t\t\t<\/figcaption><\/figure><figure class='gallery-item'>\n\t\t\t<div class='gallery-icon landscape'>\n\t\t\t\t<a href='https:\/\/francescophoto.it\/blog\/2017\/03\/11\/fotografare-il-paesaggio-i-parte\/dsc_3621-2\/'><img loading=\"lazy\" decoding=\"async\" width=\"128\" height=\"96\" src=\"https:\/\/francescophoto.it\/blog\/wp-content\/uploads\/2017\/03\/dsc_36211-128x96.jpg\" class=\"attachment-thumbnail size-thumbnail\" alt=\"\" aria-describedby=\"gallery-5-39598\" \/><\/a>\n\t\t\t<\/div>\n\t\t\t\t<figcaption class='wp-caption-text gallery-caption' id='gallery-5-39598'>\n\t\t\t\tNuvoloso con luce piatta\n\t\t\t\t<\/figcaption><\/figure><figure class='gallery-item'>\n\t\t\t<div class='gallery-icon landscape'>\n\t\t\t\t<a href='https:\/\/francescophoto.it\/blog\/2017\/03\/11\/fotografare-il-paesaggio-i-parte\/dsc_1327_nx_um25\/'><img loading=\"lazy\" decoding=\"async\" width=\"128\" height=\"96\" src=\"https:\/\/francescophoto.it\/blog\/wp-content\/uploads\/2017\/03\/dsc_1327_nx_um25-128x96.jpg\" class=\"attachment-thumbnail size-thumbnail\" alt=\"\" aria-describedby=\"gallery-5-39579\" \/><\/a>\n\t\t\t<\/div>\n\t\t\t\t<figcaption class='wp-caption-text gallery-caption' id='gallery-5-39579'>\n\t\t\t\tTramonto con nuvole\n\t\t\t\t<\/figcaption><\/figure>\n\t\t<\/div>\n\n<p>Comunque la luce \u00e8 quella disponibile, non possiamo modificarla e dobbiamo accettarla come \u00e8.<br \/>\nSe il cielo \u00e8 sereno la luce sar\u00e0 abbondante, ma direzionale. Una regola che viene insegnata subito ai fotografi alle prime armi \u00e8 quella che dice che si deve fotografare col sole alle spalle, ma questa, come tutte le regole, esiste per essere infranta se si decide di farlo e se si \u00e8 consapevoli delle sue implicazioni. Una luce laterale, di taglio, di solito mette in maggiore evidenza i soggetti e da risalto ai dettagli.<\/p>\n<div id='gallery-6' class='gallery galleryid-39544 gallery-columns-1 gallery-size-thumbnail'><figure class='gallery-item'>\n\t\t\t<div class='gallery-icon landscape'>\n\t\t\t\t<a href='https:\/\/francescophoto.it\/blog\/2017\/03\/11\/fotografare-il-paesaggio-i-parte\/dsc01858\/'><img loading=\"lazy\" decoding=\"async\" width=\"128\" height=\"96\" src=\"https:\/\/francescophoto.it\/blog\/wp-content\/uploads\/2017\/03\/dsc01858-128x96.jpg\" class=\"attachment-thumbnail size-thumbnail\" alt=\"\" aria-describedby=\"gallery-6-39559\" \/><\/a>\n\t\t\t<\/div>\n\t\t\t\t<figcaption class='wp-caption-text gallery-caption' id='gallery-6-39559'>\n\t\t\t\tBosco in controluce\n\t\t\t\t<\/figcaption><\/figure>\n\t\t<\/div>\n\n<p>Il controluce pu\u00f2 anche essere sfruttato al tramonto per creare effetti drammatici ed insoliti.<\/p>\n<div id='gallery-7' class='gallery galleryid-39544 gallery-columns-3 gallery-size-thumbnail'><figure class='gallery-item'>\n\t\t\t<div class='gallery-icon landscape'>\n\t\t\t\t<a href='https:\/\/francescophoto.it\/blog\/2017\/03\/11\/fotografare-il-paesaggio-i-parte\/dsc00235-c-one-nonr-10mvar-4\/'><img loading=\"lazy\" decoding=\"async\" width=\"128\" height=\"96\" src=\"https:\/\/francescophoto.it\/blog\/wp-content\/uploads\/2017\/03\/dsc00235-c-one-nonr-10mvar3-128x96.jpg\" class=\"attachment-thumbnail size-thumbnail\" alt=\"\" aria-describedby=\"gallery-7-39647\" \/><\/a>\n\t\t\t<\/div>\n\t\t\t\t<figcaption class='wp-caption-text gallery-caption' id='gallery-7-39647'>\n\t\t\t\tCielo nuvoloso\n\t\t\t\t<\/figcaption><\/figure><figure class='gallery-item'>\n\t\t\t<div class='gallery-icon landscape'>\n\t\t\t\t<a href='https:\/\/francescophoto.it\/blog\/2017\/03\/11\/fotografare-il-paesaggio-i-parte\/p1050317-silkypix-nonr\/'><img loading=\"lazy\" decoding=\"async\" width=\"128\" height=\"96\" src=\"https:\/\/francescophoto.it\/blog\/wp-content\/uploads\/2017\/03\/p1050317-silkypix-nonr-128x96.jpg\" class=\"attachment-thumbnail size-thumbnail\" alt=\"\" aria-describedby=\"gallery-7-39648\" srcset=\"https:\/\/francescophoto.it\/blog\/wp-content\/uploads\/2017\/03\/p1050317-silkypix-nonr-128x96.jpg 128w, https:\/\/francescophoto.it\/blog\/wp-content\/uploads\/2017\/03\/p1050317-silkypix-nonr-500x375.jpg 500w, https:\/\/francescophoto.it\/blog\/wp-content\/uploads\/2017\/03\/p1050317-silkypix-nonr-768x576.jpg 768w, https:\/\/francescophoto.it\/blog\/wp-content\/uploads\/2017\/03\/p1050317-silkypix-nonr.jpg 1440w\" sizes=\"auto, (max-width: 128px) 100vw, 128px\" \/><\/a>\n\t\t\t<\/div>\n\t\t\t\t<figcaption class='wp-caption-text gallery-caption' id='gallery-7-39648'>\n\t\t\t\tTramonto in dicembre\n\t\t\t\t<\/figcaption><\/figure><figure class='gallery-item'>\n\t\t\t<div class='gallery-icon landscape'>\n\t\t\t\t<a href='https:\/\/francescophoto.it\/blog\/2017\/03\/11\/fotografare-il-paesaggio-i-parte\/img_2303-dpp-nonr\/'><img loading=\"lazy\" decoding=\"async\" width=\"128\" height=\"96\" src=\"https:\/\/francescophoto.it\/blog\/wp-content\/uploads\/2017\/03\/img_2303-dpp-nonr-128x96.jpg\" class=\"attachment-thumbnail size-thumbnail\" alt=\"\" aria-describedby=\"gallery-7-39659\" \/><\/a>\n\t\t\t<\/div>\n\t\t\t\t<figcaption class='wp-caption-text gallery-caption' id='gallery-7-39659'>\n\t\t\t\tChianciano &#8211; Tramonto\n\t\t\t\t<\/figcaption><\/figure>\n\t\t<\/div>\n\n<p>In certi casi il controluce pu\u00f2 creare effetti stupefacenti, come si pu\u00f2 vedere in molti quadri del pittore Gaspare D&#8217;Aguanno.<\/p>\n<div id='gallery-8' class='gallery galleryid-39544 gallery-columns-4 gallery-size-thumbnail'><figure class='gallery-item'>\n\t\t\t<div class='gallery-icon portrait'>\n\t\t\t\t<a href='https:\/\/francescophoto.it\/blog\/2017\/03\/11\/fotografare-il-paesaggio-i-parte\/image0017\/'><img loading=\"lazy\" decoding=\"async\" width=\"128\" height=\"96\" src=\"https:\/\/francescophoto.it\/blog\/wp-content\/uploads\/2017\/03\/image0017-128x96.jpg\" class=\"attachment-thumbnail size-thumbnail\" alt=\"\" \/><\/a>\n\t\t\t<\/div><\/figure><figure class='gallery-item'>\n\t\t\t<div class='gallery-icon landscape'>\n\t\t\t\t<a href='https:\/\/francescophoto.it\/blog\/2017\/03\/11\/fotografare-il-paesaggio-i-parte\/image0021\/'><img loading=\"lazy\" decoding=\"async\" width=\"128\" height=\"96\" src=\"https:\/\/francescophoto.it\/blog\/wp-content\/uploads\/2017\/03\/image0021-128x96.jpg\" class=\"attachment-thumbnail size-thumbnail\" alt=\"\" \/><\/a>\n\t\t\t<\/div><\/figure><figure class='gallery-item'>\n\t\t\t<div class='gallery-icon landscape'>\n\t\t\t\t<a href='https:\/\/francescophoto.it\/blog\/2017\/03\/11\/fotografare-il-paesaggio-i-parte\/image0022\/'><img loading=\"lazy\" decoding=\"async\" width=\"128\" height=\"96\" src=\"https:\/\/francescophoto.it\/blog\/wp-content\/uploads\/2017\/03\/image0022-128x96.jpg\" class=\"attachment-thumbnail size-thumbnail\" alt=\"\" \/><\/a>\n\t\t\t<\/div><\/figure><figure class='gallery-item'>\n\t\t\t<div class='gallery-icon landscape'>\n\t\t\t\t<a href='https:\/\/francescophoto.it\/blog\/2017\/03\/11\/fotografare-il-paesaggio-i-parte\/image0023-2\/'><img loading=\"lazy\" decoding=\"async\" width=\"128\" height=\"96\" src=\"https:\/\/francescophoto.it\/blog\/wp-content\/uploads\/2017\/03\/image0023-128x96.jpg\" class=\"attachment-thumbnail size-thumbnail\" alt=\"\" \/><\/a>\n\t\t\t<\/div><\/figure><figure class='gallery-item'>\n\t\t\t<div class='gallery-icon landscape'>\n\t\t\t\t<a href='https:\/\/francescophoto.it\/blog\/2017\/03\/11\/fotografare-il-paesaggio-i-parte\/image0025-3\/'><img loading=\"lazy\" decoding=\"async\" width=\"128\" height=\"96\" src=\"https:\/\/francescophoto.it\/blog\/wp-content\/uploads\/2017\/03\/image0025-128x96.jpg\" class=\"attachment-thumbnail size-thumbnail\" alt=\"\" \/><\/a>\n\t\t\t<\/div><\/figure><figure class='gallery-item'>\n\t\t\t<div class='gallery-icon landscape'>\n\t\t\t\t<a href='https:\/\/francescophoto.it\/blog\/2017\/03\/11\/fotografare-il-paesaggio-i-parte\/image0026-2\/'><img loading=\"lazy\" decoding=\"async\" width=\"128\" height=\"96\" src=\"https:\/\/francescophoto.it\/blog\/wp-content\/uploads\/2017\/03\/image0026-128x96.jpg\" class=\"attachment-thumbnail size-thumbnail\" alt=\"\" \/><\/a>\n\t\t\t<\/div><\/figure><figure class='gallery-item'>\n\t\t\t<div class='gallery-icon landscape'>\n\t\t\t\t<a href='https:\/\/francescophoto.it\/blog\/2017\/03\/11\/fotografare-il-paesaggio-i-parte\/image0027\/'><img loading=\"lazy\" decoding=\"async\" width=\"128\" height=\"96\" src=\"https:\/\/francescophoto.it\/blog\/wp-content\/uploads\/2017\/03\/image0027-128x96.jpg\" class=\"attachment-thumbnail size-thumbnail\" alt=\"\" \/><\/a>\n\t\t\t<\/div><\/figure><figure class='gallery-item'>\n\t\t\t<div class='gallery-icon landscape'>\n\t\t\t\t<a href='https:\/\/francescophoto.it\/blog\/2017\/03\/11\/fotografare-il-paesaggio-i-parte\/image0030\/'><img loading=\"lazy\" decoding=\"async\" width=\"128\" height=\"96\" src=\"https:\/\/francescophoto.it\/blog\/wp-content\/uploads\/2017\/03\/image0030-128x96.jpg\" class=\"attachment-thumbnail size-thumbnail\" alt=\"\" \/><\/a>\n\t\t\t<\/div><\/figure><figure class='gallery-item'>\n\t\t\t<div class='gallery-icon portrait'>\n\t\t\t\t<a href='https:\/\/francescophoto.it\/blog\/2017\/03\/11\/fotografare-il-paesaggio-i-parte\/image0031-3\/'><img loading=\"lazy\" decoding=\"async\" width=\"128\" height=\"96\" src=\"https:\/\/francescophoto.it\/blog\/wp-content\/uploads\/2017\/03\/image0031-128x96.jpg\" class=\"attachment-thumbnail size-thumbnail\" alt=\"\" \/><\/a>\n\t\t\t<\/div><\/figure><figure class='gallery-item'>\n\t\t\t<div class='gallery-icon landscape'>\n\t\t\t\t<a href='https:\/\/francescophoto.it\/blog\/2017\/03\/11\/fotografare-il-paesaggio-i-parte\/image0033-2\/'><img loading=\"lazy\" decoding=\"async\" width=\"128\" height=\"96\" src=\"https:\/\/francescophoto.it\/blog\/wp-content\/uploads\/2017\/03\/image0033-128x96.jpg\" class=\"attachment-thumbnail size-thumbnail\" alt=\"\" \/><\/a>\n\t\t\t<\/div><\/figure><figure class='gallery-item'>\n\t\t\t<div class='gallery-icon landscape'>\n\t\t\t\t<a href='https:\/\/francescophoto.it\/blog\/2017\/03\/11\/fotografare-il-paesaggio-i-parte\/image0035-3\/'><img loading=\"lazy\" decoding=\"async\" width=\"128\" height=\"96\" src=\"https:\/\/francescophoto.it\/blog\/wp-content\/uploads\/2017\/03\/image0035-128x96.jpg\" class=\"attachment-thumbnail size-thumbnail\" alt=\"\" \/><\/a>\n\t\t\t<\/div><\/figure><figure class='gallery-item'>\n\t\t\t<div class='gallery-icon portrait'>\n\t\t\t\t<a href='https:\/\/francescophoto.it\/blog\/2017\/03\/11\/fotografare-il-paesaggio-i-parte\/image0003-2\/'><img loading=\"lazy\" decoding=\"async\" width=\"128\" height=\"96\" src=\"https:\/\/francescophoto.it\/blog\/wp-content\/uploads\/2017\/03\/image00031-128x96.jpg\" class=\"attachment-thumbnail size-thumbnail\" alt=\"\" \/><\/a>\n\t\t\t<\/div><\/figure>\n\t\t<\/div>\n\n<p>Nella foto di paesaggio per\u00f2 non possiamo spostare il soggetto e se quello che vogliamo fotografare \u00e8 illuminato da una luce frontale che lo rende piatto e poco incisivo, oppure \u00e8 in controluce e questo ci impedisce di riprenderlo come vorremmo, dovremo aspettare di fotografarlo in un altro orario. Per questo \u00e8 importante documentarsi preventivamente sulle localit\u00e0, sul loro orientamento e sulle ore di sole.<br \/>\nSe il cielo \u00e8 nuvoloso invece la luce sar\u00e0 pi\u00f9 morbida, senza ombre nette. Questo se da un lato appiattisce i soggetti dall&#8217;altro ci da maggiore flessibilit\u00e0 e pu\u00f2 consentire riprese morbide che trasmettono un senso di tranquillit\u00e0, oppure anche di drammaticit\u00e0 se le nuvole sono scure e minacciose.<\/p>\n<div id='gallery-9' class='gallery galleryid-39544 gallery-columns-2 gallery-size-thumbnail'><figure class='gallery-item'>\n\t\t\t<div class='gallery-icon landscape'>\n\t\t\t\t<a href='https:\/\/francescophoto.it\/blog\/2017\/03\/11\/fotografare-il-paesaggio-i-parte\/dsc00454-c-one-nonr-c_1-2\/'><img loading=\"lazy\" decoding=\"async\" width=\"128\" height=\"96\" src=\"https:\/\/francescophoto.it\/blog\/wp-content\/uploads\/2017\/03\/dsc00454-c-one-nonr-c_11-128x96.jpg\" class=\"attachment-thumbnail size-thumbnail\" alt=\"\" aria-describedby=\"gallery-9-39567\" \/><\/a>\n\t\t\t<\/div>\n\t\t\t\t<figcaption class='wp-caption-text gallery-caption' id='gallery-9-39567'>\n\t\t\t\tChianciano con cielo tempestoso\n\t\t\t\t<\/figcaption><\/figure>\n\t\t<\/div>\n\n<p>Ma avendo valutato prima le condizioni meteorologiche sapremo cosa aspettarci e se questo tipo di illuminazione \u00e8 adeguata per le foto che ci proponiamo di scattare. In ogni caso la luce, quando il cielo \u00e8 nuvoloso, crea minore contrasto fra le zone pi\u00f9 illuminate e quelle pi\u00f9 scure, senza ombre nette e questo in alcuni casi pu\u00f2 essere un vantaggio<br \/>\nSi potrebbe fotografare anche di notte, sfruttando l&#8217;illuminazione cittadina per i paesaggi urbani,<\/p>\n<div id='gallery-10' class='gallery galleryid-39544 gallery-columns-1 gallery-size-thumbnail'><figure class='gallery-item'>\n\t\t\t<div class='gallery-icon landscape'>\n\t\t\t\t<a href='https:\/\/francescophoto.it\/blog\/2017\/03\/11\/fotografare-il-paesaggio-i-parte\/dsc00547-c-one-nonr-c2-2\/'><img loading=\"lazy\" decoding=\"async\" width=\"128\" height=\"96\" src=\"https:\/\/francescophoto.it\/blog\/wp-content\/uploads\/2017\/03\/dsc00547-c-one-nonr-c21-128x96.jpg\" class=\"attachment-thumbnail size-thumbnail\" alt=\"\" aria-describedby=\"gallery-10-39646\" \/><\/a>\n\t\t\t<\/div>\n\t\t\t\t<figcaption class='wp-caption-text gallery-caption' id='gallery-10-39646'>\n\t\t\t\tCirceo dopo il tramonto\n\t\t\t\t<\/figcaption><\/figure>\n\t\t<\/div>\n\n<p>o quella della luna piena di notte. La luna infatti irradia nelle notti serene e quando \u00e8 piena pi\u00f9 luce di quello che si crede. Naturalmente in questi casi sar\u00e0 necessario un treppiedi e si dovranno usare pose lunghe, cosa che vedremo meglio nei successivi articoli. Inizialmente \u00e8 meglio limitarsi al giorno.<\/p>\n<p>Deciso come comportarsi nei riguardi della luce si passa alla composizione. Questa \u00e8 in breve il bilanciamento delle masse e della prospettiva all&#8217;interno della foto per creare un insieme piacevole e che guidi l&#8217;occhio dell&#8217;osservatore nella scoperta e analisi della foto.<br \/>\nI pittori di solito hanno la composizione nella loro mente, usano l&#8217;immaginazione e la fantasia. I fotografi invece hanno davanti a se la realt\u00e0, ma ugualmente devono usare immaginazione e fantasia per trovare la giusta composizione, anche se il compito dovrebbe essere pi\u00f9 facile.<br \/>\nImparare le regole della composizione non \u00e8 facile: i corsi di fotografia di solito non le insegnano, limitandosi tuttalpi\u00f9 alla regola dei terzi, alla sezione aurea, ai triangoli ed al massimo alle cornici.<\/p>\n<div id='gallery-11' class='gallery galleryid-39544 gallery-columns-2 gallery-size-thumbnail'><figure class='gallery-item'>\n\t\t\t<div class='gallery-icon landscape'>\n\t\t\t\t<a href='https:\/\/francescophoto.it\/blog\/2017\/03\/11\/fotografare-il-paesaggio-i-parte\/dsc00990c\/'><img loading=\"lazy\" decoding=\"async\" width=\"128\" height=\"96\" src=\"https:\/\/francescophoto.it\/blog\/wp-content\/uploads\/2017\/03\/dsc00990c-128x96.jpg\" class=\"attachment-thumbnail size-thumbnail\" alt=\"\" aria-describedby=\"gallery-11-39614\" srcset=\"https:\/\/francescophoto.it\/blog\/wp-content\/uploads\/2017\/03\/dsc00990c-128x96.jpg 128w, https:\/\/francescophoto.it\/blog\/wp-content\/uploads\/2017\/03\/dsc00990c-500x375.jpg 500w, https:\/\/francescophoto.it\/blog\/wp-content\/uploads\/2017\/03\/dsc00990c-768x576.jpg 768w, https:\/\/francescophoto.it\/blog\/wp-content\/uploads\/2017\/03\/dsc00990c.jpg 1441w\" sizes=\"auto, (max-width: 128px) 100vw, 128px\" \/><\/a>\n\t\t\t<\/div>\n\t\t\t\t<figcaption class='wp-caption-text gallery-caption' id='gallery-11-39614'>\n\t\t\t\tTunisia &#8211; Regola dei terzi\n\t\t\t\t<\/figcaption><\/figure><figure class='gallery-item'>\n\t\t\t<div class='gallery-icon landscape'>\n\t\t\t\t<a href='https:\/\/francescophoto.it\/blog\/2017\/03\/11\/fotografare-il-paesaggio-i-parte\/img_3042-dpp-nonr_2\/'><img loading=\"lazy\" decoding=\"async\" width=\"128\" height=\"96\" src=\"https:\/\/francescophoto.it\/blog\/wp-content\/uploads\/2017\/03\/img_3042-dpp-nonr_2-128x96.jpg\" class=\"attachment-thumbnail size-thumbnail\" alt=\"\" aria-describedby=\"gallery-11-39621\" \/><\/a>\n\t\t\t<\/div>\n\t\t\t\t<figcaption class='wp-caption-text gallery-caption' id='gallery-11-39621'>\n\t\t\t\tItri &#8211; Cornice\n\t\t\t\t<\/figcaption><\/figure>\n\t\t<\/div>\n\n<p>Sono regole utili, ma non bastano per una buona composizione e come sempre non \u00e8 detto che debbano essere sempre osservate: se volete mettere un albero al centro dell&#8217;inquadratura piuttosto che ad un terzo perch\u00e9 vi sembra sia meglio cos\u00ec fatelo pure. Per imparare le regole dell&#8217;estetica e della composizione sarebbe utile invece seguire un corso di pittura. In alternativa si possono visitare mostre di pittura di maestri antichi, dai rinascimentali italiani ai fiamminghi, agli impressionisti, ai moderni figurativi. Vanno viste e seguite anche le mostre fotografiche dei pi\u00f9 famosi paesaggisti e si devono visionare le numerose riviste che pubblicano le loro foto. Eviterei invece la rete, salvo eccezioni, perch\u00e9 ormai vi si trova di tutto e di peggio con pochissime cose veramente valide.<br \/>\nPer ottenere una buona composizione usando un obiettivo a focale fissa dovremo spostarci. Qui sta il vantaggio rispetto allo zoom con il quale probabilmente ruoteremmo direttamente la ghiera per allargare o ridurre l&#8217;inquadratura, senza per\u00f2 variare la composizione e la prospettiva. Con la focale fissa che stiamo usando invece dovremmo essere gi\u00e0 abituati, pi\u00f9 o meno, a visualizzare il campo inquadrato. Perci\u00f2 ci potremo spostare a destra, a sinistra, in avanti, indietro, in alto e in basso per variare la composizione. Oltre a questa varier\u00e0 anche la prospettiva, specialmente spostandosi in avanti o indietro, cosa che non avviene con uno zoom. Potremo cos\u00ec variare la disposizione degli oggetti all&#8217;interno della nostra composizione: Se ad esempio vogliamo spostare una montagna da un lato basta spostare il nostro punto di osservazione; cos\u00ec pure per un albero o un palo che rovina la composizione. Naturalmente sar\u00e0 necessario osservare nel mirino il risultato, ma per sveltire le operazioni \u00e8 possibile usare le mani delimitando con indice e pollice l&#8217;angolo di visione: se usiamo sempre lo stesso obiettivo sapremo gi\u00e0 come regolarci per delimitare il giusto campo inquadrato.<br \/>\nIn certi casi per\u00f2 questo non basta. Si deve sempre tenere a mente che la realt\u00e0 davanti a noi \u00e8 tridimensionale, mentre vogliamo riportarla in una foto che \u00e8 bidimensionale. Questo pu\u00f2 appiattire drammaticamente uns scena che ci sembrava bellissima. Se, ad esempio, siamo in un bosco, immersi tra le piante in un ambiente meraviglioso, e vorremo scattare una foto probabilmente ci accorgeremmo che ne risulta un&#8217;immagine piatta composta da un intrico di rami e foglie senza nessuna tridimensionalit\u00e0. Per ovviare potremmo mettere un soggetto in primo piano, ad esempio un tronco o un fiore, oppure sfruttare il controluce per fare risaltare foglie e rami.<\/p>\n<div id='gallery-12' class='gallery galleryid-39544 gallery-columns-1 gallery-size-thumbnail'><figure class='gallery-item'>\n\t\t\t<div class='gallery-icon landscape'>\n\t\t\t\t<a href='https:\/\/francescophoto.it\/blog\/2017\/03\/11\/fotografare-il-paesaggio-i-parte\/dsc01853\/'><img loading=\"lazy\" decoding=\"async\" width=\"128\" height=\"96\" src=\"https:\/\/francescophoto.it\/blog\/wp-content\/uploads\/2017\/03\/dsc01853-128x96.jpg\" class=\"attachment-thumbnail size-thumbnail\" alt=\"\" aria-describedby=\"gallery-12-39558\" \/><\/a>\n\t\t\t<\/div>\n\t\t\t\t<figcaption class='wp-caption-text gallery-caption' id='gallery-12-39558'>\n\t\t\t\tBosco\n\t\t\t\t<\/figcaption><\/figure>\n\t\t<\/div>\n\n<p>Un modo molto valido per valutare questo \u00e8, oltre all&#8217;osservazione nel mirino, guardare la scena con un occhio chiuso, senza per\u00f2 muoversi. In questo modo il nostro cervello non riceve un&#8217;immagine da due punti di vista diversi e non \u00e8 in grado quindi di ricostruirne e valutarne la profondit\u00e0. Non ci si deve per\u00f2 muovere perch\u00e8 il movimento aiuta a vedere la tridimensionalit\u00e0 della scena. Cos\u00ec ci potremo accorgere se la composizione \u00e8 piatta e fare qualcosa per migliorala o cambiarla.<\/p>\n<p>Di pari passo con la composizione si deve considerare la struttura della foto. Questa \u00e8 l&#8217;insieme delle linee che guidano l&#8217;occhio dell&#8217;osservatore dal punto dove cade per primo, in genere il soggetto in primo piano, al resto della composizione. Per questo ci pu\u00f2 spesso aiutare la propettiva che dal primo piano ci porta armonicamente a vedere lo sfondo e i suoi dettagli. Molto utili sono le linee convergenti, sia orizzontali che verticali, che fanno da guida per la visione, che dovremo ricercare. Spesso queste linee partono da un soggetto in primo piano e conducono veso un dettaglio sullo sfondo, chiudendo cos\u00ec la foto. Questo \u00e8 il motivo per cui le foto senza linee ben definite al loro interno appaiono piatte. In altri casi si vuole invece dare rilievo al soggetto al centro e si far\u00e0 in modo che le linee convergano su di esso o derivino da esso oppure che la luce, l&#8217;illuminazione, conduca verso di esso lo sguardo dell&#8217;osservatore. Si possono cercare vari elemnti per ottenere queste linee: un fiume o ruscello, una strada o sentiero, un filare d&#8217;alberi, un muretto, il tetto di una casa, alcuni sassi allineati, delle impronte sulla sabbia e tanto altro secondo le circostanze e quello che ci si trova davanti.<\/p>\n<div id='gallery-13' class='gallery galleryid-39544 gallery-columns-4 gallery-size-thumbnail'><figure class='gallery-item'>\n\t\t\t<div class='gallery-icon landscape'>\n\t\t\t\t<a href='https:\/\/francescophoto.it\/blog\/2017\/03\/11\/fotografare-il-paesaggio-i-parte\/olympus-digital-camera-1542\/'><img loading=\"lazy\" decoding=\"async\" width=\"128\" height=\"96\" src=\"https:\/\/francescophoto.it\/blog\/wp-content\/uploads\/2017\/03\/p3180171-olyviewer-nonr1-128x96.jpg\" class=\"attachment-thumbnail size-thumbnail\" alt=\"\" aria-describedby=\"gallery-13-39623\" srcset=\"https:\/\/francescophoto.it\/blog\/wp-content\/uploads\/2017\/03\/p3180171-olyviewer-nonr1-128x96.jpg 128w, https:\/\/francescophoto.it\/blog\/wp-content\/uploads\/2017\/03\/p3180171-olyviewer-nonr1-500x375.jpg 500w, https:\/\/francescophoto.it\/blog\/wp-content\/uploads\/2017\/03\/p3180171-olyviewer-nonr1-768x576.jpg 768w, https:\/\/francescophoto.it\/blog\/wp-content\/uploads\/2017\/03\/p3180171-olyviewer-nonr1.jpg 1440w\" sizes=\"auto, (max-width: 128px) 100vw, 128px\" \/><\/a>\n\t\t\t<\/div>\n\t\t\t\t<figcaption class='wp-caption-text gallery-caption' id='gallery-13-39623'>\n\t\t\t\tTevere &#8211; Linee  guida\n\t\t\t\t<\/figcaption><\/figure><figure class='gallery-item'>\n\t\t\t<div class='gallery-icon landscape'>\n\t\t\t\t<a href='https:\/\/francescophoto.it\/blog\/2017\/03\/11\/fotografare-il-paesaggio-i-parte\/img_3042-dpp-nonr_2\/'><img loading=\"lazy\" decoding=\"async\" width=\"128\" height=\"96\" src=\"https:\/\/francescophoto.it\/blog\/wp-content\/uploads\/2017\/03\/img_3042-dpp-nonr_2-128x96.jpg\" class=\"attachment-thumbnail size-thumbnail\" alt=\"\" aria-describedby=\"gallery-13-39621\" \/><\/a>\n\t\t\t<\/div>\n\t\t\t\t<figcaption class='wp-caption-text gallery-caption' id='gallery-13-39621'>\n\t\t\t\tItri &#8211; Cornice\n\t\t\t\t<\/figcaption><\/figure><figure class='gallery-item'>\n\t\t\t<div class='gallery-icon landscape'>\n\t\t\t\t<a href='https:\/\/francescophoto.it\/blog\/2017\/03\/11\/fotografare-il-paesaggio-i-parte\/img_2673-dpp-nonr\/'><img loading=\"lazy\" decoding=\"async\" width=\"128\" height=\"96\" src=\"https:\/\/francescophoto.it\/blog\/wp-content\/uploads\/2017\/03\/img_2673-dpp-nonr-128x96.jpg\" class=\"attachment-thumbnail size-thumbnail\" alt=\"\" aria-describedby=\"gallery-13-39619\" \/><\/a>\n\t\t\t<\/div>\n\t\t\t\t<figcaption class='wp-caption-text gallery-caption' id='gallery-13-39619'>\n\t\t\t\tPianura Pontina &#8211; Ripetizioni\n\t\t\t\t<\/figcaption><\/figure><figure class='gallery-item'>\n\t\t\t<div class='gallery-icon landscape'>\n\t\t\t\t<a href='https:\/\/francescophoto.it\/blog\/2017\/03\/11\/fotografare-il-paesaggio-i-parte\/dsc00496-c-one-nonr-c\/'><img loading=\"lazy\" decoding=\"async\" width=\"128\" height=\"96\" src=\"https:\/\/francescophoto.it\/blog\/wp-content\/uploads\/2017\/03\/dsc00496-c-one-nonr-c-128x96.jpg\" class=\"attachment-thumbnail size-thumbnail\" alt=\"\" aria-describedby=\"gallery-13-39612\" \/><\/a>\n\t\t\t<\/div>\n\t\t\t\t<figcaption class='wp-caption-text gallery-caption' id='gallery-13-39612'>\n\t\t\t\tPianura Pontina &#8211; Linee guida\n\t\t\t\t<\/figcaption><\/figure><figure class='gallery-item'>\n\t\t\t<div class='gallery-icon landscape'>\n\t\t\t\t<a href='https:\/\/francescophoto.it\/blog\/2017\/03\/11\/fotografare-il-paesaggio-i-parte\/dsc00480-c-one-nonr-c-3\/'><img loading=\"lazy\" decoding=\"async\" width=\"128\" height=\"96\" src=\"https:\/\/francescophoto.it\/blog\/wp-content\/uploads\/2017\/03\/dsc00480-c-one-nonr-c2-128x96.jpg\" class=\"attachment-thumbnail size-thumbnail\" alt=\"\" aria-describedby=\"gallery-13-39611\" \/><\/a>\n\t\t\t<\/div>\n\t\t\t\t<figcaption class='wp-caption-text gallery-caption' id='gallery-13-39611'>\n\t\t\t\tPianura Pontina &#8211; Linee guida\n\t\t\t\t<\/figcaption><\/figure><figure class='gallery-item'>\n\t\t\t<div class='gallery-icon landscape'>\n\t\t\t\t<a href='https:\/\/francescophoto.it\/blog\/2017\/03\/11\/fotografare-il-paesaggio-i-parte\/dsc00334-c-one-nonr-c-2\/'><img loading=\"lazy\" decoding=\"async\" width=\"128\" height=\"96\" src=\"https:\/\/francescophoto.it\/blog\/wp-content\/uploads\/2017\/03\/dsc00334-c-one-nonr-c1-128x96.jpg\" class=\"attachment-thumbnail size-thumbnail\" alt=\"\" aria-describedby=\"gallery-13-39610\" \/><\/a>\n\t\t\t<\/div>\n\t\t\t\t<figcaption class='wp-caption-text gallery-caption' id='gallery-13-39610'>\n\t\t\t\tVal d&#8217;Orcia &#8211; Linee guida\n\t\t\t\t<\/figcaption><\/figure><figure class='gallery-item'>\n\t\t\t<div class='gallery-icon landscape'>\n\t\t\t\t<a href='https:\/\/francescophoto.it\/blog\/2017\/03\/11\/fotografare-il-paesaggio-i-parte\/dsc00331-c-one-nonr-c-2\/'><img loading=\"lazy\" decoding=\"async\" width=\"128\" height=\"96\" src=\"https:\/\/francescophoto.it\/blog\/wp-content\/uploads\/2017\/03\/dsc00331-c-one-nonr-c1-128x96.jpg\" class=\"attachment-thumbnail size-thumbnail\" alt=\"\" aria-describedby=\"gallery-13-39609\" \/><\/a>\n\t\t\t<\/div>\n\t\t\t\t<figcaption class='wp-caption-text gallery-caption' id='gallery-13-39609'>\n\t\t\t\tVal d&#8217;Orcia &#8211; Linee guida\n\t\t\t\t<\/figcaption><\/figure><figure class='gallery-item'>\n\t\t\t<div class='gallery-icon landscape'>\n\t\t\t\t<a href='https:\/\/francescophoto.it\/blog\/2017\/03\/11\/fotografare-il-paesaggio-i-parte\/dsc00026-4\/'><img loading=\"lazy\" decoding=\"async\" width=\"128\" height=\"96\" src=\"https:\/\/francescophoto.it\/blog\/wp-content\/uploads\/2017\/03\/dsc000263-128x96.jpg\" class=\"attachment-thumbnail size-thumbnail\" alt=\"\" aria-describedby=\"gallery-13-39604\" \/><\/a>\n\t\t\t<\/div>\n\t\t\t\t<figcaption class='wp-caption-text gallery-caption' id='gallery-13-39604'>\n\t\t\t\tColonia &#8211; Linee guida\n\t\t\t\t<\/figcaption><\/figure><figure class='gallery-item'>\n\t\t\t<div class='gallery-icon landscape'>\n\t\t\t\t<a href='https:\/\/francescophoto.it\/blog\/2017\/03\/11\/fotografare-il-paesaggio-i-parte\/dsc_0009-2\/'><img loading=\"lazy\" decoding=\"async\" width=\"128\" height=\"96\" src=\"https:\/\/francescophoto.it\/blog\/wp-content\/uploads\/2017\/03\/dsc_00091-128x96.jpg\" class=\"attachment-thumbnail size-thumbnail\" alt=\"\" aria-describedby=\"gallery-13-39596\" \/><\/a>\n\t\t\t<\/div>\n\t\t\t\t<figcaption class='wp-caption-text gallery-caption' id='gallery-13-39596'>\n\t\t\t\tPianura Pontina &#8211; Ripetizioni\n\t\t\t\t<\/figcaption><\/figure><figure class='gallery-item'>\n\t\t\t<div class='gallery-icon landscape'>\n\t\t\t\t<a href='https:\/\/francescophoto.it\/blog\/2017\/03\/11\/fotografare-il-paesaggio-i-parte\/dsc_4442-3\/'><img loading=\"lazy\" decoding=\"async\" width=\"128\" height=\"96\" src=\"https:\/\/francescophoto.it\/blog\/wp-content\/uploads\/2017\/03\/dsc_44422-128x96.jpg\" class=\"attachment-thumbnail size-thumbnail\" alt=\"\" aria-describedby=\"gallery-13-39599\" \/><\/a>\n\t\t\t<\/div>\n\t\t\t\t<figcaption class='wp-caption-text gallery-caption' id='gallery-13-39599'>\n\t\t\t\tPianura Pontina &#8211; Linee guida\n\t\t\t\t<\/figcaption><\/figure><figure class='gallery-item'>\n\t\t\t<div class='gallery-icon landscape'>\n\t\t\t\t<a href='https:\/\/francescophoto.it\/blog\/2017\/03\/11\/fotografare-il-paesaggio-i-parte\/dsc00382-c-one-nonr-c-2\/'><img loading=\"lazy\" decoding=\"async\" width=\"128\" height=\"96\" src=\"https:\/\/francescophoto.it\/blog\/wp-content\/uploads\/2017\/03\/dsc00382-c-one-nonr-c1-128x96.jpg\" class=\"attachment-thumbnail size-thumbnail\" alt=\"\" aria-describedby=\"gallery-13-39594\" \/><\/a>\n\t\t\t<\/div>\n\t\t\t\t<figcaption class='wp-caption-text gallery-caption' id='gallery-13-39594'>\n\t\t\t\tVal d&#8217;Orcia &#8211; Linee guida\n\t\t\t\t<\/figcaption><\/figure>\n\t\t<\/div>\n\n<p>Molto importante \u00e8 poi nelle foto di paesaggio la collocazione dell&#8217;orizzonte. Innanzitutto se \u00e8 visibile deve essere dritto, poi la sua posizione nella composizione determina il carattere della foto. Di solito la maggioranza dei fotografi lo colloca a met\u00e0 del fotogramma, ma questa \u00e8 una scelta banale. Collocato in alto dar\u00e0 evidenza ed enfasi al suolo ed a quello che vi si trova; collocato in basso, caso pi\u00f9 raro, dar\u00e0 enfasi al cielo, ma \u00e8 opportuno farlo solo se ci sono elementi ben definiti come nuvole significative, meglio se illuminate dal sole all&#8217;alba o tramonto.<\/p>\n<div id='gallery-14' class='gallery galleryid-39544 gallery-columns-3 gallery-size-thumbnail'><figure class='gallery-item'>\n\t\t\t<div class='gallery-icon landscape'>\n\t\t\t\t<a href='https:\/\/francescophoto.it\/blog\/2017\/03\/11\/fotografare-il-paesaggio-i-parte\/dsc00238-c-one-nonr-c-2\/'><img loading=\"lazy\" decoding=\"async\" width=\"128\" height=\"96\" src=\"https:\/\/francescophoto.it\/blog\/wp-content\/uploads\/2017\/03\/dsc00238-c-one-nonr-c1-128x96.jpg\" class=\"attachment-thumbnail size-thumbnail\" alt=\"\" aria-describedby=\"gallery-14-39606\" \/><\/a>\n\t\t\t<\/div>\n\t\t\t\t<figcaption class='wp-caption-text gallery-caption' id='gallery-14-39606'>\n\t\t\t\tCirceo &#8211; Orizzote in basso\n\t\t\t\t<\/figcaption><\/figure><figure class='gallery-item'>\n\t\t\t<div class='gallery-icon landscape'>\n\t\t\t\t<a href='https:\/\/francescophoto.it\/blog\/2017\/03\/11\/fotografare-il-paesaggio-i-parte\/dsc_0010c\/'><img loading=\"lazy\" decoding=\"async\" width=\"128\" height=\"96\" src=\"https:\/\/francescophoto.it\/blog\/wp-content\/uploads\/2017\/03\/dsc_0010c-128x96.jpg\" class=\"attachment-thumbnail size-thumbnail\" alt=\"\" aria-describedby=\"gallery-14-39557\" \/><\/a>\n\t\t\t<\/div>\n\t\t\t\t<figcaption class='wp-caption-text gallery-caption' id='gallery-14-39557'>\n\t\t\t\tPianura Pontina &#8211; Orizzonte in alto\n\t\t\t\t<\/figcaption><\/figure><figure class='gallery-item'>\n\t\t\t<div class='gallery-icon landscape'>\n\t\t\t\t<a href='https:\/\/francescophoto.it\/blog\/2017\/03\/11\/fotografare-il-paesaggio-i-parte\/dsc_0089\/'><img loading=\"lazy\" decoding=\"async\" width=\"128\" height=\"96\" src=\"https:\/\/francescophoto.it\/blog\/wp-content\/uploads\/2017\/03\/dsc_0089-128x96.jpg\" class=\"attachment-thumbnail size-thumbnail\" alt=\"\" aria-describedby=\"gallery-14-39561\" \/><\/a>\n\t\t\t<\/div>\n\t\t\t\t<figcaption class='wp-caption-text gallery-caption' id='gallery-14-39561'>\n\t\t\t\tPianura Pontina &#8211; Orizzonte in alto\n\t\t\t\t<\/figcaption><\/figure>\n\t\t<\/div>\n\n<p>Ma non \u00e8 finita qui: altro elemento importante \u00e8 il colore, o il contrasto se si fotografa in bianconero. Consideriamo prima il colore perch\u00e9 oggi tendenzialmente si fotografa a colori.<br \/>\nQuesto \u00e8 un elemento importante che pu\u00f2 far si che una foto pu\u00f2 essere molto bella o estremamente brutta. Ci sono colori il cui accostamento \u00e8 gradito all&#8217;occhio, ad esempio il blu del cielo e l&#8217;arancione di un terreno argilloso o sabbioso, di foglie gialle in autunno<\/p>\n<div id='gallery-15' class='gallery galleryid-39544 gallery-columns-2 gallery-size-thumbnail'><figure class='gallery-item'>\n\t\t\t<div class='gallery-icon landscape'>\n\t\t\t\t<a href='https:\/\/francescophoto.it\/blog\/2017\/03\/11\/fotografare-il-paesaggio-i-parte\/l1080621\/'><img loading=\"lazy\" decoding=\"async\" width=\"128\" height=\"96\" src=\"https:\/\/francescophoto.it\/blog\/wp-content\/uploads\/2017\/03\/l1080621-128x96.jpg\" class=\"attachment-thumbnail size-thumbnail\" alt=\"\" aria-describedby=\"gallery-15-39652\" \/><\/a>\n\t\t\t<\/div>\n\t\t\t\t<figcaption class='wp-caption-text gallery-caption' id='gallery-15-39652'>\n\t\t\t\tChianciano &#8211; Azzurro e giallo\n\t\t\t\t<\/figcaption><\/figure><figure class='gallery-item'>\n\t\t\t<div class='gallery-icon landscape'>\n\t\t\t\t<a href='https:\/\/francescophoto.it\/blog\/2017\/03\/11\/fotografare-il-paesaggio-i-parte\/dsc_3209-cnxd-nonr-2\/'><img loading=\"lazy\" decoding=\"async\" width=\"128\" height=\"96\" src=\"https:\/\/francescophoto.it\/blog\/wp-content\/uploads\/2017\/03\/dsc_3209-cnxd-nonr1-128x96.jpg\" class=\"attachment-thumbnail size-thumbnail\" alt=\"\" aria-describedby=\"gallery-15-39597\" \/><\/a>\n\t\t\t<\/div>\n\t\t\t\t<figcaption class='wp-caption-text gallery-caption' id='gallery-15-39597'>\n\t\t\t\tVal d&#8217;Orcia &#8211; Marrone e grigio\n\t\t\t\t<\/figcaption><\/figure>\n\t\t<\/div>\n\n<p>o di un&#8217;illuminazione particolare, e altri che invece stridono un po\u2019. Esistono anche delle apposite tabelle che danno indicazioni in proposito, ma \u00e8 meglio affidarsi al proprio buon gusto e senso estetico. Il colore dipende naturalmente dalla luce disponibile, anche se pu\u00f2, in parte essere modificato in post produzione (ma questo lo vedremo dopo). All&#8217;alba ed al tramonto avr\u00e0 tonalit\u00e0 pi\u00f9 calde e tenui, mentre col sole alto sar\u00e0 pi\u00f9 vivace. In una giornata nuvolosa i colori saranno attenuati specialmente se c&#8217;\u00e8 poca luce. In alcuni casi potrebbe addirittura essere preferibile scattare in bianconero, anche se questa scelta pu\u00f2 essere fatta dopo, ma con risultati in parte diversi.<\/p>\n<div id='gallery-16' class='gallery galleryid-39544 gallery-columns-2 gallery-size-thumbnail'><figure class='gallery-item'>\n\t\t\t<div class='gallery-icon landscape'>\n\t\t\t\t<a href='https:\/\/francescophoto.it\/blog\/2017\/03\/11\/fotografare-il-paesaggio-i-parte\/img_8017-dpp-nonr\/'><img loading=\"lazy\" decoding=\"async\" width=\"128\" height=\"96\" src=\"https:\/\/francescophoto.it\/blog\/wp-content\/uploads\/2017\/03\/img_8017-dpp-nonr-128x96.jpg\" class=\"attachment-thumbnail size-thumbnail\" alt=\"\" aria-describedby=\"gallery-16-39653\" \/><\/a>\n\t\t\t<\/div>\n\t\t\t\t<figcaption class='wp-caption-text gallery-caption' id='gallery-16-39653'>\n\t\t\t\tRoma &#8211; Pioggia e nuvole\n\t\t\t\t<\/figcaption><\/figure><figure class='gallery-item'>\n\t\t\t<div class='gallery-icon landscape'>\n\t\t\t\t<a href='https:\/\/francescophoto.it\/blog\/2017\/03\/11\/fotografare-il-paesaggio-i-parte\/img_8013-dpp-nonr\/'><img loading=\"lazy\" decoding=\"async\" width=\"128\" height=\"96\" src=\"https:\/\/francescophoto.it\/blog\/wp-content\/uploads\/2017\/03\/img_8013-dpp-nonr-128x96.jpg\" class=\"attachment-thumbnail size-thumbnail\" alt=\"\" aria-describedby=\"gallery-16-39651\" \/><\/a>\n\t\t\t<\/div>\n\t\t\t\t<figcaption class='wp-caption-text gallery-caption' id='gallery-16-39651'>\n\t\t\t\tRoma &#8211; Pioggia e nuvole\n\t\t\t\t<\/figcaption><\/figure>\n\t\t<\/div>\n\n<p>Di notte poi non ci saranno colori se non quelli delle luci d&#8217;illuminazione.<br \/>\nLa definizione della composizione deve quindi tenere conto anche di questo elemento.<br \/>\nPer gli scatti in bianconero si dovr\u00e0 invece tenere conto del contrasto della scena, evitando che sia troppo piatta e grigia, ma cercando di ottenere dei bianchi puri nelle luci e dei neri abbastanza saturi nelle ombre.<\/p>\n<p>Fatto tutto questo si deve controllare la composizione ed attuare l&#8217;importantissimo processo di semplificazione. Ci\u00f2 significa che si deve eliminare dalla foto tutto ci\u00f2 che c&#8217;\u00e8 di superfluo e che non ha attinenza con il soggetto e con quanto si vuole dire e trasmettere con la foto. Pi\u00f9 si semplifica, pi\u00f9 si elimina, migliore sar\u00e0 la foto. Per farlo anche in questo caso ci si deve spostare, senza alterare per quanto possibile la composizione e variare leggermente l&#8217;inquadratura spostando la macchina in modo da eliminare gli elementi superflui.<\/p>\n<div id='gallery-17' class='gallery galleryid-39544 gallery-columns-3 gallery-size-thumbnail'><figure class='gallery-item'>\n\t\t\t<div class='gallery-icon landscape'>\n\t\t\t\t<a href='https:\/\/francescophoto.it\/blog\/2017\/03\/11\/fotografare-il-paesaggio-i-parte\/dsc_3181-cnxd-nonr-2\/'><img loading=\"lazy\" decoding=\"async\" width=\"128\" height=\"96\" src=\"https:\/\/francescophoto.it\/blog\/wp-content\/uploads\/2017\/03\/dsc_3181-cnxd-nonr1-128x96.jpg\" class=\"attachment-thumbnail size-thumbnail\" alt=\"\" aria-describedby=\"gallery-17-39655\" \/><\/a>\n\t\t\t<\/div>\n\t\t\t\t<figcaption class='wp-caption-text gallery-caption' id='gallery-17-39655'>\n\t\t\t\tVal d&#8217;Orcia\n\t\t\t\t<\/figcaption><\/figure><figure class='gallery-item'>\n\t\t\t<div class='gallery-icon landscape'>\n\t\t\t\t<a href='https:\/\/francescophoto.it\/blog\/2017\/03\/11\/fotografare-il-paesaggio-i-parte\/dsc_3182-cnxd-nonr\/'><img loading=\"lazy\" decoding=\"async\" width=\"128\" height=\"96\" src=\"https:\/\/francescophoto.it\/blog\/wp-content\/uploads\/2017\/03\/dsc_3182-cnxd-nonr-128x96.jpg\" class=\"attachment-thumbnail size-thumbnail\" alt=\"\" aria-describedby=\"gallery-17-39656\" \/><\/a>\n\t\t\t<\/div>\n\t\t\t\t<figcaption class='wp-caption-text gallery-caption' id='gallery-17-39656'>\n\t\t\t\tVal d&#8217;Orcia senza il palo\n\t\t\t\t<\/figcaption><\/figure>\n\t\t<\/div>\n\n<p>Sembra tutto molto lungo e complicato, ma lo \u00e8 pi\u00f9 a dirsi che a farsi. Esercitandosi, provando, scattando e rivedendo con spirito critico i propri scatti si arriva ad abituarsi ad applicare questi criteri e regole in modo quasi automatico.<\/p>\n<p>A questo punto si \u00e8 pronti a scattare e non si deve fare altro che premere il pulsante.<br \/>\n&#8220;E l&#8217;esposizione? La messa a fuoco? Il bilanciamento del bianco?&#8221; penserete voi. E&#8217; vero ci se ne deve preoccupare, ma solo dopo aver dedicato il tempo necessario alla composizione. Ne parler\u00f2 in una puntata successiva, ma anticipo che in linea di massima, nel 90 % dei casi, gli automatismi della fotocamera sono in grado di svolgere bene il loro compito ed esporre e mettere a fuoco correttamente. Tuttalpi\u00f9 ci si deve preoccupare di scegliere il giusto punto AF, anche se in molti casi vanno bene quelli scelti dalla macchina, ed eventualmente correggere l&#8217;esposizione, se si ritiene la foto troppo chiara o troppo scura, agendo sulla compensazione dell&#8217;esposizione attraverso il comando +\/- e verificando direttamente l&#8217;effetto nel mirino per le fotocamere che lo hanno elettronico, o con uno scatto di prova da osservare sullo schermo per le reflex.<br \/>\nQuello che non si potr\u00e0 mai automatizzare \u00e8 invece tutto quanto detto prima su come creare una bella foto.<\/p>\n<p>Applicando queste regole e questo modo di operare sicuramente si potranno migliorare i propri risultati ed ottenere buone foto.<br \/>\nPoi come sempre ci vuole anche un po&#8217; di fortuna come quella che ho avuto quando mi sono trovato in Val d&#8217;Orcia dopo un violento temporale ed ho potuto fotografare un bellissimo arcobaleno.<\/p>\n<div id='gallery-18' class='gallery galleryid-39544 gallery-columns-1 gallery-size-thumbnail'><figure class='gallery-item'>\n\t\t\t<div class='gallery-icon landscape'>\n\t\t\t\t<a href='https:\/\/francescophoto.it\/blog\/2017\/03\/11\/fotografare-il-paesaggio-i-parte\/dsc00422-c-one-nonr-c-2\/'><img loading=\"lazy\" decoding=\"async\" width=\"128\" height=\"96\" src=\"https:\/\/francescophoto.it\/blog\/wp-content\/uploads\/2017\/03\/dsc00422-c-one-nonr-c1-128x96.jpg\" class=\"attachment-thumbnail size-thumbnail\" alt=\"\" aria-describedby=\"gallery-18-39576\" \/><\/a>\n\t\t\t<\/div>\n\t\t\t\t<figcaption class='wp-caption-text gallery-caption' id='gallery-18-39576'>\n\t\t\t\tArcobaleno in Val d&#8217;Orcia\n\t\t\t\t<\/figcaption><\/figure>\n\t\t<\/div>\n\n<p>Nei prossimi articoli descriver\u00f2 quali sono le fotocamere e gli obiettivi pi\u00f9 adatti per il paesaggio, come regolare l&#8217;esposizione, i tempi, i diaframmi, la sensibilit\u00e0, il bilanciamento del bianco e la messa a fuoco, ma se preventivamente non si applicheranno queste regole a nulla servir\u00e0 avere la pi\u00f9 costosa delle fotocamere e sapere regolarla al meglio. Descriver\u00f2 anche gli accessori pi\u00f9 utili per le foto di paesaggio a cominciare da treppiedi, filtri e telecomandi.<\/p>\n","protected":false},"excerpt":{"rendered":"<p>La fotografia di paesaggio \u00e8 uno dei generi che pi\u00f9 affascinano e spesso pi\u00f9 praticato dalla maggior parte dei fotografi. Capita a tutti di ammirare un bel paesaggio e di volerlo fotografare per portarsene a casa il ricordo e mostrarlo ad altri condividendone le emozioni suscitate. Spesso per\u00f2 ci si accorge che il risultato non &hellip; <a href=\"https:\/\/francescophoto.it\/blog\/2017\/03\/11\/fotografare-il-paesaggio-i-parte\/\" class=\"more-link\">Continua la lettura di <span class=\"screen-reader-text\">Fotografare il paesaggio: I parte<\/span> <span class=\"meta-nav\">&rarr;<\/span><\/a><\/p>\n","protected":false},"author":1,"featured_media":39566,"comment_status":"open","ping_status":"open","sticky":false,"template":"","format":"standard","meta":{"_jetpack_memberships_contains_paid_content":false,"footnotes":""},"categories":[33],"tags":[984],"class_list":["post-39544","post","type-post","status-publish","format-standard","has-post-thumbnail","hentry","category-tecnica-fotografica","tag-paesaggio"],"jetpack_featured_media_url":"https:\/\/francescophoto.it\/blog\/wp-content\/uploads\/2017\/03\/dsc00422-c-one-nonr-c.jpg","jetpack_sharing_enabled":true,"_links":{"self":[{"href":"https:\/\/francescophoto.it\/blog\/wp-json\/wp\/v2\/posts\/39544","targetHints":{"allow":["GET"]}}],"collection":[{"href":"https:\/\/francescophoto.it\/blog\/wp-json\/wp\/v2\/posts"}],"about":[{"href":"https:\/\/francescophoto.it\/blog\/wp-json\/wp\/v2\/types\/post"}],"author":[{"embeddable":true,"href":"https:\/\/francescophoto.it\/blog\/wp-json\/wp\/v2\/users\/1"}],"replies":[{"embeddable":true,"href":"https:\/\/francescophoto.it\/blog\/wp-json\/wp\/v2\/comments?post=39544"}],"version-history":[{"count":0,"href":"https:\/\/francescophoto.it\/blog\/wp-json\/wp\/v2\/posts\/39544\/revisions"}],"wp:featuredmedia":[{"embeddable":true,"href":"https:\/\/francescophoto.it\/blog\/wp-json\/wp\/v2\/media\/39566"}],"wp:attachment":[{"href":"https:\/\/francescophoto.it\/blog\/wp-json\/wp\/v2\/media?parent=39544"}],"wp:term":[{"taxonomy":"category","embeddable":true,"href":"https:\/\/francescophoto.it\/blog\/wp-json\/wp\/v2\/categories?post=39544"},{"taxonomy":"post_tag","embeddable":true,"href":"https:\/\/francescophoto.it\/blog\/wp-json\/wp\/v2\/tags?post=39544"}],"curies":[{"name":"wp","href":"https:\/\/api.w.org\/{rel}","templated":true}]}}