{"id":39518,"date":"2017-02-18T01:00:49","date_gmt":"2017-02-18T00:00:49","guid":{"rendered":"http:\/\/blog.francescophoto.it\/?p=39518"},"modified":"2017-02-18T01:00:49","modified_gmt":"2017-02-18T00:00:49","slug":"canon-eos-m6","status":"publish","type":"post","link":"https:\/\/francescophoto.it\/blog\/2017\/02\/18\/canon-eos-m6\/","title":{"rendered":"Canon EOS M6"},"content":{"rendered":"<p><a href=\"https:\/\/francescophoto.files.wordpress.com\/2017\/02\/eosm6-bk-w18-150-frt-rti-810s.jpg\"><img loading=\"lazy\" decoding=\"async\" class=\"alignright size-thumbnail wp-image-39522\" src=\"https:\/\/francescophoto.files.wordpress.com\/2017\/02\/eosm6-bk-w18-150-frt-rti-810s.jpg?w=128\" alt=\"eosm6-bk-w18-150-frt-rti-810s\" width=\"128\" height=\"85\" srcset=\"https:\/\/francescophoto.it\/blog\/wp-content\/uploads\/2017\/02\/eosm6-bk-w18-150-frt-rti-810s.jpg 1024w, https:\/\/francescophoto.it\/blog\/wp-content\/uploads\/2017\/02\/eosm6-bk-w18-150-frt-rti-810s-500x333.jpg 500w, https:\/\/francescophoto.it\/blog\/wp-content\/uploads\/2017\/02\/eosm6-bk-w18-150-frt-rti-810s-768x512.jpg 768w\" sizes=\"auto, (max-width: 128px) 100vw, 128px\" \/><\/a>Canon ha presentato negli scorsi giorni oltre alle due nuove reflex anche una nuova mirrorless. La EOS M6 \u00e8 una mirrorless con sensore APS-C (22,3&#215;14,9 mm) con 24 Mpx dotato della tecnologia Dual Pixel AF, per la messa a fuoco a rilevamento di fase con 49 punti AF, e di elaboratore d&#8217;immagine Digic 7. L&#8217;innesto obiettivi \u00e8 il Canon EF-M, ma si possono montare anche gli obiettivi EF e EF-S per reflex tramite un adattatore. Il corpo \u00e8 molto compatto, ma la fotocamera non \u00e8 dotata di mirino. Lo schermo \u00e8 ribaltabile in alto e in basso. La ripresa video Full HD. Insieme \u00e8 stato presentato un mirino elettronico EVF-DC2 montabile sulla M6.<!--more--><br \/>\nLa nuova EOS M6 \u00e8 molto simile alla precedente M5, ma con un corpo pi\u00f9 compatto dovuto all&#8217;eliminazione del mirino elettronico. Peccato che Canon non riesca, come invece altri fanno, a produrre una mirrorless compatta con mirino incorporato. O le fa con mirino, ma a forma di reflex quindi con un disegno che ne ostacola la portabilit\u00e0, oppure a forma di compatta, ma senza mirino. Chissa quanto ci vorr\u00e0 perch\u00e8 mettano insieme le due cose. Oltretutto la M6 non \u00e8 venduta ad un prezzo ridotto per merito della mancanza del mirino, come invece succede per altre concorrenti. La cosa quindi mi lascia un po&#8217; perplesso.<\/p>\n<p>Comunque la EOS M6\u00a0 e il mirino saranno disponibili da aprile al prezzo di 949,99 \u20ac per la M6, mentre il mirino elettronico EVF-DC2 coster\u00e0 279,99 \u20ac.<\/p>\n<p>Queste sono le schede tecniche con le specifiche dettagliate: <a href=\"http:\/\/wp.me\/allAx-ahn\">EOS M6<\/a>, <a href=\"http:\/\/wp.me\/allAx-ahm\">EVF-DC2<\/a>.<\/p>\n<p>Riporto il comunicato stampa Canon<br \/>\n______________________________________________________________________<\/p>\n<p style=\"text-align:center;\"><strong>Catturare lo straordinario con la nuova mirrorless Canon M6<\/strong><br \/>\n<strong>EOS M6 Mirino elettronico EVF-DC2<\/strong><\/p>\n<p>Milano, 15 febbraio 2017 \u2013 Un nuovo modello \u00e8 entrato a far parte della famiglia EOS M di Canon: EOS M6, una fotocamera mirrorless che incorpora le caratteristiche Canon di fascia alta in un corpo compatto. Fondendo le pi\u00f9 recenti tecnologie fotografiche, tra cui un sensore APS-C da 24,2 megapixel, autofocus Dual pixel CMOS e processore d\u2019immagine DIGIC 7, la nuova fotocamera offre velocit\u00e0 e qualit\u00e0 da reflex in un corpo di piccole dimensioni che pu\u00f2 essere portato ovunque.<br \/>\nPotenza e bellezza nelle tue mani<br \/>\nGrazie a Canon DIGIC 7 \u2013 il processore che offre una superiore potenza di elaborazione \u2013 le immagini hanno colori brillanti e sono ricche di dettaglio in qualunque condizione di luce. Inoltre, grazie alla combinazione con il sensore CMOS da 24,2 MP e l\u2019autofocus Dual pixel CMOS, la qualit\u00e0 e la velocit\u00e0 tipiche di una reflex sono racchiuse in un corpo pi\u00f9 compatto. EOS M6 riesce a scattare continuativamente a 7 fotogrammi al secondo o ancora pi\u00f9 velocemente con 9 fps quando l\u2019autofocus viene escluso, cos\u00ec da cogliere l\u2019attimo in ogni circostanza. La stabilizzazione video integrata a cinque assi fornisce immagini Full HD 60p perfettamente stabili anche quando si \u00e8 in movimento, prestazione ulteriormente migliorata utilizzando un obiettivo Dynamic IS, come ad esempio EF-M 15-45mm f\/3.5-6.3 IS STM.<\/p>\n<p>Design e controlli EOS<br \/>\nCaratterizzata dal classico design Canon EOS, EOS M6 ha la dimensione ideale per accompagnarti in ogni avventura, pronta a catturare i momenti creativi che ti circondano. L\u2019intuitivo e ampio schermo LCD touchscreen inclinabile e la ghiera posteriore offrono un completo controllo della fotocamera, per una facile messa a punto qualunque sia l\u2019inquadratura.<br \/>\nCollega e condividi<br \/>\nGrazie al Wi-Fi integrato e alla connettivit\u00e0 NFC, \u00e8 possibile condividere le immagini velocemente e con facilit\u00e0. Il collegamento ininterrotto tra EOS M6 e lo smartphone pu\u00f2 essere mantenuto attraverso la connettivit\u00e0 Bluetooth\u00ae1, che consente di visualizzare le fotografie senza dover estrarre la fotocamera dalla borsa. \u00c8 inoltre possibile utilizzare Bluetooth\u00ae per acquisire in remoto ogni istante.<br \/>\nUn nuovissimo mirino<br \/>\nCanon ha inoltre presentato il mirino elettronico EVF-DC2, un mirino elettronico esterno compatto e leggero per entrambe le fotocamere compatibili EOS M \u2013 tra cui EOS M6 \u2013 e una serie di modelli PowerShot. Il nuovo mirino comprende un display LCD tipo 0.39 da 2,36 milioni di punti che rivela ogni dettaglio, mentre la copertura del 100% garantisce un\u2019immagine fedele alla realt\u00e0. Il mirino elettronico EVF-DC2 mostra il movimento in tempo reale con una frequenza di aggiornamento fino a 120 fps e rende agevole passare dallo schermo al mirino semplicemente alzando la fotocamera all\u2019altezza dell\u2019occhio, per riprese veramente reattive. Con un peso di soli 29 grammi, \u00e8 un accessorio perfetto e compatto da portare con s\u00e9 in ogni momento.<br \/>\nEOS M6 con EF &#8211; M 15-45 mm e Mirino elettronico EVF-DC2 saranno disponibili a partire da Aprile al presso suggerito al pubblico rispettivamente di 949,99 euro e 279,99 euro.<br \/>\n1 Dotato di Bluetooth\u00ae a bassa tecnologia energetica. Il marchio Bluetooth\u00ae e il logo sono marchi registrati di propriet\u00e0 di Bluetooth SIG, Inc. e qualsiasi utilizzo di tali marchi da parte di Canon Inc. \u00e8 concesso in licenza. Altri marchi e nomi commerciali sono di propriet\u00e0 dei rispettivi titolari.<\/p>\n<p>EOS M6 \u2013 caratteristiche principali:<br \/>\no Grande nella qualit\u00e0, piccola nelle dimensioni<br \/>\no Alte prestazioni per cogliere ogni momento<br \/>\no Nuovi livelli di creativit\u00e0 video<br \/>\no Connettiti e condividi le immagini via wireless<br \/>\nMirino elettronico EVF-DC2 \u2013 caratteristiche principali:<br \/>\no Gestisci al meglio la tua inquadratura<br \/>\no Design compatto e leggero da portare ovunque<\/p>\n<p>__________________________________________________________________<a href=\"https:\/\/francescophoto.files.wordpress.com\/2017\/02\/eosm6-bk-w18-150-frt-rti-810s.jpg\"><img loading=\"lazy\" decoding=\"async\" class=\"alignnone size-medium wp-image-39522\" src=\"https:\/\/francescophoto.files.wordpress.com\/2017\/02\/eosm6-bk-w18-150-frt-rti-810s.jpg?w=474\" alt=\"eosm6-bk-w18-150-frt-rti-810s\" width=\"474\" height=\"316\" srcset=\"https:\/\/francescophoto.it\/blog\/wp-content\/uploads\/2017\/02\/eosm6-bk-w18-150-frt-rti-810s.jpg 1024w, https:\/\/francescophoto.it\/blog\/wp-content\/uploads\/2017\/02\/eosm6-bk-w18-150-frt-rti-810s-500x333.jpg 500w, https:\/\/francescophoto.it\/blog\/wp-content\/uploads\/2017\/02\/eosm6-bk-w18-150-frt-rti-810s-768x512.jpg 768w\" sizes=\"auto, (max-width: 474px) 100vw, 474px\" \/><\/a><\/p>\n<p><a href=\"https:\/\/francescophoto.files.wordpress.com\/2017\/02\/eosm6-silver-lens-off-frt-rti-810s.jpg\"><img loading=\"lazy\" decoding=\"async\" class=\"alignnone size-medium wp-image-39523\" src=\"https:\/\/francescophoto.files.wordpress.com\/2017\/02\/eosm6-silver-lens-off-frt-rti-810s.jpg?w=474\" alt=\"eosm6-silver-lens-off-frt-rti-810s\" width=\"474\" height=\"316\" srcset=\"https:\/\/francescophoto.it\/blog\/wp-content\/uploads\/2017\/02\/eosm6-silver-lens-off-frt-rti-810s.jpg 1024w, https:\/\/francescophoto.it\/blog\/wp-content\/uploads\/2017\/02\/eosm6-silver-lens-off-frt-rti-810s-500x333.jpg 500w, https:\/\/francescophoto.it\/blog\/wp-content\/uploads\/2017\/02\/eosm6-silver-lens-off-frt-rti-810s-768x512.jpg 768w\" sizes=\"auto, (max-width: 474px) 100vw, 474px\" \/><\/a><\/p>\n<p><a href=\"https:\/\/francescophoto.files.wordpress.com\/2017\/02\/eosm6-bk-w15-45-top-rti-810s.jpg\"><img loading=\"lazy\" decoding=\"async\" class=\"alignnone size-medium wp-image-39520\" src=\"https:\/\/francescophoto.files.wordpress.com\/2017\/02\/eosm6-bk-w15-45-top-rti-810s.jpg?w=474\" alt=\"eosm6-bk-w15-45-top-rti-810s\" width=\"474\" height=\"316\" srcset=\"https:\/\/francescophoto.it\/blog\/wp-content\/uploads\/2017\/02\/eosm6-bk-w15-45-top-rti-810s.jpg 1024w, https:\/\/francescophoto.it\/blog\/wp-content\/uploads\/2017\/02\/eosm6-bk-w15-45-top-rti-810s-500x333.jpg 500w, https:\/\/francescophoto.it\/blog\/wp-content\/uploads\/2017\/02\/eosm6-bk-w15-45-top-rti-810s-768x512.jpg 768w\" sizes=\"auto, (max-width: 474px) 100vw, 474px\" \/><\/a><\/p>\n<p><a href=\"https:\/\/francescophoto.files.wordpress.com\/2017\/02\/eosm6-bk-w15-45-evf-bsl-rti-810s.jpg\"><img loading=\"lazy\" decoding=\"async\" class=\"alignnone size-medium wp-image-39519\" src=\"https:\/\/francescophoto.files.wordpress.com\/2017\/02\/eosm6-bk-w15-45-evf-bsl-rti-810s.jpg?w=474\" alt=\"eosm6-bk-w15-45-evf-bsl-rti-810s\" width=\"474\" height=\"316\" srcset=\"https:\/\/francescophoto.it\/blog\/wp-content\/uploads\/2017\/02\/eosm6-bk-w15-45-evf-bsl-rti-810s.jpg 1024w, https:\/\/francescophoto.it\/blog\/wp-content\/uploads\/2017\/02\/eosm6-bk-w15-45-evf-bsl-rti-810s-500x333.jpg 500w, https:\/\/francescophoto.it\/blog\/wp-content\/uploads\/2017\/02\/eosm6-bk-w15-45-evf-bsl-rti-810s-768x512.jpg 768w\" sizes=\"auto, (max-width: 474px) 100vw, 474px\" \/><\/a><\/p>\n<p><a href=\"https:\/\/francescophoto.files.wordpress.com\/2017\/02\/eosm6-bk-w18-150-evf-fsl-rti-810s.jpg\"><img loading=\"lazy\" decoding=\"async\" class=\"alignnone size-medium wp-image-39521\" src=\"https:\/\/francescophoto.files.wordpress.com\/2017\/02\/eosm6-bk-w18-150-evf-fsl-rti-810s.jpg?w=474\" alt=\"eosm6-bk-w18-150-evf-fsl-rti-810s\" width=\"474\" height=\"316\" srcset=\"https:\/\/francescophoto.it\/blog\/wp-content\/uploads\/2017\/02\/eosm6-bk-w18-150-evf-fsl-rti-810s.jpg 1024w, https:\/\/francescophoto.it\/blog\/wp-content\/uploads\/2017\/02\/eosm6-bk-w18-150-evf-fsl-rti-810s-500x333.jpg 500w, https:\/\/francescophoto.it\/blog\/wp-content\/uploads\/2017\/02\/eosm6-bk-w18-150-evf-fsl-rti-810s-768x512.jpg 768w\" sizes=\"auto, (max-width: 474px) 100vw, 474px\" \/><\/a><\/p>\n<p><a href=\"https:\/\/francescophoto.files.wordpress.com\/2017\/02\/evf-dc2s.jpg\"><img loading=\"lazy\" decoding=\"async\" class=\"alignnone size-medium wp-image-39524\" src=\"https:\/\/francescophoto.files.wordpress.com\/2017\/02\/evf-dc2s.jpg?w=474\" alt=\"evf-dc2s\" width=\"474\" height=\"316\" srcset=\"https:\/\/francescophoto.it\/blog\/wp-content\/uploads\/2017\/02\/evf-dc2s.jpg 1024w, https:\/\/francescophoto.it\/blog\/wp-content\/uploads\/2017\/02\/evf-dc2s-500x333.jpg 500w, https:\/\/francescophoto.it\/blog\/wp-content\/uploads\/2017\/02\/evf-dc2s-768x512.jpg 768w\" sizes=\"auto, (max-width: 474px) 100vw, 474px\" \/><\/a><\/p>\n","protected":false},"excerpt":{"rendered":"<p>Canon ha presentato negli scorsi giorni oltre alle due nuove reflex anche una nuova mirrorless. La EOS M6 \u00e8 una mirrorless con sensore APS-C (22,3&#215;14,9 mm) con 24 Mpx dotato della tecnologia Dual Pixel AF, per la messa a fuoco a rilevamento di fase con 49 punti AF, e di elaboratore d&#8217;immagine Digic 7. L&#8217;innesto &hellip; <a href=\"https:\/\/francescophoto.it\/blog\/2017\/02\/18\/canon-eos-m6\/\" class=\"more-link\">Continua la lettura di <span class=\"screen-reader-text\">Canon EOS M6<\/span> <span class=\"meta-nav\">&rarr;<\/span><\/a><\/p>\n","protected":false},"author":1,"featured_media":0,"comment_status":"open","ping_status":"open","sticky":false,"template":"","format":"standard","meta":{"_jetpack_memberships_contains_paid_content":false,"footnotes":""},"categories":[50,12,22,23],"tags":[256,280,508,526,860,884],"class_list":["post-39518","post","type-post","status-publish","format-standard","hentry","category-50","category-evil","category-mirrorless","category-novita","tag-aps","tag-canon","tag-eos-m6","tag-evil","tag-m6","tag-mirrorless"],"jetpack_featured_media_url":"","jetpack_sharing_enabled":true,"_links":{"self":[{"href":"https:\/\/francescophoto.it\/blog\/wp-json\/wp\/v2\/posts\/39518","targetHints":{"allow":["GET"]}}],"collection":[{"href":"https:\/\/francescophoto.it\/blog\/wp-json\/wp\/v2\/posts"}],"about":[{"href":"https:\/\/francescophoto.it\/blog\/wp-json\/wp\/v2\/types\/post"}],"author":[{"embeddable":true,"href":"https:\/\/francescophoto.it\/blog\/wp-json\/wp\/v2\/users\/1"}],"replies":[{"embeddable":true,"href":"https:\/\/francescophoto.it\/blog\/wp-json\/wp\/v2\/comments?post=39518"}],"version-history":[{"count":0,"href":"https:\/\/francescophoto.it\/blog\/wp-json\/wp\/v2\/posts\/39518\/revisions"}],"wp:attachment":[{"href":"https:\/\/francescophoto.it\/blog\/wp-json\/wp\/v2\/media?parent=39518"}],"wp:term":[{"taxonomy":"category","embeddable":true,"href":"https:\/\/francescophoto.it\/blog\/wp-json\/wp\/v2\/categories?post=39518"},{"taxonomy":"post_tag","embeddable":true,"href":"https:\/\/francescophoto.it\/blog\/wp-json\/wp\/v2\/tags?post=39518"}],"curies":[{"name":"wp","href":"https:\/\/api.w.org\/{rel}","templated":true}]}}