{"id":38008,"date":"2016-11-18T01:12:54","date_gmt":"2016-11-18T00:12:54","guid":{"rendered":"http:\/\/blog.francescophoto.it\/?p=38008"},"modified":"2016-11-18T01:12:54","modified_gmt":"2016-11-18T00:12:54","slug":"fotocamere-consigliate-compatte-2016-600-4000-e","status":"publish","type":"post","link":"https:\/\/francescophoto.it\/blog\/2016\/11\/18\/fotocamere-consigliate-compatte-2016-600-4000-e\/","title":{"rendered":"Fotocamere consigliate \u2013 Compatte \u2013 2016 (600-4000 \u20ac)"},"content":{"rendered":"<p>Le compatte sono fotocamere con obiettivo non intercambiabile. In genere \u00e8 un obiettivo zoom, ma ci sono alcune eccezioni di compatte con obiettivi a focale fissa. Come suggerisce la loro stessa denominazione sono macchine di ingombro e peso tendenzialmente ridotti (anche se c\u2019\u00e8 qualche eccezione), da portare facilmente con se, anche se in realt\u00e0 le dimensioni possono essere abbastanza variabili e ce ne sono di piccolissime e altre che non sono assolutamente tascabili.<!--more--><br \/>\nFino a poco tempo fa era facile definire le compatte come fotocamere economiche. con sensori piccoli e di conseguenza con scarsa qualit\u00e0 d\u2019immagine specialmente in poca luce, ma oggi non \u00e8 pi\u00f9 cos\u00ec. Il mercato \u00e8 profondamente cambiato e la maggior parte delle persone fotografa con gli smartphone che si trovano in tasca o nella borsa, anche quelli che non avevano mai pensato prima a fare fotografie. nessuno pensa pi\u00f9 a comprare un&#8217;economica compatta per fotografare. Ci\u00f2 ha di fatto fatto sparire dal mercato queste fotocamere che alcuni marchi non hanno nemmeno pi\u00f9 in catalogo.<br \/>\nPer reagire a questa situazione di grave recessione i produttori hanno dovuto puntare sulla qualit\u00e0 per convincere almeno chi pensa alla fotografia come qualcosa di pi\u00f9 di scattare un&#8217;immagine di dove ci si trova o di cosa si sta mangiando per farlo sapere ad amiche, amici e parenticondividendola su Facebook.<br \/>\nSono state cos\u00ec presentate numerose compatte con sensori pi\u00f9 grandi, obiettivi zoom con ampiezze focali meno estreme, ma di migliore qualit\u00e0 e in molti casi il mirino, componente essenziale per ottenere buone foto. Queste nuove fotocamere mantengono per\u00f2 le qualit\u00e0 delle compatte, leggerezza e piccole dimensioni, compatibilmente con le dimensioni del sensore, per rimanere l\u2019alternativa \u201cleggera\u201d quando si vuole usare una fotocamera non impegnativa come dimensioni e peso, in molti casi facilmente tascabile. Inoltre fotocamere di questo tipo sono meno vistose, non danno l\u2019aspetto del \u201cfotografo\u201d a chi le usa e quindi sono pi\u00f9 facilmente usabili in molti ambienti e situazioni.<\/p>\n<p>Anche i prezzi per\u00f2 sono diversi e se fino a poco tempo fa le compatte erano fotocamere economiche ora la forbice dei prezzi \u00e8 molto pi\u00f9 ampia e si va da qualche centinaia di euri a diverse migliaia.<\/p>\n<p>Presento quindi una lista di fotocamere consigliate dalle compatte relativamente pi\u00f9 economiche, ma con un occhio alla qualit\u00e0, fino ai modelli di pi\u00f9 alto livello e costo con sensori fullframe e adeguata qualit\u00e0 d\u2019immagine. Oltre alla qualit\u00e0 complessiva, sia d\u2019immagine che di costruzione e comandi, ho considerato come requisito essenziale anche la presenza del mirino che \u00e8 un componente fondamentale per scattare buone foto, consentendo di vedere ed inquadrare meglio in esterni e di tenere la macchina in modo pi\u00f9 stabile.<\/p>\n<p>Con queste fotocamere si pu\u00f2 fotografare di tutto: foto generiche in esterni e in interni, in viaggio, vacanza, oppure per eventi ed occasioni familiari, paesaggi, monumenti, real\u00e0 urbana, foto di strada e in molti casi anche ritratti e nature morte, compatibilmente con la focale dei loro obiettivi. Non vanno bene per\u00f2 per foto sportive e naturalistiche di animali nel loro ambiente naturale.<\/p>\n<h3>Panasonic Lumix TZ100<\/h3>\n<p><a href=\"https:\/\/blog.francescophoto.it\/wp-content\/uploads\/2016\/11\/dsc06738.jpg\"><img loading=\"lazy\" decoding=\"async\" class=\"alignleft size-thumbnail wp-image-38009\" src=\"https:\/\/blog.francescophoto.it\/wp-content\/uploads\/2016\/11\/dsc06738.jpg?w=128\" alt=\"dsc06738\" width=\"128\" height=\"96\" \/><\/a><\/p>\n<p>&nbsp;<\/p>\n<p>&nbsp;<\/p>\n<table width=\"356\">\n<tbody>\n<tr>\n<td width=\"164\"><strong>Sensore<\/strong><\/td>\n<td width=\"192\"><strong>1&#8243;<\/strong><\/td>\n<\/tr>\n<tr>\n<td><strong>Dimensioni sensore mm<\/strong><\/td>\n<td><strong>13,2&#215;8,8<\/strong><\/td>\n<\/tr>\n<tr>\n<td><strong>Mpx<\/strong><\/td>\n<td><strong>20<\/strong><\/td>\n<\/tr>\n<tr>\n<td><strong>Mirino<\/strong><\/td>\n<td><strong>el<\/strong><\/td>\n<\/tr>\n<tr>\n<td><strong>Schermo<\/strong><\/td>\n<td><strong>fisso<\/strong><\/td>\n<\/tr>\n<tr>\n<td><strong>Autofocus<\/strong><\/td>\n<td><strong>contrasto DFD<\/strong><\/td>\n<\/tr>\n<tr>\n<td><strong>Punti AF<\/strong><\/td>\n<td><strong>49<\/strong><\/td>\n<\/tr>\n<tr>\n<td><strong>Stabilizzazione<\/strong><\/td>\n<td><strong>ob<\/strong><\/td>\n<\/tr>\n<tr>\n<td><strong>Raffica<\/strong><\/td>\n<td><strong>50<\/strong><\/td>\n<\/tr>\n<tr>\n<td><strong>Protezione<\/strong><\/td>\n<td><strong>no<\/strong><\/td>\n<\/tr>\n<tr>\n<td><strong>Video<\/strong><\/td>\n<td><strong>4K<\/strong><\/td>\n<\/tr>\n<tr>\n<td><strong>Flash<\/strong><\/td>\n<td><strong>si<\/strong><\/td>\n<\/tr>\n<tr>\n<td><strong>Wi-Fi<\/strong><\/td>\n<td><strong>si<\/strong><\/td>\n<\/tr>\n<tr>\n<td><strong>Obiettivo<\/strong><\/td>\n<td><strong>25-250\/1,8-5,9 eq.<\/strong><\/td>\n<\/tr>\n<tr>\n<td><strong>Dimensioni mm<\/strong><\/td>\n<td><strong>111x65x44<\/strong><\/td>\n<\/tr>\n<tr>\n<td><strong>Peso g<\/strong><\/td>\n<td><strong>312<\/strong><\/td>\n<\/tr>\n<tr>\n<td width=\"164\"><strong>Prezzo con garanzia IT<\/strong><\/td>\n<td><strong>\u20ac 650<\/strong><\/td>\n<\/tr>\n<\/tbody>\n<\/table>\n<p>E&#8217; l&#8217;ultma nata della serie TZ (Traveller Zoom) come compatta da viaggio. Infatti unisce alle dimensioni abbastanza ridotte, anche se non propriamente tascabili, un sensore da 1&#8243; con 20 Mpx di dimensioni tali da garantire una buona qualit\u00e0 d&#8217;immagine ed uno zoom 10x dal grandangolo 25 mm al tele 250 mm equivalenti. Per contenere le dimensioni per\u00f2 lo zoom ha una buona luminosit\u00e0 in grandangolo, f\/1,8, ma molto meno in tele, f\/5,9, e questo \u00e8 un po&#8217; il limite della fotocamera nelle riprese in poca luce. La sua escursione \u00e8 per\u00f2 superiore a quella delle concorrenti e consente anche riprese a soggetti discretamente lontani come ad eventi e spettacoli. L&#8217;autofocus \u00e8 veloce sfruttando la tecnologia Panasonic DFD a rilevamento di contrasto. Il mirino \u00e8 piccolo, ma abbastanza valido. Un altro pregio \u00e8 la ripresa video 4K con anche la possibilit\u00e0 di foto 4K e di post focus e la raffica fino a 50 fg\/s. La qualit\u00e0 d&#8217;immagine \u00e8 buona.<\/p>\n<h3><a href=\"https:\/\/blog.francescophoto.it\/2015\/10\/13\/canon-g5x-e-g9x\/\">Canon G5X<\/a><\/h3>\n<p><a href=\"https:\/\/blog.francescophoto.it\/wp-content\/uploads\/2016\/11\/dsc01812-c-ones.jpg\"><img loading=\"lazy\" decoding=\"async\" class=\"alignleft size-thumbnail wp-image-38010\" src=\"https:\/\/blog.francescophoto.it\/wp-content\/uploads\/2016\/11\/dsc01812-c-ones.jpg?w=128\" alt=\"dsc01812-c-ones\" width=\"128\" height=\"85\" \/><\/a><\/p>\n<p>&nbsp;<\/p>\n<p>&nbsp;<\/p>\n<table width=\"356\">\n<tbody>\n<tr>\n<td width=\"164\"><strong>Sensore<\/strong><\/td>\n<td width=\"192\"><strong>1&#8243;<\/strong><\/td>\n<\/tr>\n<tr>\n<td><strong>Dimensioni sensore mm<\/strong><\/td>\n<td><strong>13,2&#215;8,8<\/strong><\/td>\n<\/tr>\n<tr>\n<td><strong>Mpx<\/strong><\/td>\n<td><strong>20<\/strong><\/td>\n<\/tr>\n<tr>\n<td><strong>Mirino<\/strong><\/td>\n<td><strong>el<\/strong><\/td>\n<\/tr>\n<tr>\n<td><strong>Schermo<\/strong><\/td>\n<td><strong>orientabile<\/strong><\/td>\n<\/tr>\n<tr>\n<td><strong>Autofocus<\/strong><\/td>\n<td><strong>contrasto<\/strong><\/td>\n<\/tr>\n<tr>\n<td><strong>Punti AF<\/strong><\/td>\n<td><strong>\u00a0<\/strong><\/td>\n<\/tr>\n<tr>\n<td><strong>Stabilizzazione<\/strong><\/td>\n<td><strong>ob<\/strong><\/td>\n<\/tr>\n<tr>\n<td><strong>Raffica<\/strong><\/td>\n<td><strong>5,9<\/strong><\/td>\n<\/tr>\n<tr>\n<td><strong>Protezione<\/strong><\/td>\n<td><strong>no<\/strong><\/td>\n<\/tr>\n<tr>\n<td><strong>Video<\/strong><\/td>\n<td><strong>FhD<\/strong><\/td>\n<\/tr>\n<tr>\n<td><strong>Flash<\/strong><\/td>\n<td><strong>si<\/strong><\/td>\n<\/tr>\n<tr>\n<td><strong>Wi-Fi<\/strong><\/td>\n<td><strong>si<\/strong><\/td>\n<\/tr>\n<tr>\n<td><strong>Obiettivo<\/strong><\/td>\n<td><strong>24-100\/1,8-2,8 eq.<\/strong><\/td>\n<\/tr>\n<tr>\n<td><strong>Dimensioni mm<\/strong><\/td>\n<td><strong>112x76x44<\/strong><\/td>\n<\/tr>\n<tr>\n<td><strong>Peso g<\/strong><\/td>\n<td><strong>353<\/strong><\/td>\n<\/tr>\n<tr>\n<td width=\"164\"><strong>Prezzo con garanzia IT<\/strong><\/td>\n<td><strong>\u20ac 690<\/strong><\/td>\n<\/tr>\n<\/tbody>\n<\/table>\n<p>Fa parte della nuova serie di compatte Canon GnX ed \u00e8 l&#8217;unica dotata di mirino. La sua disposizione pero, sporgente sopra la calotta come se fosse una piccola reflex, la penalizza a livello dimensionale compromettendone la praticit\u00e0 se si vuole infilarla in tasca. E&#8217; dotata di un sensore da 1&#8243; con 20 Mpx come la totalit\u00e0 delle sue sorelle e concorrenti. Lo zoom ha un&#8217;esursione relativamente ridotta, 4x, 24-100 mm equivalenti f\/1,8-2,8, ci\u00f2 che consente di mantenere una buona luminosit\u00e0 anche in tele. L&#8217;autofocus \u00e8 a rilevamento di contrasto, il mirino abbastanza buono. Riprende video Full HD. La qualit\u00e0 d&#8217;immagine \u00e8 buona.<\/p>\n<h3><a href=\"https:\/\/blog.francescophoto.it\/2015\/11\/09\/panasonic-lx100-test\/\">Panasonic Lumix LX100<\/a><\/h3>\n<p><a href=\"https:\/\/blog.francescophoto.it\/wp-content\/uploads\/2015\/11\/dsc05451.jpg\"><img loading=\"lazy\" decoding=\"async\" class=\"alignleft size-thumbnail wp-image-32572\" src=\"https:\/\/blog.francescophoto.it\/wp-content\/uploads\/2015\/11\/dsc05451.jpg?w=128\" alt=\"DSC05451\" width=\"128\" height=\"96\" \/><\/a><\/p>\n<p>&nbsp;<\/p>\n<p>&nbsp;<\/p>\n<table width=\"356\">\n<tbody>\n<tr>\n<td width=\"164\"><strong>Sensore<\/strong><\/td>\n<td width=\"192\"><strong>4\/3<\/strong><\/td>\n<\/tr>\n<tr>\n<td><strong>Dimensioni sensore mm<\/strong><\/td>\n<td><strong>17,3&#215;13<\/strong><\/td>\n<\/tr>\n<tr>\n<td><strong>Mpx<\/strong><\/td>\n<td><strong>13<\/strong><\/td>\n<\/tr>\n<tr>\n<td><strong>Mirino<\/strong><\/td>\n<td><strong>el<\/strong><\/td>\n<\/tr>\n<tr>\n<td><strong>Schermo<\/strong><\/td>\n<td><strong>fisso<\/strong><\/td>\n<\/tr>\n<tr>\n<td><strong>Autofocus<\/strong><\/td>\n<td><strong>contrasto DFD<\/strong><\/td>\n<\/tr>\n<tr>\n<td><strong>Punti AF<\/strong><\/td>\n<td><strong>49<\/strong><\/td>\n<\/tr>\n<tr>\n<td><strong>Stabilizzazione<\/strong><\/td>\n<td><strong>ob<\/strong><\/td>\n<\/tr>\n<tr>\n<td><strong>Raffica<\/strong><\/td>\n<td><strong>11<\/strong><\/td>\n<\/tr>\n<tr>\n<td><strong>Protezione<\/strong><\/td>\n<td><strong>no<\/strong><\/td>\n<\/tr>\n<tr>\n<td><strong>Video<\/strong><\/td>\n<td><strong>4K<\/strong><\/td>\n<\/tr>\n<tr>\n<td><strong>Flash<\/strong><\/td>\n<td><strong>si<\/strong><\/td>\n<\/tr>\n<tr>\n<td><strong>Wi-Fi<\/strong><\/td>\n<td><strong>si<\/strong><\/td>\n<\/tr>\n<tr>\n<td><strong>Obiettivo in kit<\/strong><\/td>\n<td><strong>24-75\/1,7-2,8 eq.<\/strong><\/td>\n<\/tr>\n<tr>\n<td><strong>Dimensioni mm<\/strong><\/td>\n<td><strong>115x66x55<\/strong><\/td>\n<\/tr>\n<tr>\n<td><strong>Peso g<\/strong><\/td>\n<td><strong>393<\/strong><\/td>\n<\/tr>\n<tr>\n<td width=\"164\"><strong>Prezzo con garanzia IT<\/strong><\/td>\n<td><strong>\u20ac 670<\/strong><\/td>\n<\/tr>\n<\/tbody>\n<\/table>\n<p>E\u2019 la prima compatta con sensore 4\/3\u2033. Le sue caratteristiche sono molto interessanti anche se la risoluzione del sensore \u00e8 limitata a 13 Mpx. L\u2019obiettivo\u00a0 Leica Vario-Summilux 24-75 equivalente f\/1,7-2,8 ha un\u2019elevata luminosit\u00e0. Il mirino elettronico ha una risoluzione elevatissima, 2,764 Mpx e un\u2019alta qualit\u00e0. Interessante anche il tempo pi\u00f9 veloce dell\u2019otturatore, 1\/16000 che consente di scattare con diaframmi aperti anche quando c\u2019\u00e8 molta luce consentendo cos\u00ec un controllo della profondit\u00e0 di campo. I comandi con le ghiere per i tempi ed i diaframmi sono molto comodi ed intuitivi, in stile Leica M. Una delle sue caratteristiche pi\u00f9 interessanti \u00e8 la ripresa video 4K che consente anche di eseguire sequenze di foto 4K a 25 fg\/s. Le dimensioni sono medie e la macchina non \u00e8 propriamente tascabile, anche se si pu\u00f2 infilare in una giacca o giubbotto, oppure in un piccolo marsupio. La qualit\u00e0 d\u2019immagine \u00e8 molto buona.<\/p>\n<h3><a href=\"https:\/\/blog.francescophoto.it\/2014\/05\/16\/sony-rx100-iii\/\">Sony RX100 III<\/a><\/h3>\n<p><a href=\"https:\/\/blog.francescophoto.it\/wp-content\/uploads\/2016\/11\/p9170065-2s.jpg\"><img loading=\"lazy\" decoding=\"async\" class=\"alignleft wp-image-38011 size-thumbnail\" src=\"https:\/\/blog.francescophoto.it\/wp-content\/uploads\/2016\/11\/p9170065-2s.jpg?w=128\" width=\"128\" height=\"96\" \/><\/a><\/p>\n<p>&nbsp;<\/p>\n<p>&nbsp;<\/p>\n<table width=\"356\">\n<tbody>\n<tr>\n<td width=\"164\"><strong>Sensore<\/strong><\/td>\n<td width=\"192\"><strong>1&#8243;<\/strong><\/td>\n<\/tr>\n<tr>\n<td><strong>Dimensioni sensore mm<\/strong><\/td>\n<td><strong>13,2&#215;8,8<\/strong><\/td>\n<\/tr>\n<tr>\n<td><strong>Mpx<\/strong><\/td>\n<td><strong>20<\/strong><\/td>\n<\/tr>\n<tr>\n<td><strong>Mirino<\/strong><\/td>\n<td><strong>el<\/strong><\/td>\n<\/tr>\n<tr>\n<td><strong>Schermo<\/strong><\/td>\n<td><strong>ribaltabile<\/strong><\/td>\n<\/tr>\n<tr>\n<td><strong>Autofocus<\/strong><\/td>\n<td><strong>contrasto<\/strong><\/td>\n<\/tr>\n<tr>\n<td><strong>Punti AF<\/strong><\/td>\n<td><strong>25<\/strong><\/td>\n<\/tr>\n<tr>\n<td><strong>Stabilizzazione<\/strong><\/td>\n<td><strong>ob<\/strong><\/td>\n<\/tr>\n<tr>\n<td><strong>Raffica<\/strong><\/td>\n<td><strong>10<\/strong><\/td>\n<\/tr>\n<tr>\n<td><strong>Protezione<\/strong><\/td>\n<td><strong>no<\/strong><\/td>\n<\/tr>\n<tr>\n<td><strong>Video<\/strong><\/td>\n<td><strong>FhD<\/strong><\/td>\n<\/tr>\n<tr>\n<td><strong>Flash<\/strong><\/td>\n<td><strong>si<\/strong><\/td>\n<\/tr>\n<tr>\n<td><strong>Wi-Fi<\/strong><\/td>\n<td><strong>si<\/strong><\/td>\n<\/tr>\n<tr>\n<td><strong>Obiettivo<\/strong><\/td>\n<td><strong>24-70\/1,8-2,8 eq.<\/strong><\/td>\n<\/tr>\n<tr>\n<td><strong>Dimensioni mm<\/strong><\/td>\n<td><strong>102x58x41<\/strong><\/td>\n<\/tr>\n<tr>\n<td><strong>Peso g<\/strong><\/td>\n<td><strong>298<\/strong><\/td>\n<\/tr>\n<tr>\n<td width=\"164\"><strong>Prezzo con garanzia IT<\/strong><\/td>\n<td><strong>\u20ac 720<\/strong><\/td>\n<\/tr>\n<\/tbody>\n<\/table>\n<p>Ha un sensore CMOS retroilluminato da 1\u2033 con 20 Mpx e di uno zoom Zeiss 2,9x 24-70 equivalente con la elevata luminosit\u00e0 di f\/1,8-2,8. La novit\u00e0 principale rispetto al precedente modello \u00e8 la presenza del mirino elettronico che incredibilmente non fa aumentare le dimensioni della macchina che di un paio di mm. La RX100 III resta quindi una macchina tascabile, anzi una delle migliori delle tascabili e con l\u2019aggiunta del mirino \u00e8 veramente completa. Anche il nuovo obiettivo guadagna parecchio in luminosit\u00e0 pur perdendo un po\u2019 di focale dal lato tele, ma queste compatte non si prendono certo per avere un supertele. La qualit\u00e0 d\u2019immagine \u00e8 buona con una risoluzione ed una nitidezza elevate.<\/p>\n<h3>Leica D-Lux Typ 109<\/h3>\n<p><a href=\"https:\/\/blog.francescophoto.it\/wp-content\/uploads\/2016\/11\/p9170124s.jpg\"><img loading=\"lazy\" decoding=\"async\" class=\"alignleft size-thumbnail wp-image-38012\" src=\"https:\/\/blog.francescophoto.it\/wp-content\/uploads\/2016\/11\/p9170124s.jpg?w=128\" alt=\"\" width=\"128\" height=\"96\" \/><\/a><\/p>\n<p>&nbsp;<\/p>\n<p>&nbsp;<\/p>\n<table width=\"356\">\n<tbody>\n<tr>\n<td width=\"164\"><strong>Sensore<\/strong><\/td>\n<td width=\"192\"><strong>4\/3<\/strong><\/td>\n<\/tr>\n<tr>\n<td><strong>Dimensioni sensore mm<\/strong><\/td>\n<td><strong>17,3&#215;13<\/strong><\/td>\n<\/tr>\n<tr>\n<td><strong>Mpx<\/strong><\/td>\n<td><strong>13<\/strong><\/td>\n<\/tr>\n<tr>\n<td><strong>Mirino<\/strong><\/td>\n<td><strong>el<\/strong><\/td>\n<\/tr>\n<tr>\n<td><strong>Schermo<\/strong><\/td>\n<td><strong>fisso<\/strong><\/td>\n<\/tr>\n<tr>\n<td><strong>Autofocus<\/strong><\/td>\n<td><strong>contrasto DFD<\/strong><\/td>\n<\/tr>\n<tr>\n<td><strong>Punti AF<\/strong><\/td>\n<td><strong>49<\/strong><\/td>\n<\/tr>\n<tr>\n<td><strong>Stabilizzazione<\/strong><\/td>\n<td><strong>ob<\/strong><\/td>\n<\/tr>\n<tr>\n<td><strong>Raffica<\/strong><\/td>\n<td><strong>11<\/strong><\/td>\n<\/tr>\n<tr>\n<td><strong>Protezione<\/strong><\/td>\n<td><strong>no<\/strong><\/td>\n<\/tr>\n<tr>\n<td><strong>Video<\/strong><\/td>\n<td><strong>4K<\/strong><\/td>\n<\/tr>\n<tr>\n<td><strong>Flash<\/strong><\/td>\n<td><strong>si<\/strong><\/td>\n<\/tr>\n<tr>\n<td><strong>Wi-Fi<\/strong><\/td>\n<td><strong>si<\/strong><\/td>\n<\/tr>\n<tr>\n<td><strong>Obiettivo<\/strong><\/td>\n<td><strong>24-75\/1,7-2,8 eq.<\/strong><\/td>\n<\/tr>\n<tr>\n<td><strong>Dimensioni mm<\/strong><\/td>\n<td><strong>118x66x55<\/strong><\/td>\n<\/tr>\n<tr>\n<td><strong>Peso g<\/strong><\/td>\n<td><strong>405<\/strong><\/td>\n<\/tr>\n<tr>\n<td width=\"164\"><strong>Prezzo con garanzia IT<\/strong><\/td>\n<td><strong>\u20ac 995<\/strong><\/td>\n<\/tr>\n<\/tbody>\n<\/table>\n<p>E\u2019 la versione Leica della Panasonic LX100, anche se sarebbe pi\u00f9 corretto dire il contrario, visto che l\u2019obiettivo \u00e8 un Leica.<br \/>\nDifferisce esteticamente per la mancanza dell\u2019accenno di impugnatura e per la finitura. Internamente si distingue per il diverso firmware firmato Leica. E\u2019 fornita con una licenza per Adobe Photoshop Lightroom (costo circa 150 \u20ac) che la rende vicina come prezzo a quello della LX100.<\/p>\n<h3><a href=\"https:\/\/blog.francescophoto.it\/2016\/10\/08\/sony-rx100-v\/\">Sony RX100 V<\/a><\/h3>\n<p><a href=\"https:\/\/blog.francescophoto.it\/wp-content\/uploads\/2016\/10\/juniqoykwkdnsoo7dvnx.jpg\"><img loading=\"lazy\" decoding=\"async\" class=\"alignleft size-thumbnail wp-image-37175\" src=\"https:\/\/blog.francescophoto.it\/wp-content\/uploads\/2016\/10\/juniqoykwkdnsoo7dvnx.jpg?w=128\" alt=\"juniqoykwkdnsoo7dvnx\" width=\"128\" height=\"90\" \/><\/a><\/p>\n<p>&nbsp;<\/p>\n<p>&nbsp;<\/p>\n<table width=\"356\">\n<tbody>\n<tr>\n<td width=\"164\"><strong>Sensore<\/strong><\/td>\n<td width=\"192\"><strong>1&#8243;<\/strong><\/td>\n<\/tr>\n<tr>\n<td><strong>Dimensioni sensore mm<\/strong><\/td>\n<td><strong>13,2&#215;8,8<\/strong><\/td>\n<\/tr>\n<tr>\n<td><strong>Mpx<\/strong><\/td>\n<td><strong>20<\/strong><\/td>\n<\/tr>\n<tr>\n<td><strong>Mirino<\/strong><\/td>\n<td><strong>el<\/strong><\/td>\n<\/tr>\n<tr>\n<td><strong>Schermo<\/strong><\/td>\n<td><strong>ribaltabile<\/strong><\/td>\n<\/tr>\n<tr>\n<td><strong>Autofocus<\/strong><\/td>\n<td><strong>ibrido<\/strong><\/td>\n<\/tr>\n<tr>\n<td><strong>Punti AF<\/strong><\/td>\n<td><strong>315<\/strong><\/td>\n<\/tr>\n<tr>\n<td><strong>Stabilizzazione<\/strong><\/td>\n<td><strong>ob<\/strong><\/td>\n<\/tr>\n<tr>\n<td><strong>Raffica<\/strong><\/td>\n<td><strong>24<\/strong><\/td>\n<\/tr>\n<tr>\n<td><strong>Protezione<\/strong><\/td>\n<td><strong>no<\/strong><\/td>\n<\/tr>\n<tr>\n<td><strong>Video<\/strong><\/td>\n<td><strong>4K<\/strong><\/td>\n<\/tr>\n<tr>\n<td><strong>Flash<\/strong><\/td>\n<td><strong>si<\/strong><\/td>\n<\/tr>\n<tr>\n<td><strong>Wi-Fi<\/strong><\/td>\n<td><strong>si<\/strong><\/td>\n<\/tr>\n<tr>\n<td><strong>Obiettivo<\/strong><\/td>\n<td><strong>24-70\/1,8-2,8 eq.<\/strong><\/td>\n<\/tr>\n<tr>\n<td><strong>Dimensioni mm<\/strong><\/td>\n<td><strong>102x58x41<\/strong><\/td>\n<\/tr>\n<tr>\n<td><strong>Peso g<\/strong><\/td>\n<td><strong>299<\/strong><\/td>\n<\/tr>\n<tr>\n<td width=\"164\"><strong>Prezzo con garanzia IT<\/strong><\/td>\n<td><strong>\u20ac 1.100<\/strong><\/td>\n<\/tr>\n<\/tbody>\n<\/table>\n<p>La RX100 V differisce dalla RX100 III per il nuovo sensore Exmor RS (disponibile anche nella versione IV)che usa la tecnologia \u201cstacked BSI-CMOS\u201d. Il sensore retroilluminato \u00e8 formato da pi\u00f9 strati invece che uno solo con pixel e circuiti come i normali sensori anche BSI. Lo strato pi\u00f9 in alto, esposto alla luce, contiene solo i pixel. Il secondo sotto contiene i circuiti elettronici ed il terzo in fondo una memoria veloce DRAM per memorizzare il segnale. Questo comporta un ulteriore miglioramento nel rapporto segnale\/rumore ed una velocit\u00e0 di lettura cinque volte superiore. Rispetto alla III ed alla IV questa versione \u00e8 dotata in pi\u00f9 di un autofocus ibrido, con pixel a rilevamento di fase sul sensore, dotato di ben 315 punti AF che migliora molto la velocit\u00e0 di messa a fuoco, uno dei punti su cui la RX100 poteva migliorare. Anche la raffica \u00e8 migliorata ed arriva a 24 fg\/s. La ripresa video \u00e8 4k, come sulla precedente IV. La qualit\u00e0 d\u2019immagine \u00e8 molto buona e migliore di quella della RX100 III.<\/p>\n<h3><a href=\"https:\/\/blog.francescophoto.it\/2014\/09\/10\/novita-fujifilm\/\">Fujifilm X-100t<\/a><\/h3>\n<p><a href=\"https:\/\/blog.francescophoto.it\/wp-content\/uploads\/2016\/11\/p9170006-2s.jpg\"><img loading=\"lazy\" decoding=\"async\" class=\"alignleft size-thumbnail wp-image-38013\" src=\"https:\/\/blog.francescophoto.it\/wp-content\/uploads\/2016\/11\/p9170006-2s.jpg?w=128\" alt=\"\" width=\"128\" height=\"96\" \/><\/a><\/p>\n<p>&nbsp;<\/p>\n<p>&nbsp;<\/p>\n<table width=\"356\">\n<tbody>\n<tr>\n<td width=\"164\"><strong>Sensore<\/strong><\/td>\n<td width=\"192\"><strong>APS<\/strong><\/td>\n<\/tr>\n<tr>\n<td><strong>Dimensioni sensore mm<\/strong><\/td>\n<td><strong>23,5&#215;15,6<\/strong><\/td>\n<\/tr>\n<tr>\n<td><strong>Mpx<\/strong><\/td>\n<td><strong>16<\/strong><\/td>\n<\/tr>\n<tr>\n<td><strong>Mirino<\/strong><\/td>\n<td><strong>ot\/el<\/strong><\/td>\n<\/tr>\n<tr>\n<td><strong>Schermo<\/strong><\/td>\n<td><strong>fisso<\/strong><\/td>\n<\/tr>\n<tr>\n<td><strong>Autofocus<\/strong><\/td>\n<td><strong>ibrido<\/strong><\/td>\n<\/tr>\n<tr>\n<td><strong>Punti AF<\/strong><\/td>\n<td><strong>49<\/strong><\/td>\n<\/tr>\n<tr>\n<td><strong>Stabilizzazione<\/strong><\/td>\n<td><strong>ob<\/strong><\/td>\n<\/tr>\n<tr>\n<td><strong>Raffica<\/strong><\/td>\n<td><strong>6<\/strong><\/td>\n<\/tr>\n<tr>\n<td><strong>Protezione<\/strong><\/td>\n<td><strong>no<\/strong><\/td>\n<\/tr>\n<tr>\n<td><strong>Video<\/strong><\/td>\n<td><strong>FhD<\/strong><\/td>\n<\/tr>\n<tr>\n<td><strong>Flash<\/strong><\/td>\n<td><strong>si<\/strong><\/td>\n<\/tr>\n<tr>\n<td><strong>Wi-Fi<\/strong><\/td>\n<td><strong>si<\/strong><\/td>\n<\/tr>\n<tr>\n<td><strong>Obiettivo<\/strong><\/td>\n<td><strong>23\/2.0 (35 eq.)\u00a0<\/strong><\/td>\n<\/tr>\n<tr>\n<td><strong>Dimensioni mm<\/strong><\/td>\n<td><strong>127x74x52<\/strong><\/td>\n<\/tr>\n<tr>\n<td><strong>Peso g<\/strong><\/td>\n<td><strong>440<\/strong><\/td>\n<\/tr>\n<tr>\n<td width=\"164\"><strong>Prezzo con garanzia IT<\/strong><\/td>\n<td><strong>\u20ac 1.070<\/strong><\/td>\n<\/tr>\n<\/tbody>\n<\/table>\n<p>La X-100t \u00e8 una delle migliori compatte in circolazione, superata solo dalle nuove fullframe. Ha un\u2019estetica volutamente \u201cretro\u201d, ma la sua tecnologia \u00e8 modernissima, a cominciare dal sensore di formato APS del tipo X-Trans II CMOS con tecnologia esclusiva Fujifilm. Questo sensore grazie alla disposizione dei pixel colorati irregolare ed aperiodica non ha bisogno di filtro antialias e ci\u00f2 ne migliora la nitidezza e la risoluzione. Inoltre dispone di un certo numero di pixel per attuare l\u2019autofocus a rilevamento di fase, pi\u00f9 veloce di quello a rilevamento di contrasto ed utile per le riprese video. Il corpo \u00e8 costruito in lega di magnesio e molto ben finito. L\u2019obiettivo fisso \u00e8 un Fujinon 23 mm f\/2,0 equivalente ad un 35 mm di qualit\u00e0 eccelente. Il mirino \u00e8 ibrido, pu\u00f2 funzionare otticamente, visualizzando l\u2019inquadratura con un\u2019apposita cornice e fornendo tutte le indicazioni relative allo scatto, compresi i punti AF, oppure in modalit\u00e0 elettronica, con 2,35 Mpx e una copertura del 100%. L&#8217;autofocus a rilevamento di contrasto e di fase \u00e8 veloce e sensibile. L\u2019otturatore ha il tempo di scatto pi\u00f9 veloce di 1\/32000 di secondo, questo consente di scattare con diaframmi molto aperti per limitare la profondit\u00e0 di campo anche in pieno giorno. Dispone di un piccolo flash incorporato sul frontale. La X-100T \u00e8 un\u2019eccellente fotocamera con un\u2019ottima qualit\u00e0 d\u2019immagine, superata solo dalle migliori fullframe con cui pu\u00f2 per\u00f2 competere. Se non \u00e8 un problema avere solo una focale fissa da 35 mm (focale classica e usata da fotografi famosi) \u00e8 un\u2019ottima scelta.<\/p>\n<h3><a href=\"https:\/\/blog.francescophoto.it\/2015\/10\/16\/sony-rx1r-ii\/\">Sony RX1R II<\/a><\/h3>\n<p><a href=\"https:\/\/blog.francescophoto.it\/wp-content\/uploads\/2015\/11\/cosrb6yg5mgktwyxefby.jpg\"><img loading=\"lazy\" decoding=\"async\" class=\"alignleft size-thumbnail wp-image-32818\" src=\"https:\/\/blog.francescophoto.it\/wp-content\/uploads\/2015\/11\/cosrb6yg5mgktwyxefby.jpg?w=128\" alt=\"cosrb6yg5mgktwyxefby\" width=\"128\" height=\"90\" \/><\/a><\/p>\n<p>&nbsp;<\/p>\n<p>&nbsp;<\/p>\n<table width=\"356\">\n<tbody>\n<tr>\n<td width=\"164\"><strong>Sensore<\/strong><\/td>\n<td width=\"192\"><strong>FF<\/strong><\/td>\n<\/tr>\n<tr>\n<td><strong>Dimensioni sensore mm<\/strong><\/td>\n<td><strong>36&#215;24<\/strong><\/td>\n<\/tr>\n<tr>\n<td><strong>Mpx<\/strong><\/td>\n<td><strong>42<\/strong><\/td>\n<\/tr>\n<tr>\n<td><strong>Mirino<\/strong><\/td>\n<td><strong>el<\/strong><\/td>\n<\/tr>\n<tr>\n<td><strong>Schermo<\/strong><\/td>\n<td><strong>ribaltabile<\/strong><\/td>\n<\/tr>\n<tr>\n<td><strong>Autofocus<\/strong><\/td>\n<td><strong>ibrido<\/strong><\/td>\n<\/tr>\n<tr>\n<td><strong>Punti AF<\/strong><\/td>\n<td><strong>399<\/strong><\/td>\n<\/tr>\n<tr>\n<td><strong>Stabilizzazione<\/strong><\/td>\n<td><strong>ob<\/strong><\/td>\n<\/tr>\n<tr>\n<td><strong>Raffica<\/strong><\/td>\n<td><strong>5<\/strong><\/td>\n<\/tr>\n<tr>\n<td><strong>Protezione<\/strong><\/td>\n<td><strong>no<\/strong><\/td>\n<\/tr>\n<tr>\n<td><strong>Video<\/strong><\/td>\n<td><strong>FhD<\/strong><\/td>\n<\/tr>\n<tr>\n<td><strong>Flash<\/strong><\/td>\n<td><strong>si<\/strong><\/td>\n<\/tr>\n<tr>\n<td><strong>Wi-Fi<\/strong><\/td>\n<td><strong>si<\/strong><\/td>\n<\/tr>\n<tr>\n<td><strong>Obiettivo<\/strong><\/td>\n<td><strong>35\/2,0<\/strong><\/td>\n<\/tr>\n<tr>\n<td><strong>Dimensioni mm<\/strong><\/td>\n<td><strong>113x65x72<\/strong><\/td>\n<\/tr>\n<tr>\n<td><strong>Peso g<\/strong><\/td>\n<td><strong>507<\/strong><\/td>\n<\/tr>\n<tr>\n<td width=\"164\"><strong>Prezzo con garanzia IT<\/strong><\/td>\n<td><strong>\u20ac 3.500<\/strong><\/td>\n<\/tr>\n<\/tbody>\n<\/table>\n<p>La RX1R II \u00e8 una compatta di alta classe e costo. E\u2019 l\u2019ultima evoluzione della serie di compatte RX1 ed adotta lo stesso sensore della mirrorless A7R II con 42 Mpx e senza filtro antialias. L\u2019obiettivo a focale fissa \u00e8 uno Zeiss 35 mm f\/2,0. Ha un ottimo mirino elettronico e lo schermo orientabile. L&#8217;autofocus \u00e8 ibrido con 399 punti AF a rilevamento di fase sul sensore. La ripresa video \u00e8 \u201csolo\u201d Full HD. Le sue dimensioni sono contenute considerando il sensore e l\u2019obiettivo.<br \/>\nE\u2019 una fotocamera che pu\u00f2 produrre foto di elevata qualit\u00e0 e costituire un\u2019alternativa credibile a qualsiasi reflex e mirrorless per chi vuole una fotocamera abbastanza piccola e non si vuole impegnare nella scelta di obiettivi, ma per il suo prezzo molto esclusiva. La qualit\u00e0 d&#8217;immagine \u00e8 eccellente.<\/p>\n<h3><a href=\"https:\/\/blog.francescophoto.it\/2016\/07\/04\/leica-q-impressioni\/\">Leica Q typ 116<\/a><\/h3>\n<p><a href=\"https:\/\/blog.francescophoto.it\/wp-content\/uploads\/2016\/11\/p6230052cs.jpg\"><img loading=\"lazy\" decoding=\"async\" class=\"alignleft size-thumbnail wp-image-38015\" src=\"https:\/\/blog.francescophoto.it\/wp-content\/uploads\/2016\/11\/p6230052cs.jpg?w=128\" alt=\"\" width=\"128\" height=\"96\" \/><\/a><\/p>\n<p>&nbsp;<\/p>\n<p>&nbsp;<\/p>\n<table width=\"356\">\n<tbody>\n<tr>\n<td width=\"164\"><strong>Sensore<\/strong><\/td>\n<td width=\"192\"><strong>FF<\/strong><\/td>\n<\/tr>\n<tr>\n<td><strong>Dimensioni sensore mm<\/strong><\/td>\n<td><strong>36&#215;24<\/strong><\/td>\n<\/tr>\n<tr>\n<td><strong>Mpx<\/strong><\/td>\n<td><strong>24<\/strong><\/td>\n<\/tr>\n<tr>\n<td><strong>Mirino<\/strong><\/td>\n<td><strong>el<\/strong><\/td>\n<\/tr>\n<tr>\n<td><strong>Schermo<\/strong><\/td>\n<td><strong>fisso<\/strong><\/td>\n<\/tr>\n<tr>\n<td><strong>Autofocus<\/strong><\/td>\n<td><strong>contrasto<\/strong><\/td>\n<\/tr>\n<tr>\n<td><strong>Punti AF<\/strong><\/td>\n<td><strong>\u00a0<\/strong><\/td>\n<\/tr>\n<tr>\n<td><strong>Stabilizzazione<\/strong><\/td>\n<td><strong>no<\/strong><\/td>\n<\/tr>\n<tr>\n<td><strong>Raffica<\/strong><\/td>\n<td><strong>10<\/strong><\/td>\n<\/tr>\n<tr>\n<td><strong>Protezione<\/strong><\/td>\n<td><strong>no<\/strong><\/td>\n<\/tr>\n<tr>\n<td><strong>Video<\/strong><\/td>\n<td><strong>FhD<\/strong><\/td>\n<\/tr>\n<tr>\n<td><strong>Flash<\/strong><\/td>\n<td><strong>si<\/strong><\/td>\n<\/tr>\n<tr>\n<td><strong>Wi-Fi<\/strong><\/td>\n<td><strong>si<\/strong><\/td>\n<\/tr>\n<tr>\n<td><strong>Obiettivo<\/strong><\/td>\n<td><strong>28\/1,7<\/strong><\/td>\n<\/tr>\n<tr>\n<td><strong>Dimensioni mm<\/strong><\/td>\n<td><strong>130x80x93<\/strong><\/td>\n<\/tr>\n<tr>\n<td><strong>Peso g<\/strong><\/td>\n<td><strong>640<\/strong><\/td>\n<\/tr>\n<tr>\n<td width=\"164\"><strong>Prezzo con garanzia IT<\/strong><\/td>\n<td><strong>\u20ac 4.195<\/strong><\/td>\n<\/tr>\n<\/tbody>\n<\/table>\n<p>Questa Q Typ 116 \u00e8 una novit\u00e0 sorprendente per Leica che fino ad oggi nel formato fullframe aveva continuato a produrre solo modelli della linea M. La Q \u00e8 una compatta con sensore fullframe da 24 Mpx ed obiettivo a focale fissa Summilux 28 mm f\/1,7. Le sue dimensioni sono abbastanza contenute in rapporto alle dimensioni del sensore e l\u2019esteica ricorda abbastanza le famose M a telemetro. Anche le regolazioni con la ghiera dei tempi sulla calotta e quella dei diaframmi attorno all\u2019obiettivo sono simili.<br \/>\nLa Q ha un\u2019elevata qualit\u00e0 d\u2019immagine anche grazie al suo eccellente obiettivo e costituisce, come la Sony RX1R II, un\u2019alternativa credibile a qualsiasi reflex e mirrorless, ma ancora pi\u00f9 esclusiva non solo per il prezzo.<\/p>\n","protected":false},"excerpt":{"rendered":"<p>Le compatte sono fotocamere con obiettivo non intercambiabile. In genere \u00e8 un obiettivo zoom, ma ci sono alcune eccezioni di compatte con obiettivi a focale fissa. Come suggerisce la loro stessa denominazione sono macchine di ingombro e peso tendenzialmente ridotti (anche se c\u2019\u00e8 qualche eccezione), da portare facilmente con se, anche se in realt\u00e0 le &hellip; <a href=\"https:\/\/francescophoto.it\/blog\/2016\/11\/18\/fotocamere-consigliate-compatte-2016-600-4000-e\/\" class=\"more-link\">Continua la lettura di <span class=\"screen-reader-text\">Fotocamere consigliate \u2013 Compatte \u2013 2016 (600-4000 \u20ac)<\/span> <span class=\"meta-nav\">&rarr;<\/span><\/a><\/p>\n","protected":false},"author":1,"featured_media":0,"comment_status":"open","ping_status":"open","sticky":false,"template":"","format":"standard","meta":{"_jetpack_memberships_contains_paid_content":false,"footnotes":""},"categories":[8,17],"tags":[126,256,585,878],"class_list":["post-38008","post","type-post","status-publish","format-standard","hentry","category-compatte","category-generale","tag-4-3","tag-aps","tag-fullframe","tag-micro-4-3"],"jetpack_featured_media_url":"","jetpack_sharing_enabled":true,"_links":{"self":[{"href":"https:\/\/francescophoto.it\/blog\/wp-json\/wp\/v2\/posts\/38008","targetHints":{"allow":["GET"]}}],"collection":[{"href":"https:\/\/francescophoto.it\/blog\/wp-json\/wp\/v2\/posts"}],"about":[{"href":"https:\/\/francescophoto.it\/blog\/wp-json\/wp\/v2\/types\/post"}],"author":[{"embeddable":true,"href":"https:\/\/francescophoto.it\/blog\/wp-json\/wp\/v2\/users\/1"}],"replies":[{"embeddable":true,"href":"https:\/\/francescophoto.it\/blog\/wp-json\/wp\/v2\/comments?post=38008"}],"version-history":[{"count":0,"href":"https:\/\/francescophoto.it\/blog\/wp-json\/wp\/v2\/posts\/38008\/revisions"}],"wp:attachment":[{"href":"https:\/\/francescophoto.it\/blog\/wp-json\/wp\/v2\/media?parent=38008"}],"wp:term":[{"taxonomy":"category","embeddable":true,"href":"https:\/\/francescophoto.it\/blog\/wp-json\/wp\/v2\/categories?post=38008"},{"taxonomy":"post_tag","embeddable":true,"href":"https:\/\/francescophoto.it\/blog\/wp-json\/wp\/v2\/tags?post=38008"}],"curies":[{"name":"wp","href":"https:\/\/api.w.org\/{rel}","templated":true}]}}