{"id":37595,"date":"2016-11-02T01:16:14","date_gmt":"2016-11-02T00:16:14","guid":{"rendered":"http:\/\/blog.francescophoto.it\/?p=37595"},"modified":"2016-11-02T01:16:14","modified_gmt":"2016-11-02T00:16:14","slug":"sony-a7r-ii-test","status":"publish","type":"post","link":"https:\/\/francescophoto.it\/blog\/2016\/11\/02\/sony-a7r-ii-test\/","title":{"rendered":"Sony A7R II: test"},"content":{"rendered":"<p><a href=\"https:\/\/blog.francescophoto.it\/wp-content\/uploads\/2016\/10\/dsc06561.jpg\"><img loading=\"lazy\" decoding=\"async\" class=\"alignright size-thumbnail wp-image-37601\" src=\"https:\/\/blog.francescophoto.it\/wp-content\/uploads\/2016\/10\/dsc06561.jpg?w=128\" alt=\"dsc06561\" width=\"128\" height=\"96\" \/><\/a>La A7R II fa parte della seconda serie delle mirrorless fullframe di Sony.<br \/>\nI miglioramenti introdotti sono notevoli ed interessanti. Alcuni sono comuni a tutte e tre le fotocamere A7 II, A7R II e A7S II come la stabilizzazione sul sensore che funziona su &#8220;5 assi&#8221; e il disegno del corpo con l&#8217;impugnatura e la disposizione dei comandi migliorata.<br \/>\nAltre sono specifiche di ciascun modello. Quella che ha beneficiato del maggior numero di miglioramenti \u00e8 proprio la A7R II. Infatti ora monta un nuovo sensore retroilluminato, per la prima volta su una fullframe, del tipo CMOS Exmor R da 42 Mpx e privo di filtro antialias. Altro grande miglioramento \u00e8 l&#8217;autofocus ora di tipo ibrido con 399 punti AF a rilevamento di fase in aggiunta ai precedenti 25 a rilevamento di contrasto. Infine \u00e8 stata inserita la ripresa video 4K QFHD.<br \/>\nin complesso ua serie di miglioramenti che ne fanno in pratica un modello completamente nuovo che vale la pena di provare.<!--more--><\/p>\n<p>Le A7 fin dal loro primo apparire hanno suscitato grandi entusiasmi presso tutti coloro che sono interessati alla qualit\u00e0 d&#8217;immagine fornita dalle fullframe, ma che sono preoccupati per le dimensioni e peso di queste fotocamere. Le A7 in realt\u00e0 hanno un corpo molto compatto e leggero, paragonabile come dimensioni a quello delle mirrorless APS o Micro 4\/3.<br \/>\nAlle dimensioni ridotte dei corpi macchina per\u00f2 non corrisponde necessariamente una dimensione ridotta degli obiettivi che, dovendo coprire il formato fullframe, sono per forza di cose pi\u00f9 grandi e pesanti, a parit\u00e0 di focale equivalente, di quelli delle fotocamere con sensore pi\u00f9 piccolo. L&#8217;innesto obiettivi \u00e8 il Sony E, lo stesso delle mirrorless APS, ma gliobiettivi per fullframe sono denominati FE.<br \/>\nLe A7 comunque possono anche montare con appositi adattatori gli obiettivi con innesto A destianti alle reflex fullframe di Sony mantenendo l&#8217;autofocus.<\/p>\n<p>Le principali caratteristiche dell&#8217;A7R II sono:<\/p>\n<p>&#8211; sensore CMOS Exmor R retroilluminato di formato fullframe (36&#215;24 mm) con 42 Mpx e senza filtro antialias<br \/>\n&#8211; processore d&#8217;immagine Bionz X<br \/>\n&#8211; corpo totalmente in lega di magnesio protetto da polvere ed acqua<br \/>\n&#8211; innesto obiettivi Sony E (gli obiettivi fullframe sono per\u00f2 contraddistinti dalla sigla FE)<br \/>\n&#8211; mirino elettronico OLED con 2,359 Mpx, copertura del 100 % e ingrandimento reale 0,78x<br \/>\n&#8211; schermo da 3&#8243; e 1.230.000 pixel basculabile<br \/>\n&#8211; stabilizzazione sul sensore a &#8220;5 assi&#8221; per foto e video<br \/>\n&#8211; autofocus ibrido con 399 punti AF a rilevamento di fase e 25 a rilevamento di contrasto selezionabili automaticamente o manualmente<br \/>\n&#8211; modalit\u00e0 di esposizione completamente automatica, Program, a priorit\u00e0, manuale e con scene predisposte<br \/>\n&#8211; sensibilit\u00e0 automatica o manuale da 50 a 102.400 Iso<br \/>\n&#8211; otturatore con tempi da 30 secondi ad 1\/8000<br \/>\n&#8211; disponibilit\u00e0 di scene e funzione panorama<br \/>\n&#8211; slitta per flash esterno (la A7R II non dispone di flash integrato)<br \/>\n&#8211; ripresa video 4K QFHD a 3840&#215;2160 pixel 30\/25p,\u00a0 e Full HD 1920&#215;1080 pixel 60\/50p in formato MP4 o AVCHD con codec XAVC S e audio stereo<br \/>\n&#8211; uscita video HDMI<br \/>\n&#8211; ingresso per microfono esterno<br \/>\n&#8211; velocit\u00e0 di raffica fino a 5 fg\/s<br \/>\n&#8211; connessione Wi-Fi e NFC<br \/>\n&#8211; sistema di pulizia del sensore a vibrazione ultra sonica<br \/>\n&#8211; usa schede SD\/SDHC\/SDXC<br \/>\n&#8211; batteria agli ioni di litio NP-FW50<br \/>\n&#8211; dimensioni 127x96x60 mm<br \/>\n&#8211; peso 625 grammi<\/p>\n<p>La Sony A7R II costa 3.300 \u20ac solo corpo. Lo zoom Zeiss FE 24-70 mm f\/4,0 OSS costa 950 \u20ac, lo Zeiss FE 55 mm f\/1,8 850 \u20ac.<\/p>\n<p>_________________________________________________________<\/p>\n<p><a href=\"https:\/\/blog.francescophoto.it\/wp-content\/uploads\/2016\/10\/dsc06580.jpg\"><img loading=\"lazy\" decoding=\"async\" class=\"alignnone size-medium wp-image-37608\" src=\"https:\/\/blog.francescophoto.it\/wp-content\/uploads\/2016\/10\/dsc06580.jpg?w=474\" alt=\"dsc06580\" width=\"474\" height=\"356\" \/><\/a><\/p>\n<p><a href=\"https:\/\/blog.francescophoto.it\/wp-content\/uploads\/2016\/10\/dsc06654.jpg\"><img loading=\"lazy\" decoding=\"async\" class=\"alignnone size-medium wp-image-37626\" src=\"https:\/\/blog.francescophoto.it\/wp-content\/uploads\/2016\/10\/dsc06654.jpg?w=474\" alt=\"dsc06654\" width=\"474\" height=\"356\" \/><\/a><\/p>\n<p>_________________________________________________________<\/p>\n<p><a href=\"http:\/\/wp.me\/PllAx-9Mq\">Descrizione &amp; uso<\/a><br \/>\n<a href=\"http:\/\/wp.me\/PllAx-9OY\">Prestazioni<\/a><br \/>\n<a href=\"http:\/\/wp.me\/PllAx-9NZ\">Galleria<\/a><br \/>\n<a href=\"http:\/\/wp.me\/PllAx-9OW\">Conclusioni<\/a><br \/>\n_________________________________________________________<\/p>\n<p><a href=\"http:\/\/wp.me\/PllAx-9Mq\">Successiva<\/a>\u00a0\u00a0 ==&gt;<\/p>\n","protected":false},"excerpt":{"rendered":"<p>La A7R II fa parte della seconda serie delle mirrorless fullframe di Sony. I miglioramenti introdotti sono notevoli ed interessanti. Alcuni sono comuni a tutte e tre le fotocamere A7 II, A7R II e A7S II come la stabilizzazione sul sensore che funziona su &#8220;5 assi&#8221; e il disegno del corpo con l&#8217;impugnatura e la &hellip; <a href=\"https:\/\/francescophoto.it\/blog\/2016\/11\/02\/sony-a7r-ii-test\/\" class=\"more-link\">Continua la lettura di <span class=\"screen-reader-text\">Sony A7R II: test<\/span> <span class=\"meta-nav\">&rarr;<\/span><\/a><\/p>\n","protected":false},"author":1,"featured_media":37601,"comment_status":"open","ping_status":"open","sticky":false,"template":"","format":"standard","meta":{"_jetpack_memberships_contains_paid_content":false,"footnotes":""},"categories":[49,12,22,37],"tags":[222,526,585,884,1171],"class_list":["post-37595","post","type-post","status-publish","format-standard","has-post-thumbnail","hentry","category-49","category-evil","category-mirrorless","category-test-fotocamere","tag-a7r-ii","tag-evil","tag-fullframe","tag-mirrorless","tag-sony"],"jetpack_featured_media_url":"","jetpack_sharing_enabled":true,"_links":{"self":[{"href":"https:\/\/francescophoto.it\/blog\/wp-json\/wp\/v2\/posts\/37595","targetHints":{"allow":["GET"]}}],"collection":[{"href":"https:\/\/francescophoto.it\/blog\/wp-json\/wp\/v2\/posts"}],"about":[{"href":"https:\/\/francescophoto.it\/blog\/wp-json\/wp\/v2\/types\/post"}],"author":[{"embeddable":true,"href":"https:\/\/francescophoto.it\/blog\/wp-json\/wp\/v2\/users\/1"}],"replies":[{"embeddable":true,"href":"https:\/\/francescophoto.it\/blog\/wp-json\/wp\/v2\/comments?post=37595"}],"version-history":[{"count":0,"href":"https:\/\/francescophoto.it\/blog\/wp-json\/wp\/v2\/posts\/37595\/revisions"}],"wp:featuredmedia":[{"embeddable":true,"href":"https:\/\/francescophoto.it\/blog\/wp-json\/"}],"wp:attachment":[{"href":"https:\/\/francescophoto.it\/blog\/wp-json\/wp\/v2\/media?parent=37595"}],"wp:term":[{"taxonomy":"category","embeddable":true,"href":"https:\/\/francescophoto.it\/blog\/wp-json\/wp\/v2\/categories?post=37595"},{"taxonomy":"post_tag","embeddable":true,"href":"https:\/\/francescophoto.it\/blog\/wp-json\/wp\/v2\/tags?post=37595"}],"curies":[{"name":"wp","href":"https:\/\/api.w.org\/{rel}","templated":true}]}}