{"id":37080,"date":"2016-10-06T23:47:28","date_gmt":"2016-10-06T22:47:28","guid":{"rendered":"http:\/\/blog.francescophoto.it\/?p=37080"},"modified":"2016-10-06T23:47:28","modified_gmt":"2016-10-06T22:47:28","slug":"photokina-2016-sony","status":"publish","type":"post","link":"https:\/\/francescophoto.it\/blog\/2016\/10\/06\/photokina-2016-sony\/","title":{"rendered":"Photokina 2016 &#8211; Sony"},"content":{"rendered":"<p><a href=\"https:\/\/blog.francescophoto.it\/wp-content\/uploads\/2016\/09\/sony-01-p9220036.jpg\"><img loading=\"lazy\" decoding=\"async\" class=\"alignright size-thumbnail wp-image-36581\" src=\"https:\/\/blog.francescophoto.it\/wp-content\/uploads\/2016\/09\/sony-01-p9220036.jpg?w=128\" alt=\"OLYMPUS DIGITAL CAMERA\" width=\"128\" height=\"96\" \/><\/a>Lo stand di Sony era uno degli ultimi da raggiungere dall\u2019ingresso Sud, ma non per questo era meno interessante. La novit\u00e0 era la reflex A99 II, nuova versione dell&#8217;ammiraglia reflex di Sony con tali e tanti miglioramenti da farne in pratica un nuovo modello. Forse questa \u00e8 la novit\u00e0 pi\u00f9 interessante della Photokina, e nell&#8217;articolo ne spiegher\u00f2 il motivo. Ad essa era dedicato un banco per osservarla e provarla, ma senza poter scattare con la propria scheda. Erano poi esposte tutte le altre fotocamere della marca, la linea A7 al completo, le bridge &#8220;premium&#8221; RX10 e le compatte RX100, mentre scarsa evidenza era date alle compatte e bridge superzoom ed ai moduli QX per smartphone.<!--more--><\/p>\n<p>All&#8217;ingresso dello stand era visibile anche una piccola mostra fotografica.<\/p>\n<p><a href=\"https:\/\/blog.francescophoto.it\/wp-content\/uploads\/2016\/09\/sony-01-p9220036.jpg\"><img loading=\"lazy\" decoding=\"async\" class=\"alignnone size-medium wp-image-36581\" src=\"https:\/\/blog.francescophoto.it\/wp-content\/uploads\/2016\/09\/sony-01-p9220036.jpg?w=474\" alt=\"OLYMPUS DIGITAL CAMERA\" width=\"474\" height=\"356\" \/><\/a><\/p>\n<p>Il banco principale era dedicato alle fotocamere Alpha, in particolare alla A99 II.<\/p>\n<p><a href=\"https:\/\/blog.francescophoto.it\/wp-content\/uploads\/2016\/09\/sony-02-dsc00284.jpg\"><img loading=\"lazy\" decoding=\"async\" class=\"alignnone size-medium wp-image-36582\" src=\"https:\/\/blog.francescophoto.it\/wp-content\/uploads\/2016\/09\/sony-02-dsc00284.jpg?w=474\" alt=\"sony-02-dsc00284\" width=\"474\" height=\"316\" \/><\/a><br \/>\nNello stand, molto ben illuminato a differenza di altri piuttosto scuri, era anche allestito un bel set di scatto con piante fiori ed alcune modelle che vi si alternavano.<\/p>\n<p><a href=\"https:\/\/blog.francescophoto.it\/wp-content\/uploads\/2016\/09\/sony-04-p9220048.jpg\"><img loading=\"lazy\" decoding=\"async\" class=\"alignnone size-medium wp-image-36584\" src=\"https:\/\/blog.francescophoto.it\/wp-content\/uploads\/2016\/09\/sony-04-p9220048.jpg?w=474\" alt=\"OLYMPUS DIGITAL CAMERA\" width=\"474\" height=\"356\" \/><\/a><\/p>\n<p><a href=\"https:\/\/blog.francescophoto.it\/wp-content\/uploads\/2016\/09\/sony-05-p9220052.jpg\"><img loading=\"lazy\" decoding=\"async\" class=\"alignnone size-medium wp-image-36585\" src=\"https:\/\/blog.francescophoto.it\/wp-content\/uploads\/2016\/09\/sony-05-p9220052.jpg?w=474\" alt=\"OLYMPUS DIGITAL CAMERA\" width=\"474\" height=\"356\" \/><\/a><br \/>\nIn una galleria sopraelevata erano predisposti molti teleobiettivi, abbinate alle fotocamere reflex e mirrorless della casa dedicati alla prova.<\/p>\n<p><a href=\"https:\/\/blog.francescophoto.it\/wp-content\/uploads\/2016\/10\/dsc00273.jpg\"><img loading=\"lazy\" decoding=\"async\" class=\"alignnone size-medium wp-image-37085\" src=\"https:\/\/blog.francescophoto.it\/wp-content\/uploads\/2016\/10\/dsc00273.jpg?w=474\" alt=\"dsc00273\" width=\"474\" height=\"316\" \/><\/a><br \/>\nC&#8217;era anche un palco con un set di illuminazione adibito a workshop, spettacoli e presentazioni.<\/p>\n<h3>A99 II<\/h3>\n<p>Questa nuova reflex deriva dalla precedente A99, ma ne differisce per le componenti fondamentali.<\/p>\n<p><a href=\"https:\/\/blog.francescophoto.it\/wp-content\/uploads\/2016\/10\/dsc00278.jpg\"><img loading=\"lazy\" decoding=\"async\" class=\"alignnone size-medium wp-image-37090\" src=\"https:\/\/blog.francescophoto.it\/wp-content\/uploads\/2016\/10\/dsc00278.jpg?w=474\" alt=\"dsc00278\" width=\"474\" height=\"316\" \/><\/a><\/p>\n<p><a href=\"https:\/\/blog.francescophoto.it\/wp-content\/uploads\/2016\/10\/dsc00276.jpg\"><img loading=\"lazy\" decoding=\"async\" class=\"alignnone size-medium wp-image-37088\" src=\"https:\/\/blog.francescophoto.it\/wp-content\/uploads\/2016\/10\/dsc00276.jpg?w=474\" alt=\"dsc00276\" width=\"474\" height=\"316\" \/><\/a><\/p>\n<p><a href=\"https:\/\/blog.francescophoto.it\/wp-content\/uploads\/2016\/10\/dsc00275.jpg\"><img loading=\"lazy\" decoding=\"async\" class=\"alignnone size-medium wp-image-37087\" src=\"https:\/\/blog.francescophoto.it\/wp-content\/uploads\/2016\/10\/dsc00275.jpg?w=474\" alt=\"dsc00275\" width=\"474\" height=\"316\" \/><\/a><\/p>\n<p><a href=\"https:\/\/blog.francescophoto.it\/wp-content\/uploads\/2016\/10\/dsc00279.jpg\"><img loading=\"lazy\" decoding=\"async\" class=\"alignnone size-medium wp-image-37091\" src=\"https:\/\/blog.francescophoto.it\/wp-content\/uploads\/2016\/10\/dsc00279.jpg?w=474\" alt=\"dsc00279\" width=\"474\" height=\"316\" \/><\/a><\/p>\n<p>Lo schema costruttivo \u00e8 sempre lo stesso: tutte le reflex Sony adottano uno specchio fisso semitrasparente che riflette parte della luce, il 30 %, verso il sensore autofocus, mentre il resto arriva al sensore d&#8217;immagine. In questo modo si ottiene che l&#8217;autofocus reflex funziona anche in live view e per i video ed il mirino funziona anche per le riprese video. Un ulteriore vantaggio \u00e8 dato dall&#8217;assenza di vibrazioni dovute al movimento dello specchio. Naturalmente il mirino deve essere di tipo elettronico.<br \/>\nIl nuovo sensore di formato fullframe \u00e8 lo stesso della A7R II. Si tratta di un sensore BSI-CMOS, cio\u00e8 retroilluminato per la prima volta adottato su una reflex, da 42 Mpx. L&#8217;autofocus \u00e8 ibrido, unendo la funzionalit\u00e0 dell&#8217;autofocus reflex con 79 punti AF, che coprono prevalentemente il centro dell&#8217;inquadratura, con la funzionalit\u00e0 dell&#8217;autofocus a rilevamento di fase sul sensore con 399 punti AF che la coprono quasi completamente.<\/p>\n<p><a href=\"https:\/\/blog.francescophoto.it\/wp-content\/uploads\/2016\/10\/a99ii_autofocus1.jpg\"><img loading=\"lazy\" decoding=\"async\" class=\"alignnone size-medium wp-image-37082\" src=\"https:\/\/blog.francescophoto.it\/wp-content\/uploads\/2016\/10\/a99ii_autofocus1.jpg?w=474\" alt=\"a99ii_autofocus1\" width=\"474\" height=\"234\" \/><\/a><\/p>\n<p><a href=\"https:\/\/blog.francescophoto.it\/wp-content\/uploads\/2016\/10\/a99ii_autofocus2.jpg\"><img loading=\"lazy\" decoding=\"async\" class=\"alignnone size-medium wp-image-37083\" src=\"https:\/\/blog.francescophoto.it\/wp-content\/uploads\/2016\/10\/a99ii_autofocus2.jpg?w=474\" alt=\"a99ii_autofocus2\" width=\"474\" height=\"150\" \/><\/a><\/p>\n<p>L&#8217;insieme dei due autofocus costituisce anche una zona di punti totalmente a croce. In questo modo \u00e8 possibile garantire una messa a fuoco molto accurata ed un efficace funzione di inseguimento del soggetto che si muove nell&#8217;inquadratura. Sfruttando le capacit\u00e0 dell&#8217;autofocus la A99 II garantisce una raffica che arriva fino a 12 fg\/s, superiore a oltre il doppio della velocit\u00e0 raggiungibile da altre reflex o mirrorless con simile risoluzione, e a 8 fg\/s con il live view attivo. Ci\u00f2 vuol dire che il suo elaboratore d&#8217;immagine Bionz X \u00e8 in grado di gestire un flusso elevatissimo di dati, molto superiore a quello delle reflex professionali pi\u00f9 veloci che per arrivare a simili velocit\u00e0 di raffica usano sensori con risoluzione limitata a 20 Mpx. L&#8217;autofocus ibrido inoltre garantisce un&#8217;elevatissima sensibilit\u00e0 che arriva a -4 EV.<br \/>\nLa A99 II guadagna anche la stabilizzazione a &#8220;5 assi&#8221; gi\u00e0 utilizzata dalle A7 II, migliorando quella precedente della A99, con un guadagno di 4,5 stop.<\/p>\n<p><a href=\"https:\/\/blog.francescophoto.it\/wp-content\/uploads\/2016\/10\/a99ii_stabilizzazione.jpg\"><img loading=\"lazy\" decoding=\"async\" class=\"alignnone size-medium wp-image-37084\" src=\"https:\/\/blog.francescophoto.it\/wp-content\/uploads\/2016\/10\/a99ii_stabilizzazione.jpg?w=474\" alt=\"a99ii_stabilizzazione\" width=\"474\" height=\"461\" \/><\/a><br \/>\nIl corpo e i comandi sono simili a quelli del precedente modello, ma le dimensioni sono state ridotte e la A99 II ha quasi le stesse dimensioni e lo stesso peso della A77 II di formato APS. Rimane per\u00f2 sempre pi\u00f9 grande delle A7, ma questo vale per il corpo macchina. Infatti se si aggiunge al corpo un obiettivo le differenze si riducono di molto, come si vede nel confronto fra la A99 II, la A7R II, la Canon 5DSR e la Nikon D810 con gli zoom professionali 24-70 mm f\/2,8.<\/p>\n<p><a href=\"https:\/\/blog.francescophoto.it\/wp-content\/uploads\/2016\/10\/a99ii_a7ii_5dsr_d810_24-70-28_top.jpg\"><img loading=\"lazy\" decoding=\"async\" class=\"alignnone size-medium wp-image-37081\" src=\"https:\/\/blog.francescophoto.it\/wp-content\/uploads\/2016\/10\/a99ii_a7ii_5dsr_d810_24-70-28_top.jpg?w=474\" alt=\"a99ii_a7ii_5dsr_d810_24-70-28_top\" width=\"474\" height=\"184\" \/><\/a><\/p>\n<p>Lo zoom Sony G montato sulla A7 \u00e8 addirittura pi\u00f9 lungo dello Zeiss sulla A99 II e del Canon, ma solo perch\u00e8 la A7 ha un corpo pi\u00f9 sottile che comporta una maggiore lunghezza del barilotto per portare le lenti alla giusta distanza. Infatti la lunghezza complessiva \u00e8 uguale per le tre fotocamere e solo l&#8217;obiettivo Nikon \u00e8 ancora pi\u00f9 grande evidentemente perch\u00e8 stabilizzato.<br \/>\nLa A99 II a questo punto \u00e8 l&#8217;unica reflex che mette insieme le esigenze di elevata risoluzione richieste per alcuni tipi di foto, paesaggio in primo luogo, con la velocit\u00e0 di autofocus e di raffica richiesta da altri generi fotografici come la foto sportiva e quella di animali ripresi nel loro ambiente. In questo senso \u00e8 la novit\u00e0 pi\u00f9 interessante presentata nella manifestazione.<br \/>\nViene solo da chiedersi perch\u00e8 gli stessi risultati non possano essere ottenuti anche da una mirrorless pura come la A7R II che invece ha una velocit\u00e0 di raffica limitata a soli 5 fg\/s, ma comunque un autofocus con 399 punti AF. Evidentemente per\u00f2 l&#8217;insieme di autofocus reflex e di quello sul sensore garantiscono prestazioni ancora migliori e questo, oltre al corredo di obiettivi pi\u00f9 ampio per l&#8217;innesto Sony A piuttosto che per quello Sony FE, giustificano l&#8217;esistenza di questa A99 II che \u00e8 in realt\u00e0 un ibrido fra reflex e mirrorless.<br \/>\nQuesta presentazione \u00e8 comunque un&#8217;ottimo segnale per i tanti possessori di reflex Sony che la casa non sta abbandonando questa linea di fotocamere, ma continua ad investirvi e a sviluppare nuovi modelli.<br \/>\nGli esemplari presenti alla Photokina erano per\u00f2 di preserie e quindi non mi \u00e8 stato possibile provarla con una mia scheda per valutarne la qualit\u00e0, anche se indubbiamente dal punto di vista qualit\u00e0 d&#8217;immagine \u00e8 sicuramente allo stesso elevatissimo livello della A7R II.<\/p>\n<p>L&#8217;altro modello abbastanza nuovo presente nello stand, oltre ovviamente alla A6300 che avevo al collo, era la bridge &#8220;premium&#8221; RX10 III.<\/p>\n<h3>RX10 III<\/h3>\n<p>Questa fotocamera mi incuriosiva dopo gli ottimi risulatati otteneuti nella prova dalla RX10 II.<\/p>\n<p><a href=\"https:\/\/blog.francescophoto.it\/wp-content\/uploads\/2016\/10\/dsc00280.jpg\"><img loading=\"lazy\" decoding=\"async\" class=\"alignnone size-medium wp-image-37092\" src=\"https:\/\/blog.francescophoto.it\/wp-content\/uploads\/2016\/10\/dsc00280.jpg?w=474\" alt=\"dsc00280\" width=\"474\" height=\"316\" \/><\/a><\/p>\n<p><a href=\"https:\/\/blog.francescophoto.it\/wp-content\/uploads\/2016\/10\/dsc00281.jpg\"><img loading=\"lazy\" decoding=\"async\" class=\"alignnone size-medium wp-image-37093\" src=\"https:\/\/blog.francescophoto.it\/wp-content\/uploads\/2016\/10\/dsc00281.jpg?w=474\" alt=\"dsc00281\" width=\"474\" height=\"316\" \/><\/a><\/p>\n<p><a href=\"https:\/\/blog.francescophoto.it\/wp-content\/uploads\/2016\/10\/dsc00282.jpg\"><img loading=\"lazy\" decoding=\"async\" class=\"alignnone size-medium wp-image-37094\" src=\"https:\/\/blog.francescophoto.it\/wp-content\/uploads\/2016\/10\/dsc00282.jpg?w=474\" alt=\"dsc00282\" width=\"474\" height=\"316\" \/><\/a><br \/>\nIn pratica \u00e8 una RX10 con un po&#8217; di steroidi: \u00e8 pi\u00f9 grande, sembra quasi pantografata, ed ha un nuovo zoom 25x 24-600 mm equivalente f\/2,4-4,0.<\/p>\n<figure id=\"attachment_37096\" aria-describedby=\"caption-attachment-37096\" style=\"width: 474px\" class=\"wp-caption alignnone\"><a href=\"https:\/\/blog.francescophoto.it\/wp-content\/uploads\/2016\/10\/rx10ii_rx10iii_front.jpg\"><img loading=\"lazy\" decoding=\"async\" class=\"size-medium wp-image-37096\" src=\"https:\/\/blog.francescophoto.it\/wp-content\/uploads\/2016\/10\/rx10ii_rx10iii_front.jpg?w=474\" alt=\"RX10 II - RX10 III\" width=\"474\" height=\"172\" \/><\/a><figcaption id=\"caption-attachment-37096\" class=\"wp-caption-text\">RX10 II &#8211; RX10 III<\/figcaption><\/figure>\n<figure id=\"attachment_37097\" aria-describedby=\"caption-attachment-37097\" style=\"width: 474px\" class=\"wp-caption alignnone\"><a href=\"https:\/\/blog.francescophoto.it\/wp-content\/uploads\/2016\/10\/rx10ii_rx10iii_top.jpg\"><img loading=\"lazy\" decoding=\"async\" class=\"size-medium wp-image-37097\" src=\"https:\/\/blog.francescophoto.it\/wp-content\/uploads\/2016\/10\/rx10ii_rx10iii_top.jpg?w=474\" alt=\"RX10 II - RX10 III\" width=\"474\" height=\"250\" \/><\/a><figcaption id=\"caption-attachment-37097\" class=\"wp-caption-text\">RX10 II &#8211; RX10 III<\/figcaption><\/figure>\n<p>Il sensore \u00e8 lo stesso BSI-CMOS stacked (a strati) da 1&#8243; (13,2&#215;8,8 mm) e 20 Mpx. Invariati pure il mirino con 2,36 Mpx, copertura del 100 % e ingrandimento 0,7x e lo schermo basculabile da 1,228 Mpx. Anche il resto delle caratteristiche e funzioni non cambia, compreso l&#8217;otturatore meccanico\/elettronico che arriva a 1\/32000, la velocit\u00e0 di raffica fino a 14 fg\/s, con la possibilit\u00e0 di ripresa rallentata, la ripresa video 4K e la connesiione wi-fi e NFC.<br \/>\nPurtroppo per\u00f2 nonstante la RX10 III sia stata presentata diversi mesi fa gli esemplari esposti avevano l&#8217;alloggiamento della scheda di memoria bloccato e quindi non ho potuto osservarla e provarla, ma non ho potuto scattare foto da portare via.<\/p>\n<p>Non ho dedicato tempo alla RX100 IV, gi\u00e0 da me provata ed oggi affiancata dalla RX100 V di cui pubblicher\u00f2 le caratteristiche appena ricever\u00f2 il relativo comunicato stampa, ne alla A6300 che avevo in prova e che ho usato per la maggior parte delle foto in Photokina, anche questa affiancata oggi dalla A6500.<\/p>\n<p>Le compatte e bridge superzoom non erano in evidenza nemmeno nelle postazioni attorno al set fotografico al centro dello stand e cos\u00ec pure i moduli QX che evidentemente con il progresso delle fotocamere degli smartphone e con la possibilit\u00e0 di collegare facilmente una fotocamera al proprio smartphone per chi vuole un obiettivo zoom o una maggiore qualit\u00e0 d&#8217;immagine interessano ormai poco.<\/p>\n<p>Fra gli obiettivi non c&#8217;erano novit\u00e0. Gli ultimi due presentati da Sony per integrare il corredo delle sue mirrorless sono il Sony FE 50 mm f\/1,8 Macro e lo Zeiss Planar T* FE 50 mm f\/1,4 ZA.<\/p>\n<p>Infine c&#8217;era un settore dedicato alle videocamere professionali.<\/p>\n<p><a href=\"https:\/\/blog.francescophoto.it\/wp-content\/uploads\/2016\/10\/dsc00325.jpg\"><img loading=\"lazy\" decoding=\"async\" class=\"alignnone size-medium wp-image-37095\" src=\"https:\/\/blog.francescophoto.it\/wp-content\/uploads\/2016\/10\/dsc00325.jpg?w=474\" alt=\"dsc00325\" width=\"474\" height=\"316\" \/><\/a><\/p>\n","protected":false},"excerpt":{"rendered":"<p>Lo stand di Sony era uno degli ultimi da raggiungere dall\u2019ingresso Sud, ma non per questo era meno interessante. La novit\u00e0 era la reflex A99 II, nuova versione dell&#8217;ammiraglia reflex di Sony con tali e tanti miglioramenti da farne in pratica un nuovo modello. Forse questa \u00e8 la novit\u00e0 pi\u00f9 interessante della Photokina, e nell&#8217;articolo &hellip; <a href=\"https:\/\/francescophoto.it\/blog\/2016\/10\/06\/photokina-2016-sony\/\" class=\"more-link\">Continua la lettura di <span class=\"screen-reader-text\">Photokina 2016 &#8211; Sony<\/span> <span class=\"meta-nav\">&rarr;<\/span><\/a><\/p>\n","protected":false},"author":1,"featured_media":0,"comment_status":"open","ping_status":"open","sticky":false,"template":"","format":"standard","meta":{"_jetpack_memberships_contains_paid_content":false,"footnotes":""},"categories":[49,6,10,23],"tags":[233,585,1084,1171],"class_list":["post-37080","post","type-post","status-publish","format-standard","hentry","category-49","category-bridge","category-dslr","category-novita","tag-a99-ii","tag-fullframe","tag-rx10-iii","tag-sony"],"jetpack_featured_media_url":"","jetpack_sharing_enabled":true,"_links":{"self":[{"href":"https:\/\/francescophoto.it\/blog\/wp-json\/wp\/v2\/posts\/37080","targetHints":{"allow":["GET"]}}],"collection":[{"href":"https:\/\/francescophoto.it\/blog\/wp-json\/wp\/v2\/posts"}],"about":[{"href":"https:\/\/francescophoto.it\/blog\/wp-json\/wp\/v2\/types\/post"}],"author":[{"embeddable":true,"href":"https:\/\/francescophoto.it\/blog\/wp-json\/wp\/v2\/users\/1"}],"replies":[{"embeddable":true,"href":"https:\/\/francescophoto.it\/blog\/wp-json\/wp\/v2\/comments?post=37080"}],"version-history":[{"count":0,"href":"https:\/\/francescophoto.it\/blog\/wp-json\/wp\/v2\/posts\/37080\/revisions"}],"wp:attachment":[{"href":"https:\/\/francescophoto.it\/blog\/wp-json\/wp\/v2\/media?parent=37080"}],"wp:term":[{"taxonomy":"category","embeddable":true,"href":"https:\/\/francescophoto.it\/blog\/wp-json\/wp\/v2\/categories?post=37080"},{"taxonomy":"post_tag","embeddable":true,"href":"https:\/\/francescophoto.it\/blog\/wp-json\/wp\/v2\/tags?post=37080"}],"curies":[{"name":"wp","href":"https:\/\/api.w.org\/{rel}","templated":true}]}}