{"id":3665,"date":"2010-03-02T00:02:36","date_gmt":"2010-03-01T23:02:36","guid":{"rendered":"http:\/\/francescophoto.wordpress.com\/?p=3665"},"modified":"2010-03-02T00:02:36","modified_gmt":"2010-03-01T23:02:36","slug":"leica-day","status":"publish","type":"post","link":"https:\/\/francescophoto.it\/blog\/2010\/03\/02\/leica-day\/","title":{"rendered":"Leica day"},"content":{"rendered":"<p><a href=\"http:\/\/blog.francescophoto.it\/wp-content\/uploads\/2010\/03\/zyfront-lg.jpg\"><img loading=\"lazy\" decoding=\"async\" class=\"alignright size-thumbnail wp-image-3666\" title=\"ZYFRONT-LG\" src=\"http:\/\/blog.francescophoto.it\/wp-content\/uploads\/2010\/03\/zyfront-lg.jpg?w=126\" alt=\"\" width=\"126\" height=\"96\" srcset=\"https:\/\/francescophoto.it\/blog\/wp-content\/uploads\/2010\/03\/zyfront-lg.jpg 661w, https:\/\/francescophoto.it\/blog\/wp-content\/uploads\/2010\/03\/zyfront-lg-500x378.jpg 500w, https:\/\/francescophoto.it\/blog\/wp-content\/uploads\/2010\/03\/zyfront-lg-128x96.jpg 128w\" sizes=\"auto, (max-width: 126px) 100vw, 126px\" \/><\/a><a href=\"http:\/\/blog.francescophoto.it\/wp-content\/uploads\/2010\/03\/zyfront-lg1.jpg\"><img loading=\"lazy\" decoding=\"async\" class=\"alignright size-thumbnail wp-image-3667\" title=\"ZYFRONT-LG\" src=\"http:\/\/blog.francescophoto.it\/wp-content\/uploads\/2010\/03\/zyfront-lg1.jpg?w=127\" alt=\"\" width=\"127\" height=\"96\" srcset=\"https:\/\/francescophoto.it\/blog\/wp-content\/uploads\/2010\/03\/zyfront-lg1.jpg 662w, https:\/\/francescophoto.it\/blog\/wp-content\/uploads\/2010\/03\/zyfront-lg1-500x378.jpg 500w, https:\/\/francescophoto.it\/blog\/wp-content\/uploads\/2010\/03\/zyfront-lg1-128x96.jpg 128w\" sizes=\"auto, (max-width: 127px) 100vw, 127px\" \/><\/a>Si \u00e8 svolto sabato scorso 27 febbraio, presso l&#8217;Academy del noto negozio romano La Placa, il Leica day.<br \/>\nE&#8217; stata una manifestazione molto interessante e ben organizzata in cui venivano presentate le ultime novit\u00e0 Lrica e cio\u00e8 la S2 reflex medioformato finalmente in vendita, la M9 a telemetro, l&#8217;ultima nata di una serie nata nel 1953 con la M3 e trasformatasi in digitale nel 2009 e la X1 compatta quasi tascabile con sensore APS e obiettivo fisso. E&#8217; stato possibile anche provare le fotocamere. Le impressioni ed i risultati sono stati per alcuni aspetti sorprendenti.<!--more--><\/p>\n<p>Nella manifestazione, oltre alla presentazione dei prodotti era previsto un set di posa con una modella, per un test pratico delle macchine ed un&#8217;area con la disponibilit\u00e0 di computer, Apple iMac, per rivedere le foto.<br \/>\nHo potuto ampiamente provare tutti e tre i modelli e sono riuscito a scattare numerose foto.<br \/>\nL&#8217;impressione in generale \u00e8 stata ottima specialmente per la S2 che si pu\u00f2 utilizzare come una tradizionale reflex fullframe e questo \u00e8 un pregio notevole per una macchina che ha un sensore di ben 45&#215;30 mm. Anche la M9 suscita particolari sensazioni eunisce una tecnologia innovativa ed aspetti tradizionali che sulle prime possono lasciare un po&#8217; in imbarazzo chi non \u00e8 abituato a questo tipo di macchine. La X1 infine si presenta ottimamente e funziona bene, l&#8217;unico suo inconveniente, come ho gi\u00e0 detto \u00e8 il prezzo,<br \/>\nRiparler\u00f2 quanto prima di queste tre interessanti fotocamere, con foto ed impressioni.<\/p>\n","protected":false},"excerpt":{"rendered":"<p>Si \u00e8 svolto sabato scorso 27 febbraio, presso l&#8217;Academy del noto negozio romano La Placa, il Leica day. E&#8217; stata una manifestazione molto interessante e ben organizzata in cui venivano presentate le ultime novit\u00e0 Lrica e cio\u00e8 la S2 reflex medioformato finalmente in vendita, la M9 a telemetro, l&#8217;ultima nata di una serie nata nel &hellip; <a href=\"https:\/\/francescophoto.it\/blog\/2010\/03\/02\/leica-day\/\" class=\"more-link\">Continua la lettura di <span class=\"screen-reader-text\">Leica day<\/span> <span class=\"meta-nav\">&rarr;<\/span><\/a><\/p>\n","protected":false},"author":1,"featured_media":0,"comment_status":"open","ping_status":"open","sticky":false,"template":"","format":"standard","meta":{"_jetpack_memberships_contains_paid_content":false,"footnotes":""},"categories":[8,10,11,19,35],"tags":[256,585,766,862,871,1102,1334],"class_list":["post-3665","post","type-post","status-publish","format-standard","hentry","category-compatte","category-dslr","category-eventi","category-medio-formato","category-telemetro","tag-aps","tag-fullframe","tag-leica","tag-m9","tag-mediformato","tag-s2","tag-x1"],"jetpack_featured_media_url":"","jetpack_sharing_enabled":true,"_links":{"self":[{"href":"https:\/\/francescophoto.it\/blog\/wp-json\/wp\/v2\/posts\/3665","targetHints":{"allow":["GET"]}}],"collection":[{"href":"https:\/\/francescophoto.it\/blog\/wp-json\/wp\/v2\/posts"}],"about":[{"href":"https:\/\/francescophoto.it\/blog\/wp-json\/wp\/v2\/types\/post"}],"author":[{"embeddable":true,"href":"https:\/\/francescophoto.it\/blog\/wp-json\/wp\/v2\/users\/1"}],"replies":[{"embeddable":true,"href":"https:\/\/francescophoto.it\/blog\/wp-json\/wp\/v2\/comments?post=3665"}],"version-history":[{"count":0,"href":"https:\/\/francescophoto.it\/blog\/wp-json\/wp\/v2\/posts\/3665\/revisions"}],"wp:attachment":[{"href":"https:\/\/francescophoto.it\/blog\/wp-json\/wp\/v2\/media?parent=3665"}],"wp:term":[{"taxonomy":"category","embeddable":true,"href":"https:\/\/francescophoto.it\/blog\/wp-json\/wp\/v2\/categories?post=3665"},{"taxonomy":"post_tag","embeddable":true,"href":"https:\/\/francescophoto.it\/blog\/wp-json\/wp\/v2\/tags?post=3665"}],"curies":[{"name":"wp","href":"https:\/\/api.w.org\/{rel}","templated":true}]}}