{"id":36414,"date":"2016-09-18T22:11:16","date_gmt":"2016-09-18T21:11:16","guid":{"rendered":"http:\/\/blog.francescophoto.it\/?p=36414"},"modified":"2016-09-18T22:11:16","modified_gmt":"2016-09-18T21:11:16","slug":"photokina-2016","status":"publish","type":"post","link":"https:\/\/francescophoto.it\/blog\/2016\/09\/18\/photokina-2016\/","title":{"rendered":"Photokina 2016"},"content":{"rendered":"<p><a href=\"https:\/\/blog.francescophoto.it\/wp-content\/uploads\/2016\/09\/id532395_1.jpg\"><img loading=\"lazy\" decoding=\"async\" class=\"alignright size-thumbnail wp-image-36415\" src=\"https:\/\/blog.francescophoto.it\/wp-content\/uploads\/2016\/09\/id532395_1.jpg?w=128\" alt=\"id532395_1\" width=\"128\" height=\"61\" \/><\/a>Domani si apre a Colonia, in Germania, l&#8217;edizione 2016 della Photokina, la fiera biennale mondiale della fotografia a cui sono presenti tutte le marche e i produttori che pretendono di esistere nel mondo fotografico.<br \/>\nLa giornata di domani sar\u00e0 dedicata alle conferenze stampa dei principali produttori, poi da marted\u00ec i saloni della Fiera di Colonia saranno aperti al pubblico per la visione e prova dei prodotti presentati.<br \/>\nNegli scorsi anni, diciamo fino al 2012, gi\u00e0 da quasi un mese prima della manifestazione tutti i pi\u00f9 grandi marchi iniziavano a presentare le loro novit\u00e0, soprattutto con nugoli di fotocamere compatte, di tutti i tipi, forme e colori. Gi\u00e0 dalla scorsa edizione questa tendenza si era ridotta. Quest&#8217;anno addirittura le novit\u00e0 in anteprima sono state pochissime e nessuna fa parte della categoria delle compatte, almeno quelle come si intendevano fino a un paio di anni fa.<br \/>\nForse alcune novit\u00e0 saranno presentate all&#8217;ultimo momento domani nelle conferenze stampa.<br \/>\nIo, pur essendo invitato ed avendo avuto il relativo accredito, non parteciper\u00f2 alle conferenze, ma sar\u00f2 l\u00ec da marted\u00ec per osservare e, se possibile, provare autonomamente le novit\u00e0, che illustrer\u00f2 in un report dettagliato.<br \/>\nDi seguito riassumo quelle gi\u00e0 presentate e le anticipazioni e voci pi\u00f9 attendibili.<!--more--><\/p>\n<h3>Canon<\/h3>\n<p>Ha gi\u00e0 presentato le sue novit\u00e0 importanti, la EOS 5D IV, reflex fullframe cavallo di battaglia della casa presentata in una nuova edizione con un nuovo sensore da 30 Mpx, autofocus migliorato e ripresa video 4K, e la EOS M5, mirrorless APS da 24 Mpx a forma di piccola reflex e che finalmente, per Canon, dispone di un mirino.<br \/>\nE&#8217; probabile inoltre che possa presentare qualche nuovo obiettivo.<\/p>\n<h3>Fujifilm<\/h3>\n<p>Anche questa casa ha gi\u00e0 presentato le sue novit\u00e0 principali, la\u00a0 X-T2 nuova versione della sua mirrorless di maggiore successo con il sensore X-Trans CMOS da 24 Mpx gi\u00e0 adottato dalla X-Pro2, e la X-A3 terza edizione della serie di mirrorless economiche senza mirino, con un sensore APS da 24 che si inserise nel sistema X di Fujifilm.<br \/>\nLe voci dannola possibilit\u00e0 di una preannuncio di un sistema medio formato in corso di sviluppo.<\/p>\n<h3>Leica<\/h3>\n<p>Dovrebbe presentare diverse novit\u00e0. La prima \u00e8 una nuova versione della Leica T, mirrorless APS. Poi ci dovrebbe essere una nuova compatta della serie X con sensore APS e &#8220;made in Germany&#8221;.<br \/>\nE&#8217; prevista anche la presentazione di alcuni nuovi obiettivi per la SL: Summicron SL 35 mm, Summilux SL 50 mm f\/1,4, Apo-Summicron SL 75 mm, Apo-Summicron SL 90 mm e Super-Vario-Elmar SL 16-35 mm.<br \/>\nNon ci dovrebbero essere novit\u00e0 per la serie M a telemetro se non un nuovo obiettivo Summaron M 28 mm f\/5,6.<\/p>\n<h3>Nikon<\/h3>\n<p>Anche Nikon ha gi\u00e0 presentato una novit\u00e0, la reflex base D3400. Non ci dovrebbero essere novit\u00e0 invece per le fullframe della casa, mentre potrebbe essere presentato qualche nuovo obiettivo.<br \/>\nCi sono poi voci relativa ad un nuovo sistema mirrorless Nikon, ma sono molto vaghe e per il momento non se ne sa nulla.<\/p>\n<h3>Olympus<\/h3>\n<p>E&#8217; molto probabile, ma non sicura al 100 %, la presentazione domani alla conferenza stampa Olympus della nuova OM-D E-M1 II e il dettaglio delle sue caratteristiche non \u00e8 noto. Sar\u00e0 presentata poi una nuova mirrorless della serie PEN, la E-PL8, e tre nuovi obiettivi Zuiko M, un 25 mm f\/1,2, uno zoom 12-100 mm f\/4,0 e un macro 30 mm.<\/p>\n<h3>Panasonic<\/h3>\n<p>Presenter\u00e0 molte novit\u00e0.<br \/>\nLa LX10 e\/o LX15 (potrebbero essere differenti sigle per lo stesso modello) \u00e8 una compatta con sensore da 1&#8243; e 20 Mpx, obiettivo zoom 24-70 mm equivalente f\/1,4-2,8. La FZ2000 (o FZ2500) invece dovrebbe essere una bridge con sensore da 1&#8243; e 20 Mpx e zoom 20x.<br \/>\nLa G85 invece dovrebbe essere una nuova mirrorless della serie G che succede alla G7. Infine forse potrebbe essere preannunciata la GH5, mirrorless professionale di Panasonic,che dovrebbe riprendere video 6K (5760&#215;3600 pixel).<\/p>\n<h3>Pentax\/Ricoh<\/h3>\n<p>Ci sono vaghe voci di un nuovo sistema mirrorless Pentax\/Ricoh, ma nulla di concreto al momento<\/p>\n<h3>Sony<\/h3>\n<p>Al momento ci sono voci solo su un nuovo obiettivo Zeiss T* 135 mm f\/1,8, ma \u00e8 possibile la presentazione di qualche novit\u00e0 durante la conferenza stampa di domani.<\/p>\n<p>Come si vede le novit\u00e0, almeno al momento, sono poche e sopratutto non c&#8217;\u00e8 quasi nessuna compatta.<\/p>\n<p><a href=\"https:\/\/blog.francescophoto.it\/wp-content\/uploads\/2016\/09\/id532395_1.jpg\"><img loading=\"lazy\" decoding=\"async\" class=\"alignnone size-medium wp-image-36415\" src=\"https:\/\/blog.francescophoto.it\/wp-content\/uploads\/2016\/09\/id532395_1.jpg?w=474\" alt=\"id532395_1\" width=\"474\" height=\"226\" \/><\/a><\/p>\n","protected":false},"excerpt":{"rendered":"<p>Domani si apre a Colonia, in Germania, l&#8217;edizione 2016 della Photokina, la fiera biennale mondiale della fotografia a cui sono presenti tutte le marche e i produttori che pretendono di esistere nel mondo fotografico. La giornata di domani sar\u00e0 dedicata alle conferenze stampa dei principali produttori, poi da marted\u00ec i saloni della Fiera di Colonia &hellip; <a href=\"https:\/\/francescophoto.it\/blog\/2016\/09\/18\/photokina-2016\/\" class=\"more-link\">Continua la lettura di <span class=\"screen-reader-text\">Photokina 2016<\/span> <span class=\"meta-nav\">&rarr;<\/span><\/a><\/p>\n","protected":false},"author":1,"featured_media":0,"comment_status":"open","ping_status":"open","sticky":false,"template":"","format":"standard","meta":{"_jetpack_memberships_contains_paid_content":false,"footnotes":""},"categories":[49,11,23],"tags":[1004,1006],"class_list":["post-36414","post","type-post","status-publish","format-standard","hentry","category-49","category-eventi","category-novita","tag-photokina","tag-photokina-2016"],"jetpack_featured_media_url":"","jetpack_sharing_enabled":true,"_links":{"self":[{"href":"https:\/\/francescophoto.it\/blog\/wp-json\/wp\/v2\/posts\/36414","targetHints":{"allow":["GET"]}}],"collection":[{"href":"https:\/\/francescophoto.it\/blog\/wp-json\/wp\/v2\/posts"}],"about":[{"href":"https:\/\/francescophoto.it\/blog\/wp-json\/wp\/v2\/types\/post"}],"author":[{"embeddable":true,"href":"https:\/\/francescophoto.it\/blog\/wp-json\/wp\/v2\/users\/1"}],"replies":[{"embeddable":true,"href":"https:\/\/francescophoto.it\/blog\/wp-json\/wp\/v2\/comments?post=36414"}],"version-history":[{"count":0,"href":"https:\/\/francescophoto.it\/blog\/wp-json\/wp\/v2\/posts\/36414\/revisions"}],"wp:attachment":[{"href":"https:\/\/francescophoto.it\/blog\/wp-json\/wp\/v2\/media?parent=36414"}],"wp:term":[{"taxonomy":"category","embeddable":true,"href":"https:\/\/francescophoto.it\/blog\/wp-json\/wp\/v2\/categories?post=36414"},{"taxonomy":"post_tag","embeddable":true,"href":"https:\/\/francescophoto.it\/blog\/wp-json\/wp\/v2\/tags?post=36414"}],"curies":[{"name":"wp","href":"https:\/\/api.w.org\/{rel}","templated":true}]}}