{"id":3619,"date":"2010-02-26T13:33:28","date_gmt":"2010-02-26T12:33:28","guid":{"rendered":"http:\/\/francescophoto.wordpress.com\/?p=3619"},"modified":"2010-02-26T13:33:28","modified_gmt":"2010-02-26T12:33:28","slug":"olympus-ancora-impegnata-nel-sistema-four-thirds-43","status":"publish","type":"post","link":"https:\/\/francescophoto.it\/blog\/2010\/02\/26\/olympus-ancora-impegnata-nel-sistema-four-thirds-43\/","title":{"rendered":"Olympus ancora impegnata nel sistema Four Thirds (4\/3)"},"content":{"rendered":"<p><a href=\"http:\/\/blog.francescophoto.it\/wp-content\/uploads\/2010\/02\/oly14150.jpg\"><img loading=\"lazy\" decoding=\"async\" class=\"alignright size-thumbnail wp-image-3610\" title=\"oly14150\" src=\"http:\/\/blog.francescophoto.it\/wp-content\/uploads\/2010\/02\/oly14150.jpg?w=109\" alt=\"\" width=\"109\" height=\"96\" \/><\/a>A smentita delle voci circolate in rete, anche su siti italiani, che prevedevano che entro 2 anni Olympus non avrebbe pi\u00f9 prodotto fotocamere con specchio, arriva un&#8217;intervista rilasciata a <a href=\"http:\/\/www.dpreview.com\/\">DPReview<\/a> da John Knaur, product manager per la linea DSLR per gli USA, il 23 febbraio scorso, in occasione del PMA, in cui afferma:\u00a0 &#8220;Stiamo ancora pianificando di produrre DSLR &#8216;full size&#8217; <span style=\"color:#ff0000;\">(?) <span style=\"color:#000000;\">ed entrambi uno accanto all&#8217;altro&#8221;.<!--more--><\/span><\/span><\/p>\n<p>La gamma PEN si rivolge a diverse esigenze, ha detto: &#8220;Con la P1 e P2, vendevamo agli utenti\u00a0 esistenti delle DSLR, ma con il lancio della E-PL1, siamo in espansione\u00a0verso ad un gruppo di persone che si sente non considerata. Abbiamo trovato che circa il 20% degli acquirenti di una fotocamera digitale\u00a0vorrebbe una migliore qualit\u00e0 dell&#8217;immagine, ma non\u00a0vuole le dimensioni e il peso di una DSLR tradizionale&#8221;.<\/p>\n<p>I suoi commenti sono affiancati da una dichiarazione ufficiale di Olympus Giappone in risposta alle indiscrezioni che i due sistemi potrebbe passare al disegno mirroless: &#8220;Mentre [mirrorless Four Thirds] \u00e8 possibile da un punto di vista tecnologico, Olympus si \u00e8 impegnata\u00a0per entrambi\u00a0gli standard\u00a0Four Thirds e Micro Four Thirds. In futuro, si continueranno a vedere nuove macchine fotografiche basate su entrambi gli standard &#8220;.<\/p>\n<p>Knaur ha parlato anche degli obiettivi futuri per il\u00a0Micro Four Thirds: &#8220;&#8216;Il nuovo 9-18 e il 14-150\u00a0 includono entrambi\u00a0un sistema di messa a fuoco\u00a0interno che \u00e8 pi\u00f9 veloce e silenzioso che sul 14-42 esistente e che aiuter\u00e0 a superare molte delle preoccupazioni anticipate sulla velocit\u00e0 di messa a fuoco &#8220;. \u00a0Tuttavia egli non pensa che la societ\u00e0 abbia probabilmente fretta di sostituire il relativamente recente\u00a0obiettivo 14-42mm\u00a0persostituirlo con uno pi\u00f9 veloce perla \u00a0messa a fuoco per situazioni di ripresa di tutti i giorni: &#8220;in questo momento \u00e8 pi\u00f9 importante colmare le lacune nella gamma di\u00a0obiettivi piuttosto che pensare alla sostituzione di quelli esistenti &#8220;.<\/p>\n","protected":false},"excerpt":{"rendered":"<p>A smentita delle voci circolate in rete, anche su siti italiani, che prevedevano che entro 2 anni Olympus non avrebbe pi\u00f9 prodotto fotocamere con specchio, arriva un&#8217;intervista rilasciata a DPReview da John Knaur, product manager per la linea DSLR per gli USA, il 23 febbraio scorso, in occasione del PMA, in cui afferma:\u00a0 &#8220;Stiamo ancora &hellip; <a href=\"https:\/\/francescophoto.it\/blog\/2010\/02\/26\/olympus-ancora-impegnata-nel-sistema-four-thirds-43\/\" class=\"more-link\">Continua la lettura di <span class=\"screen-reader-text\">Olympus ancora impegnata nel sistema Four Thirds (4\/3)<\/span> <span class=\"meta-nav\">&rarr;<\/span><\/a><\/p>\n","protected":false},"author":1,"featured_media":0,"comment_status":"open","ping_status":"open","sticky":false,"template":"","format":"standard","meta":{"_jetpack_memberships_contains_paid_content":false,"footnotes":""},"categories":[15,17,20,21],"tags":[126,570,879,943],"class_list":["post-3619","post","type-post","status-publish","format-standard","hentry","category-four-thirds","category-generale","category-mercato","category-micro-4-3","tag-4-3","tag-fourthirds","tag-microfourthirds","tag-olympus"],"jetpack_featured_media_url":"","jetpack_sharing_enabled":true,"_links":{"self":[{"href":"https:\/\/francescophoto.it\/blog\/wp-json\/wp\/v2\/posts\/3619","targetHints":{"allow":["GET"]}}],"collection":[{"href":"https:\/\/francescophoto.it\/blog\/wp-json\/wp\/v2\/posts"}],"about":[{"href":"https:\/\/francescophoto.it\/blog\/wp-json\/wp\/v2\/types\/post"}],"author":[{"embeddable":true,"href":"https:\/\/francescophoto.it\/blog\/wp-json\/wp\/v2\/users\/1"}],"replies":[{"embeddable":true,"href":"https:\/\/francescophoto.it\/blog\/wp-json\/wp\/v2\/comments?post=3619"}],"version-history":[{"count":0,"href":"https:\/\/francescophoto.it\/blog\/wp-json\/wp\/v2\/posts\/3619\/revisions"}],"wp:attachment":[{"href":"https:\/\/francescophoto.it\/blog\/wp-json\/wp\/v2\/media?parent=3619"}],"wp:term":[{"taxonomy":"category","embeddable":true,"href":"https:\/\/francescophoto.it\/blog\/wp-json\/wp\/v2\/categories?post=3619"},{"taxonomy":"post_tag","embeddable":true,"href":"https:\/\/francescophoto.it\/blog\/wp-json\/wp\/v2\/tags?post=3619"}],"curies":[{"name":"wp","href":"https:\/\/api.w.org\/{rel}","templated":true}]}}