{"id":36153,"date":"2016-08-24T23:03:47","date_gmt":"2016-08-24T22:03:47","guid":{"rendered":"http:\/\/blog.francescophoto.it\/?p=36153"},"modified":"2016-08-24T23:03:47","modified_gmt":"2016-08-24T22:03:47","slug":"corsi-di-fotografia","status":"publish","type":"post","link":"https:\/\/francescophoto.it\/blog\/2016\/08\/24\/corsi-di-fotografia\/","title":{"rendered":"Corsi di fotografia"},"content":{"rendered":"<p><a href=\"https:\/\/blog.francescophoto.it\/wp-content\/uploads\/2016\/08\/locandina-corsi_2016.jpg\"><img loading=\"lazy\" decoding=\"async\" class=\"alignright size-thumbnail wp-image-36155\" src=\"https:\/\/blog.francescophoto.it\/wp-content\/uploads\/2016\/08\/locandina-corsi_2016.jpg?w=68\" alt=\"locandina-corsi_2016\" width=\"68\" height=\"96\"><\/a>Dopo tanto tempo e tante promesse finalmente sono riuscito ad organizzare dei corsi di fotografia.<br \/>\nI corsi saranno tenuti a Roma presso l&#8217;Associazione AFRO &#8211; Scuola Sinopoli e partiranno dai primi di ottobre, anche se un calendario non \u00e8 ancora definito.<br \/>\nSaranno del tipo modulare per cui si potr\u00e0 partecipare ad un singolo modulo o a tutta la serie. Ovviamente saranno a pagamento, anche se questo sar\u00e0 contenuto e destinato prevalentemente a coprire le spese.<\/p>\n<p><!--more--><\/p>\n<p>Gli argomenti sviluppati nei corsi sono:<\/p>\n<h2>I Modulo base<\/h2>\n<p>Nozioni base sulla fotografia e le fotocamere<br \/>\nCome iniziare a fotografare<\/p>\n<h2>II Modulo avanzato<\/h2>\n<p>Approfondimento su fotocamere e obiettivi<br \/>\nCome regolare la fotocamera<br \/>\nCome gestire l\u2019archivio fotografico<br \/>\nI principali generi fotografici<\/p>\n<h2>III Composizione fotografica<\/h2>\n<p>Luce e fotografia<br \/>\nComposizione fotografica<br \/>\nLuce<br \/>\nStruttura<br \/>\nColore<br \/>\nInquadratura<br \/>\nSemplificazione<br \/>\nRegole per una buona foto<\/p>\n<h2>IV Archivio fotografico<\/h2>\n<p>Come organizzare un archivio<br \/>\nPost produzione<\/p>\n<h2>V Foto in viaggio<\/h2>\n<p>Scelta fotocamera e obiettivi<br \/>\nCosa e come fotografare<br \/>\nCome salvare le foto in viaggio<\/p>\n<p>________________________________________<\/p>\n<p>Per informazioni e iscrizioni:<br \/>\n<strong>Associazione AFRO \u2013 Scuola Sinopoli<\/strong><br \/>\nOrario di segreteria: luned\u00ec, mercoled\u00ec, venerd\u00ec dalle ore 16:00 alle ore 18:00<br \/>\nVia Arrigo Boito 143<\/p>\n<p><span style=\"line-height:24px;font-size:16px;\">Roma&nbsp;<\/span><\/p>\n<p>Cell. 3662299465&nbsp;&nbsp;&nbsp;&nbsp;&nbsp;&nbsp;&nbsp;&nbsp;&nbsp; 3294197465<br \/>\nassociazioneafro@gmail.com<\/p>\n<p>oppure direttamente a:<\/p>\n<p><strong>francescophoto@tiscali.it<\/strong><\/p>\n","protected":false},"excerpt":{"rendered":"<p>Dopo tanto tempo e tante promesse finalmente sono riuscito ad organizzare dei corsi di fotografia. I corsi saranno tenuti a Roma presso l&#8217;Associazione AFRO &#8211; Scuola Sinopoli e partiranno dai primi di ottobre, anche se un calendario non \u00e8 ancora definito. Saranno del tipo modulare per cui si potr\u00e0 partecipare ad un singolo modulo o &hellip; <a href=\"https:\/\/francescophoto.it\/blog\/2016\/08\/24\/corsi-di-fotografia\/\" class=\"more-link\">Continua la lettura di <span class=\"screen-reader-text\">Corsi di fotografia<\/span> <span class=\"meta-nav\">&rarr;<\/span><\/a><\/p>\n","protected":false},"author":1,"featured_media":36155,"comment_status":"open","ping_status":"open","sticky":false,"template":"","format":"standard","meta":{"_jetpack_memberships_contains_paid_content":false,"footnotes":""},"categories":[17],"tags":[315],"class_list":["post-36153","post","type-post","status-publish","format-standard","has-post-thumbnail","hentry","category-generale","tag-corsi"],"jetpack_featured_media_url":"","jetpack_sharing_enabled":true,"_links":{"self":[{"href":"https:\/\/francescophoto.it\/blog\/wp-json\/wp\/v2\/posts\/36153","targetHints":{"allow":["GET"]}}],"collection":[{"href":"https:\/\/francescophoto.it\/blog\/wp-json\/wp\/v2\/posts"}],"about":[{"href":"https:\/\/francescophoto.it\/blog\/wp-json\/wp\/v2\/types\/post"}],"author":[{"embeddable":true,"href":"https:\/\/francescophoto.it\/blog\/wp-json\/wp\/v2\/users\/1"}],"replies":[{"embeddable":true,"href":"https:\/\/francescophoto.it\/blog\/wp-json\/wp\/v2\/comments?post=36153"}],"version-history":[{"count":0,"href":"https:\/\/francescophoto.it\/blog\/wp-json\/wp\/v2\/posts\/36153\/revisions"}],"wp:featuredmedia":[{"embeddable":true,"href":"https:\/\/francescophoto.it\/blog\/wp-json\/"}],"wp:attachment":[{"href":"https:\/\/francescophoto.it\/blog\/wp-json\/wp\/v2\/media?parent=36153"}],"wp:term":[{"taxonomy":"category","embeddable":true,"href":"https:\/\/francescophoto.it\/blog\/wp-json\/wp\/v2\/categories?post=36153"},{"taxonomy":"post_tag","embeddable":true,"href":"https:\/\/francescophoto.it\/blog\/wp-json\/wp\/v2\/tags?post=36153"}],"curies":[{"name":"wp","href":"https:\/\/api.w.org\/{rel}","templated":true}]}}