{"id":35756,"date":"2016-06-23T22:15:54","date_gmt":"2016-06-23T21:15:54","guid":{"rendered":"http:\/\/blog.francescophoto.it\/?p=35756"},"modified":"2016-06-23T22:15:54","modified_gmt":"2016-06-23T21:15:54","slug":"hasselblad-x1d","status":"publish","type":"post","link":"https:\/\/francescophoto.it\/blog\/2016\/06\/23\/hasselblad-x1d\/","title":{"rendered":"Hasselblad X1D"},"content":{"rendered":"<p><a href=\"https:\/\/blog.francescophoto.it\/wp-content\/uploads\/2016\/06\/x1d-front-1600x1120-2.jpg\"><img loading=\"lazy\" decoding=\"async\" class=\"alignright size-thumbnail wp-image-35764\" src=\"https:\/\/blog.francescophoto.it\/wp-content\/uploads\/2016\/06\/x1d-front-1600x1120-2.jpg?w=128\" alt=\"x1d-front-1600x1120-2\" width=\"128\" height=\"90\" \/><\/a>Hasselblad ha presentato la X1D, una mirrorless medio formato con un sensore CMOS da 50 Mpx.. Il corpo, molto compatto, \u00e8 protetto da polvere ed acqua. L&#8217;innesto obiettivi XCD \u00e8 nuovo, ma \u00e8 previsto un anello adattatore per gli obiettivi Hasselblad H. La X1D ha un mirino elettronico con 2,36 Mpx e uno schermo da 3&#8243; sensibile al tocco. La slitta portaflash \u00e8 compatibile con i flash Nikon Speedlights e pu\u00f2 sincronizzarli fino al suo tempo di scatto pi\u00f9 veloce di 1\/2000. La sensibilit\u00e0 massima arriva a 25600 Iso. L&#8217;autofocus \u00e8 a rilevamento di contrasto.<br \/>\nLa X1D riprende video Full HD, \u00e8 dotata di connessione Wi-Fi e di ricevitore GPS e ha anche un doppio alloggiamento per schede SD.<!--more--><\/p>\n<p>La nuova Hasselblad \u00e8 un&#8217;innovazione notevole per la casa svedese, come aveva promesso dopo avere abbandonato la commercializzazione dei cloni di fotocamere Sony.<br \/>\nE&#8217; una medio formato, ma sorprendentemente piccola e leggera, pesa 725 grammi e le sue dimensioni sono di poco superiori a quelle di una Micro 4\/3 o di una mirrorless APS o fullframe, e decisamente inferiori a quelle delle reflex. E&#8217; chiaramente una fotocamera da portare fuori dagli studi fotografici, a differenza di altre Hasselblad. E&#8217; interamente progettata e costruita a mano in Svezia.<br \/>\nAttualmente \u00e8 stata presentata insieme a due obiettivi XCD 45 mm f\/3,5 (equivalente ad un 35 mm) e XCD 90 mm f\/3,2 (equivalente ad un 70 mm). In seguito sar\u00e0 presentato, alla Photokina in settembre, anche un 30 mm (24 mm equivalente). Gli obiettivi hanno un otturatore centrale integrato.<\/p>\n<p>Non sono stati comunicati ancora i prezzi ufficiali, ma la X1D dovrebbe costare 7.900 \u20ac solo corpo, 10.000 \u20ac in kit con il 45\/3,5, 12.400 \u20ac con il 45\/3,5 e il 90\/3,2. Gli obiettivi costeranno circa 2.050 \u20ac il 45\/3,5 e 2.400 e il 90\/3,2.<br \/>\nCerto il prezzo non \u00e8 invitante, ma concorrenziale con le medio formato attuali.<br \/>\nSar\u00e0 disponibile in agosto.<\/p>\n<p>____________________________________________________________________<\/p>\n<p><a href=\"https:\/\/blog.francescophoto.it\/wp-content\/uploads\/2016\/06\/x1d-front-1600x1120-2.jpg\"><img loading=\"lazy\" decoding=\"async\" class=\"alignnone size-medium wp-image-35764\" src=\"https:\/\/blog.francescophoto.it\/wp-content\/uploads\/2016\/06\/x1d-front-1600x1120-2.jpg?w=474\" alt=\"x1d-front-1600x1120-2\" width=\"474\" height=\"332\" \/><\/a><\/p>\n<p><a href=\"https:\/\/blog.francescophoto.it\/wp-content\/uploads\/2016\/06\/x1d-34-1600x1120-2.jpg\"><img loading=\"lazy\" decoding=\"async\" class=\"alignnone size-medium wp-image-35763\" src=\"https:\/\/blog.francescophoto.it\/wp-content\/uploads\/2016\/06\/x1d-34-1600x1120-2.jpg?w=474\" alt=\"x1d-34-1600x1120-2\" width=\"474\" height=\"332\" \/><\/a><\/p>\n<p><a href=\"https:\/\/blog.francescophoto.it\/wp-content\/uploads\/2016\/06\/x1d-side-1600x1120-2.jpg\"><img loading=\"lazy\" decoding=\"async\" class=\"alignnone size-medium wp-image-35765\" src=\"https:\/\/blog.francescophoto.it\/wp-content\/uploads\/2016\/06\/x1d-side-1600x1120-2.jpg?w=474\" alt=\"x1d-side-1600x1120-2\" width=\"474\" height=\"332\" \/><\/a><\/p>\n<p><a href=\"https:\/\/blog.francescophoto.it\/wp-content\/uploads\/2016\/06\/4349266455.jpg\"><img loading=\"lazy\" decoding=\"async\" class=\"alignnone size-medium wp-image-35759\" src=\"https:\/\/blog.francescophoto.it\/wp-content\/uploads\/2016\/06\/4349266455.jpg?w=474\" alt=\"4349266455\" width=\"474\" height=\"356\" \/><\/a><\/p>\n<p><a href=\"https:\/\/blog.francescophoto.it\/wp-content\/uploads\/2016\/06\/2761117694.jpg\"><img loading=\"lazy\" decoding=\"async\" class=\"alignnone size-medium wp-image-35758\" src=\"https:\/\/blog.francescophoto.it\/wp-content\/uploads\/2016\/06\/2761117694.jpg?w=474\" alt=\"2761117694\" width=\"474\" height=\"355\" \/><\/a><\/p>\n<p><a href=\"https:\/\/blog.francescophoto.it\/wp-content\/uploads\/2016\/06\/5014265366.jpg\"><img loading=\"lazy\" decoding=\"async\" class=\"alignnone size-medium wp-image-35760\" src=\"https:\/\/blog.francescophoto.it\/wp-content\/uploads\/2016\/06\/5014265366.jpg?w=474\" alt=\"5014265366\" width=\"474\" height=\"356\" \/><\/a><\/p>\n<p><a href=\"https:\/\/blog.francescophoto.it\/wp-content\/uploads\/2016\/06\/x1d-fujifilm_x-t1.jpg\"><img loading=\"lazy\" decoding=\"async\" class=\"alignnone size-medium wp-image-35767\" src=\"https:\/\/blog.francescophoto.it\/wp-content\/uploads\/2016\/06\/x1d-fujifilm_x-t1.jpg?w=474\" alt=\"X1D-Fujifilm_X-T1\" width=\"474\" height=\"135\" \/><\/a><\/p>\n<p><a href=\"https:\/\/blog.francescophoto.it\/wp-content\/uploads\/2016\/06\/x1d-nikon_d750.jpg\"><img loading=\"lazy\" decoding=\"async\" class=\"alignnone size-medium wp-image-35768\" src=\"https:\/\/blog.francescophoto.it\/wp-content\/uploads\/2016\/06\/x1d-nikon_d750.jpg?w=474\" alt=\"X1D-Nikon_D750\" width=\"474\" height=\"142\" \/><\/a><\/p>\n<p><a href=\"https:\/\/blog.francescophoto.it\/wp-content\/uploads\/2016\/06\/x1d-sony_a7rii.jpg\"><img loading=\"lazy\" decoding=\"async\" class=\"alignnone size-medium wp-image-35769\" src=\"https:\/\/blog.francescophoto.it\/wp-content\/uploads\/2016\/06\/x1d-sony_a7rii.jpg?w=474\" alt=\"X1D-Sony_A7RII\" width=\"474\" height=\"141\" \/><\/a><\/p>\n<p><a href=\"https:\/\/blog.francescophoto.it\/wp-content\/uploads\/2016\/06\/5569694019.jpg\"><img loading=\"lazy\" decoding=\"async\" class=\"alignnone size-medium wp-image-35761\" src=\"https:\/\/blog.francescophoto.it\/wp-content\/uploads\/2016\/06\/5569694019.jpg?w=474\" alt=\"5569694019\" width=\"474\" height=\"356\" \/><\/a><\/p>\n<p><a href=\"https:\/\/blog.francescophoto.it\/wp-content\/uploads\/2016\/06\/7416438244.jpg\"><img loading=\"lazy\" decoding=\"async\" class=\"alignnone size-medium wp-image-35762\" src=\"https:\/\/blog.francescophoto.it\/wp-content\/uploads\/2016\/06\/7416438244.jpg?w=474\" alt=\"7416438244\" width=\"474\" height=\"356\" \/><\/a><\/p>\n<p><a href=\"https:\/\/blog.francescophoto.it\/wp-content\/uploads\/2016\/06\/1401028896.jpg\"><img loading=\"lazy\" decoding=\"async\" class=\"alignnone size-medium wp-image-35757\" src=\"https:\/\/blog.francescophoto.it\/wp-content\/uploads\/2016\/06\/1401028896.jpg?w=474\" alt=\"1401028896\" width=\"474\" height=\"356\" \/><\/a><\/p>\n","protected":false},"excerpt":{"rendered":"<p>Hasselblad ha presentato la X1D, una mirrorless medio formato con un sensore CMOS da 50 Mpx.. Il corpo, molto compatto, \u00e8 protetto da polvere ed acqua. L&#8217;innesto obiettivi XCD \u00e8 nuovo, ma \u00e8 previsto un anello adattatore per gli obiettivi Hasselblad H. La X1D ha un mirino elettronico con 2,36 Mpx e uno schermo da &hellip; <a href=\"https:\/\/francescophoto.it\/blog\/2016\/06\/23\/hasselblad-x1d\/\" class=\"more-link\">Continua la lettura di <span class=\"screen-reader-text\">Hasselblad X1D<\/span> <span class=\"meta-nav\">&rarr;<\/span><\/a><\/p>\n","protected":false},"author":1,"featured_media":0,"comment_status":"open","ping_status":"open","sticky":false,"template":"","format":"standard","meta":{"_jetpack_memberships_contains_paid_content":false,"footnotes":""},"categories":[49,12,19,22,23,24],"tags":[526,681,884,1340],"class_list":["post-35756","post","type-post","status-publish","format-standard","hentry","category-49","category-evil","category-medio-formato","category-mirrorless","category-novita","category-obiettivi","tag-evil","tag-hasselblad","tag-mirrorless","tag-x1d"],"jetpack_featured_media_url":"","jetpack_sharing_enabled":true,"_links":{"self":[{"href":"https:\/\/francescophoto.it\/blog\/wp-json\/wp\/v2\/posts\/35756","targetHints":{"allow":["GET"]}}],"collection":[{"href":"https:\/\/francescophoto.it\/blog\/wp-json\/wp\/v2\/posts"}],"about":[{"href":"https:\/\/francescophoto.it\/blog\/wp-json\/wp\/v2\/types\/post"}],"author":[{"embeddable":true,"href":"https:\/\/francescophoto.it\/blog\/wp-json\/wp\/v2\/users\/1"}],"replies":[{"embeddable":true,"href":"https:\/\/francescophoto.it\/blog\/wp-json\/wp\/v2\/comments?post=35756"}],"version-history":[{"count":0,"href":"https:\/\/francescophoto.it\/blog\/wp-json\/wp\/v2\/posts\/35756\/revisions"}],"wp:attachment":[{"href":"https:\/\/francescophoto.it\/blog\/wp-json\/wp\/v2\/media?parent=35756"}],"wp:term":[{"taxonomy":"category","embeddable":true,"href":"https:\/\/francescophoto.it\/blog\/wp-json\/wp\/v2\/categories?post=35756"},{"taxonomy":"post_tag","embeddable":true,"href":"https:\/\/francescophoto.it\/blog\/wp-json\/wp\/v2\/tags?post=35756"}],"curies":[{"name":"wp","href":"https:\/\/api.w.org\/{rel}","templated":true}]}}