{"id":3554,"date":"2010-02-22T23:26:43","date_gmt":"2010-02-22T22:26:43","guid":{"rendered":"http:\/\/francescophoto.wordpress.com\/?p=3554"},"modified":"2010-02-22T23:26:43","modified_gmt":"2010-02-22T22:26:43","slug":"strategie-sony-2010","status":"publish","type":"post","link":"https:\/\/francescophoto.it\/blog\/2010\/02\/22\/strategie-sony-2010\/","title":{"rendered":"Strategie Sony 2010"},"content":{"rendered":"<p><a href=\"http:\/\/blog.francescophoto.it\/wp-content\/uploads\/2010\/02\/ultracompact_interchangeablelens_concept_2_l.jpg\"><img loading=\"lazy\" decoding=\"async\" class=\"alignright size-thumbnail wp-image-3556\" title=\"ULTRACOMPACT_INTERCHANGEABLELENS_CONCEPT_2_L\" src=\"http:\/\/blog.francescophoto.it\/wp-content\/uploads\/2010\/02\/ultracompact_interchangeablelens_concept_2_l.jpg?w=128\" alt=\"\" width=\"128\" height=\"47\" srcset=\"https:\/\/francescophoto.it\/blog\/wp-content\/uploads\/2010\/02\/ultracompact_interchangeablelens_concept_2_l.jpg 1024w, https:\/\/francescophoto.it\/blog\/wp-content\/uploads\/2010\/02\/ultracompact_interchangeablelens_concept_2_l-500x186.jpg 500w, https:\/\/francescophoto.it\/blog\/wp-content\/uploads\/2010\/02\/ultracompact_interchangeablelens_concept_2_l-768x286.jpg 768w\" sizes=\"auto, (max-width: 128px) 100vw, 128px\" \/><\/a>Sony ha preannunciato al PMA che si svolge in questi giorni ad Anaheim (California)\u00a0le sue strategie per la fotografia digitale e le novit\u00e0 che presenter\u00e0 nel 2010. Sono stati presentati i prototipi di una fotocamera compatta ad obiettivi intercambiabili con sensore di formato APS, concorrente delle Micro 4\/3, e di 3 obiettivi intercambiabili. C&#8217;\u00e8 poi un proyotipo di una reflex APS, sostitut\u00e0 della ottima Alpha A700. Infine ci sono due obiettivi, un Carl Zeiss 24 mm f\/2,0 e un Sony G 500 mm f\/4,0 con finitura bianca come lo zoom 70-400 G.<!--more--><\/p>\n<p>La novit\u00e0 pi\u00f9 interessante \u00e8 la compatta ad obiettivi intercambiabili con un sensore Exmor APS HD CMOS che consente anche la ripresa video HD in formato AVCHD. Sony evidentemente vuole entrare in questo mercato che \u00e8 quello in maggiore sviluppo nel settore delle fotocamere digitali, dopo il successo di Olympus e panasonic e l&#8217;ingresso di Samsung. Oltre alla fotocamera supercompatta sono stati presentati anche i prototipi di tre obiettivi fra i quali uno a focale fissa molto compatto.<\/p>\n<p><a href=\"http:\/\/blog.francescophoto.it\/wp-content\/uploads\/2010\/02\/ultracompact_interchangeablelens_concept_2_l.jpg\"><img loading=\"lazy\" decoding=\"async\" class=\"alignnone size-large wp-image-3556\" title=\"ULTRACOMPACT_INTERCHANGEABLELENS_CONCEPT_2_L\" src=\"http:\/\/blog.francescophoto.it\/wp-content\/uploads\/2010\/02\/ultracompact_interchangeablelens_concept_2_l.jpg?w=500\" alt=\"\" width=\"500\" height=\"186\" srcset=\"https:\/\/francescophoto.it\/blog\/wp-content\/uploads\/2010\/02\/ultracompact_interchangeablelens_concept_2_l.jpg 1024w, https:\/\/francescophoto.it\/blog\/wp-content\/uploads\/2010\/02\/ultracompact_interchangeablelens_concept_2_l-500x186.jpg 500w, https:\/\/francescophoto.it\/blog\/wp-content\/uploads\/2010\/02\/ultracompact_interchangeablelens_concept_2_l-768x286.jpg 768w\" sizes=\"auto, (max-width: 500px) 100vw, 500px\" \/><\/a><\/p>\n<p><a href=\"http:\/\/blog.francescophoto.it\/wp-content\/uploads\/2010\/02\/ultracompact_interchangeablelens_concept_1_l.jpg\"><img loading=\"lazy\" decoding=\"async\" class=\"alignnone size-large wp-image-3557\" title=\"ULTRACOMPACT_INTERCHANGEABLELENS_CONCEPT_1_L\" src=\"http:\/\/blog.francescophoto.it\/wp-content\/uploads\/2010\/02\/ultracompact_interchangeablelens_concept_1_l.jpg?w=495\" alt=\"\" width=\"495\" height=\"400\" srcset=\"https:\/\/francescophoto.it\/blog\/wp-content\/uploads\/2010\/02\/ultracompact_interchangeablelens_concept_1_l.jpg 952w, https:\/\/francescophoto.it\/blog\/wp-content\/uploads\/2010\/02\/ultracompact_interchangeablelens_concept_1_l-500x403.jpg 500w, https:\/\/francescophoto.it\/blog\/wp-content\/uploads\/2010\/02\/ultracompact_interchangeablelens_concept_1_l-768x620.jpg 768w\" sizes=\"auto, (max-width: 495px) 100vw, 495px\" \/><\/a><\/p>\n<p>E&#8217; stato presentato poi un prototipo di quella che sar\u00e0 la sostituta della reflex APS Alpha A700 con sensore Exmor CMOS e capacit\u00e0 di ripresa video in formato AVCHD.<\/p>\n<p><a href=\"http:\/\/blog.francescophoto.it\/wp-content\/uploads\/2010\/02\/alpha700successorconcept_1_l.jpg\"><img loading=\"lazy\" decoding=\"async\" class=\"alignnone size-large wp-image-3558\" title=\"ALPHA700SUCCESSORCONCEPT_1_L\" src=\"http:\/\/blog.francescophoto.it\/wp-content\/uploads\/2010\/02\/alpha700successorconcept_1_l.jpg?w=365\" alt=\"\" width=\"365\" height=\"400\" srcset=\"https:\/\/francescophoto.it\/blog\/wp-content\/uploads\/2010\/02\/alpha700successorconcept_1_l.jpg 638w, https:\/\/francescophoto.it\/blog\/wp-content\/uploads\/2010\/02\/alpha700successorconcept_1_l-456x500.jpg 456w\" sizes=\"auto, (max-width: 365px) 100vw, 365px\" \/><\/a><\/p>\n<p>E&#8217; stato anche confermato lo sviluppo di nuovi modelli della linea attuale di reflex sempre con sensore Exmor CMOS e possibilit\u00e0 di ripresa video AVCHD.<\/p>\n<p><a href=\"http:\/\/blog.francescophoto.it\/wp-content\/uploads\/2010\/02\/mainstreamdslr_concept_1_l.jpg\"><img loading=\"lazy\" decoding=\"async\" class=\"alignnone size-large wp-image-3559\" title=\"MAINSTREAMDSLR_CONCEPT_1_L\" src=\"http:\/\/blog.francescophoto.it\/wp-content\/uploads\/2010\/02\/mainstreamdslr_concept_1_l.jpg?w=363\" alt=\"\" width=\"363\" height=\"399\" srcset=\"https:\/\/francescophoto.it\/blog\/wp-content\/uploads\/2010\/02\/mainstreamdslr_concept_1_l.jpg 551w, https:\/\/francescophoto.it\/blog\/wp-content\/uploads\/2010\/02\/mainstreamdslr_concept_1_l-454x500.jpg 454w\" sizes=\"auto, (max-width: 363px) 100vw, 363px\" \/><\/a><\/p>\n<p>Infine sono stati presentati i prototipi di due obiettivi che ampliano la gamma attuale di 30 obiettivi per le reflex Sony Alpha. Si tratta di un interessantissimo grandangolo Carl Zeiss 24 mm f\/2,0 e di un tele della linea di maggior pregio Sony G 500 mm f\/4,0 con finitura bianca come il 70-200\/2,8 e lo zoom 70-400.<\/p>\n<p><a href=\"http:\/\/blog.francescophoto.it\/wp-content\/uploads\/2010\/02\/pma_dslr_onp_lg.jpg\"><img loading=\"lazy\" decoding=\"async\" class=\"alignnone size-large wp-image-3560\" title=\"PMA_DSLR_onp_lg\" src=\"http:\/\/blog.francescophoto.it\/wp-content\/uploads\/2010\/02\/pma_dslr_onp_lg.jpg?w=500\" alt=\"\" width=\"500\" height=\"367\" srcset=\"https:\/\/francescophoto.it\/blog\/wp-content\/uploads\/2010\/02\/pma_dslr_onp_lg.jpg 640w, https:\/\/francescophoto.it\/blog\/wp-content\/uploads\/2010\/02\/pma_dslr_onp_lg-500x368.jpg 500w\" sizes=\"auto, (max-width: 500px) 100vw, 500px\" \/><\/a><\/p>\n<p><a href=\"http:\/\/blog.francescophoto.it\/wp-content\/uploads\/2010\/02\/distagon_t_24mm_f2_za_ssm_prototype_1_s.jpg\"><img loading=\"lazy\" decoding=\"async\" class=\"alignnone size-large wp-image-3561\" title=\"DISTAGON_T_24MM_F2_ZA_SSM_PROTOTYPE_1_S\" src=\"http:\/\/blog.francescophoto.it\/wp-content\/uploads\/2010\/02\/distagon_t_24mm_f2_za_ssm_prototype_1_s.jpg?w=306\" alt=\"\" width=\"306\" height=\"400\" \/><\/a><\/p>\n<p><a href=\"http:\/\/blog.francescophoto.it\/wp-content\/uploads\/2010\/02\/500mm_f4_g_prototype_1_s.jpg\"><img loading=\"lazy\" decoding=\"async\" class=\"alignnone size-full wp-image-3562\" title=\"500MM_F4_G_PROTOTYPE_1_S\" src=\"http:\/\/blog.francescophoto.it\/wp-content\/uploads\/2010\/02\/500mm_f4_g_prototype_1_s.jpg\" alt=\"\" width=\"500\" height=\"296\" \/><\/a><\/p>\n","protected":false},"excerpt":{"rendered":"<p>Sony ha preannunciato al PMA che si svolge in questi giorni ad Anaheim (California)\u00a0le sue strategie per la fotografia digitale e le novit\u00e0 che presenter\u00e0 nel 2010. Sono stati presentati i prototipi di una fotocamera compatta ad obiettivi intercambiabili con sensore di formato APS, concorrente delle Micro 4\/3, e di 3 obiettivi intercambiabili. C&#8217;\u00e8 poi &hellip; <a href=\"https:\/\/francescophoto.it\/blog\/2010\/02\/22\/strategie-sony-2010\/\" class=\"more-link\">Continua la lettura di <span class=\"screen-reader-text\">Strategie Sony 2010<\/span> <span class=\"meta-nav\">&rarr;<\/span><\/a><\/p>\n","protected":false},"author":1,"featured_media":0,"comment_status":"open","ping_status":"open","sticky":false,"template":"","format":"standard","meta":{"_jetpack_memberships_contains_paid_content":false,"footnotes":""},"categories":[8,10,23,24],"tags":[256,1171],"class_list":["post-3554","post","type-post","status-publish","format-standard","hentry","category-compatte","category-dslr","category-novita","category-obiettivi","tag-aps","tag-sony"],"jetpack_featured_media_url":"","jetpack_sharing_enabled":true,"_links":{"self":[{"href":"https:\/\/francescophoto.it\/blog\/wp-json\/wp\/v2\/posts\/3554","targetHints":{"allow":["GET"]}}],"collection":[{"href":"https:\/\/francescophoto.it\/blog\/wp-json\/wp\/v2\/posts"}],"about":[{"href":"https:\/\/francescophoto.it\/blog\/wp-json\/wp\/v2\/types\/post"}],"author":[{"embeddable":true,"href":"https:\/\/francescophoto.it\/blog\/wp-json\/wp\/v2\/users\/1"}],"replies":[{"embeddable":true,"href":"https:\/\/francescophoto.it\/blog\/wp-json\/wp\/v2\/comments?post=3554"}],"version-history":[{"count":0,"href":"https:\/\/francescophoto.it\/blog\/wp-json\/wp\/v2\/posts\/3554\/revisions"}],"wp:attachment":[{"href":"https:\/\/francescophoto.it\/blog\/wp-json\/wp\/v2\/media?parent=3554"}],"wp:term":[{"taxonomy":"category","embeddable":true,"href":"https:\/\/francescophoto.it\/blog\/wp-json\/wp\/v2\/categories?post=3554"},{"taxonomy":"post_tag","embeddable":true,"href":"https:\/\/francescophoto.it\/blog\/wp-json\/wp\/v2\/tags?post=3554"}],"curies":[{"name":"wp","href":"https:\/\/api.w.org\/{rel}","templated":true}]}}