{"id":34798,"date":"2016-04-05T12:13:06","date_gmt":"2016-04-05T11:13:06","guid":{"rendered":"http:\/\/blog.francescophoto.it\/?p=34798"},"modified":"2016-04-05T12:13:06","modified_gmt":"2016-04-05T11:13:06","slug":"nuovi-obiettivi-sony-fe","status":"publish","type":"post","link":"https:\/\/francescophoto.it\/blog\/2016\/04\/05\/nuovi-obiettivi-sony-fe\/","title":{"rendered":"Nuovi obiettivi Sony FE"},"content":{"rendered":"<p><a href=\"https:\/\/blog.francescophoto.it\/wp-content\/uploads\/2016\/04\/sel50f18f_a-s.jpg\" rel=\"attachment wp-att-34806\"><img loading=\"lazy\" decoding=\"async\" class=\"alignright size-thumbnail wp-image-34806\" src=\"https:\/\/blog.francescophoto.it\/wp-content\/uploads\/2016\/04\/sel50f18f_a-s.jpg?w=128\" alt=\"SEL50f18F_A-s\" width=\"128\" height=\"96\" srcset=\"https:\/\/francescophoto.it\/blog\/wp-content\/uploads\/2016\/04\/sel50f18f_a-s.jpg 1024w, https:\/\/francescophoto.it\/blog\/wp-content\/uploads\/2016\/04\/sel50f18f_a-s-500x370.jpg 500w, https:\/\/francescophoto.it\/blog\/wp-content\/uploads\/2016\/04\/sel50f18f_a-s-128x96.jpg 128w, https:\/\/francescophoto.it\/blog\/wp-content\/uploads\/2016\/04\/sel50f18f_a-s-768x569.jpg 768w\" sizes=\"auto, (max-width: 128px) 100vw, 128px\" \/><\/a><a href=\"https:\/\/blog.francescophoto.it\/wp-content\/uploads\/2016\/04\/sel70300g_a-s.jpg\" rel=\"attachment wp-att-34808\"><img loading=\"lazy\" decoding=\"async\" class=\"alignright size-thumbnail wp-image-34808\" src=\"https:\/\/blog.francescophoto.it\/wp-content\/uploads\/2016\/04\/sel70300g_a-s.jpg?w=128\" alt=\"SEL70300G_A-s\" width=\"128\" height=\"84\" srcset=\"https:\/\/francescophoto.it\/blog\/wp-content\/uploads\/2016\/04\/sel70300g_a-s.jpg 1024w, https:\/\/francescophoto.it\/blog\/wp-content\/uploads\/2016\/04\/sel70300g_a-s-500x329.jpg 500w, https:\/\/francescophoto.it\/blog\/wp-content\/uploads\/2016\/04\/sel70300g_a-s-768x505.jpg 768w\" sizes=\"auto, (max-width: 128px) 100vw, 128px\" \/><\/a>Sony ha ampliato la gamma degli obiettivi con innesto FE per la sua linea di mirrorless fullframe A7 con due nuove ottiche.<br \/>\nIl nuovo Sony FE 50 mm f\/1,8 \u00e8 un obiettivo &#8220;normale&#8221;, cio\u00e8 con un angolo di campo simile a quello dell&#8217;occhio umano, luminoso, leggero, economico e di buona qualit\u00e0.<br \/>\nLo zoom Sony FE 70-300 mm f\/4,5-5,6 G OSS \u00e8 un tele zoom che amplia la focale massima degli obiettivi con innesto FE per A7 portandola a 300 mm.<!--more--><br \/>\nIl nuovo FE 50 mm f\/1,8 \u00e8 un&#8217;alternativa pi\u00f9 economica all&#8217;ottimo Zeiss FE 55 mm f\/1,8 fino ad oggi l&#8217;unico normale disponibile per le A7.<br \/>\nLo zoom FE 70-300 mm amplia finalmente la scelta degli obiettivi per A7 verso le focali tele senza dover ricorrere agli obiettivi per le reflex Alpha ed agli anelli adattatori.<\/p>\n<p>I due obiettivi saranno disponibili da questo mese al prezzo di 300 \u20ac per il 50\/1,8 e 1.450 \u20ac per il 70-300.<\/p>\n<p>Riporto il comunicato stampa Sony.<\/p>\n<p>________________________________________________________________________<\/p>\n<table border=\"0\" cellspacing=\"0\" cellpadding=\"0\">\n<tbody>\n<tr>\n<td class=\"spacing\"><\/td>\n<td class=\"content\">\n<div class=\"content-holder\"><a href=\"http:\/\/network.mynewsdesk.com\/wf\/click?upn=Iig2tfGU4TiopOOigCADbXK0uuhoBPryDH-2FtYHmkyf-2B5EEmJe3G3n1AoH5VBqBd8d183NHcEy8vDtt3B3ZiwEKAcgJnwaYDdM40fsVMneYuYg0152p8yniZEDQVAe7W7Wc730eo-2FQjSzwktxR0EMOW6g7KB2G1IezdZMxJpV65mK6IsQzv7zzPzOpfV-2FPSz9Zh24U9jpqM2iWrGdoZC-2B4YdYdGhCdbvrKNpnz1HC574GenB6RRfnrc2-2BH6n29VMDVcx-2Bcip6Q-2FEmNfqQ6yX4OAQ-2FxyeiJ9zDavVZBFs2-2BgfvTly4vEyc53LL3ytEFGErfjhajirrWpE2Q4RTUlmNfw-3D-3D_DruDjhchMBr5xQkz3h1qcB8NXVtG-2BkAgOvzIQZ1gNC5LWUmxSdBm5BfG06aqle-2B3Q9bw-2BWxgil0dVIOx8oBv0D-2BlLpL3BwCIUmHZmiZrr0uWz3hMj6SGPZCUOpFCd9F1O0FMQtLoU-2B-2BUtr4hzQIyk-2Fruri-2BxDjU5artJqEs8SMBU6CsXbUho59Z-2FO1hSoziQvHbIUmtvkd9oQXBuBlj2lDPvJRc-2FPedNuFRU2UNe9lPKBp5FBO0QDf4gC5TKrbAwx3S-2F4U437DPnQoQ8YeOZirUMoEwR0YL34t8hLjYwO6-2BS01hmBwQDCKUDSUxZNtaGXQEGxpRHevSlhFufbpT-2FHWUfp0zbCR-2F09wcBaKsRiN9-2BtG-2Bz2oODHyrfgZvlF-2Bo0X0CriEQPQ3zt9G-2BlOp8lZ4OJdTygfPHGCbx5h-2BvT5NY-3D\"><br \/>\n<\/a><\/p>\n<table border=\"0\" width=\"100%\" cellspacing=\"0\" cellpadding=\"0\">\n<tbody>\n<tr>\n<td>\n<table class=\"full-width\" border=\"0\" cellspacing=\"0\" cellpadding=\"0\">\n<tbody>\n<tr>\n<td align=\"left\" valign=\"bottom\">\n<h1>Sony<\/h1>\n<\/td>\n<td class=\"pressroom-logo\" align=\"right\" valign=\"top\"><img decoding=\"async\" class=\"image-border\" src=\"http:\/\/resources.mynewsdesk.com\/image\/upload\/t_logotype_small_v2\/vjj92mnedesinvvtidph.png\" alt=\"Sony logotype\" \/><\/td>\n<\/tr>\n<\/tbody>\n<\/table>\n<\/td>\n<\/tr>\n<tr>\n<td class=\"divider\" colspan=\"1\"><\/td>\n<\/tr>\n<tr>\n<td>\n<h2><a href=\"http:\/\/network.mynewsdesk.com\/wf\/click?upn=Iig2tfGU4TiopOOigCADbXK0uuhoBPryDH-2FtYHmkyf-2B5EEmJe3G3n1AoH5VBqBd8d183NHcEy8vDtt3B3ZiwEKAcgJnwaYDdM40fsVMneYuYg0152p8yniZEDQVAe7W7Wc730eo-2FQjSzwktxR0EMOW6g7KB2G1IezdZMxJpV65mK6IsQzv7zzPzOpfV-2FPSz9Zh24U9jpqM2iWrGdoZC-2B4YdYdGhCdbvrKNpnz1HC574GenB6RRfnrc2-2BH6n29VMDVcx-2Bcip6Q-2FEmNfqQ6yX4OAQ-2FxyeiJ9zDavVZBFs2-2BgfvTly4vEyc53LL3ytEFGErfjhajirrWpE2Q4RTUlmNfw-3D-3D_DruDjhchMBr5xQkz3h1qcB8NXVtG-2BkAgOvzIQZ1gNC5LWUmxSdBm5BfG06aqle-2B3Q9bw-2BWxgil0dVIOx8oBv0D-2BlLpL3BwCIUmHZmiZrr0uWz3hMj6SGPZCUOpFCd9F1O0FMQtLoU-2B-2BUtr4hzQIyk-2Fruri-2BxDjU5artJqEs8SMBU6CsXbUho59Z-2FO1hSoziQvHbIUmtvkd9oQXBuBlj2lIW0d5RXnd49s6pmTLzR5jH9IqhOWouCRiGmVFc7kwgy9ml-2FdN9wESZlIBqHGPN-2BZ-2FCi5rA8w0LHV5snOcfEoBezHRq-2FHK6CjQJqEW2MJnc5LtC5oHmdv2wEdMtLFdjUAU1zzITLXTfQExxaMeDuhN4OA1S03p26OO4wkclLJucFyDvusNM7l2doUHdvfO1IUWLD39fDtSkKRTXccXJLAPQ-3D\" target=\"_blank\" rel=\"noopener\">Novit\u00e0 in arrivo nella gamma di obiettivi FE full-frame di Sony: zoom 70-300 mm ad alta risoluzione e obiettivo a focale fissa 50 mm F1.8<\/a><\/h2>\n<h6>Sony &#8211; apr 05, 2016 09:00 CEST<\/h6>\n<p><img decoding=\"async\" src=\"http:\/\/resources.mynewsdesk.com\/image\/upload\/t_next_gen_article_scale_600\/v7q11dwzwtlltwprfplf.jpg\" alt=\"\" border=\"0\" \/><\/p>\n<div class=\"mail-article\">\n<p><strong><em>Con il nuovo teleobiettivo zoom FE 70-300 mm F4.5-5.6 G OSS e l\u2019obiettivo a focale fissa 50 mm F1.8 si moltiplicano le possibilit\u00e0 di utilizzo per la gamma Sony \u03b1<\/em><\/strong><\/p>\n<p>Sony ha presentato due nuovi obiettivi full-frame per fotocamere ad attacco E: il teleobiettivo zoom FE 70-300 mm F4.5-5.6 G OSS e l\u2019obiettivo a focale fissa 50 mm F1.8.<\/p>\n<p>Con il nuovo zoom FE 70-300 mm F4.5-F5.6 G OSS, le fotocamere Sony \u03b1 ad attacco E riescono a raggiungere per la prima volta una lunghezza focale di 300 mm, con risoluzione elevata e prestazioni ottiche straordinarie lungo l\u2019intera escursione. L\u2019obiettivo a focale fissa 50 mm F1.8 \u00e8 invece una soluzione estremamente compatta, leggera e conveniente, il che ne fa la scelta ideale per chiunque voglia imparare a padroneggiare un obiettivo a focale fissa ad ampia apertura a un prezzo ragionevole.<\/p>\n<p><strong>Nuovo teleobiettivo zoom FE 70-300 mm F4.5-5.6 G OSS<\/strong><\/p>\n<p>Il nuovo teleobiettivo zoom FE 70-300 mm F4.5-5.6 G OSS (modello SEL70300G) raggiunge una lunghezza focale senza precedenti. L\u2019evoluto schema ottico prevede quattro elementi asferici in vetro, due elementi in vetro ED (Extra-low Dispersion) e la tecnologia antiriflesso Nano AR di Sony, che insieme contribuiscono a eliminare qualsiasi problema di aberrazione sferica, distorsione e aberrazione cromatica, per scatti e riprese video ad alta risoluzione impeccabili.<\/p>\n<p>I risultati sono eccellenti anche nei primi piani, con distanza di messa a fuoco minima inferiore ai 90 cm e un fattore di ingrandimento massimo di 0,31x: l\u2019ideale per fotografie tele-macro. Queste stesse caratteristiche sono inoltre alla base della sorprendente nitidezza assicurata in ogni punto dell\u2019immagine.<\/p>\n<p>Il sistema di stabilizzazione d\u2019immagine Optical SteadyShot integrato aiuta a ridurre le vibrazioni della fotocamera, facilitando le riprese a mano libera. In aggiunta, il nuovo SEL70300G \u00e8 dotato di un attuatore lineare, che rende veloce, fluido e silenzioso l\u2019autofocus e, grazie alla resistenza a polvere e umidit\u00e0, si rivela affidabile anche nelle condizioni pi\u00f9 difficili all\u2019aperto.<\/p>\n<p><strong>Nuovo obiettivo a focale fissa FE 50 mm F1.8<\/strong><\/p>\n<p>Il \u201ctradizionale\u201d obiettivo a focale fissa FE 50 mm F1.8 (modello SEL50F18F) concentra, in soli 186 g di peso, performance elevate, compattezza e convenienza: la soluzione perfetta per gli appassionati di fotografia e video, che desiderano un obiettivo a focale fissa ad ampia apertura dal prezzo contenuto.<\/p>\n<p>Il nuovo schema ottico presenta un elemento asferico in grado di compensare qualsiasi forma di aberrazione, per immagini nitide e di qualit\u00e0. L\u2019apertura circolare massima F1.8 consente poi di ottenere morbidi effetti \u201cbokeh\u201d attorno al soggetto. Il resistente attacco in metallo \u00e8 infine garanzia di resistenza nel tempo.<\/p>\n<p>Il nuovo teleobiettivo zoom FE 70-300 mm F4.5\u20135.6 G OSS e l\u2019obiettivo a focale fissa FE 50 mm F1.8 saranno disponibili dal mese di aprile.<\/p>\n<\/div>\n<\/td>\n<\/tr>\n<\/tbody>\n<\/table>\n<\/div>\n<\/td>\n<\/tr>\n<\/tbody>\n<\/table>\n<p>_______________________________________________________________________________<\/p>\n<p><a href=\"https:\/\/blog.francescophoto.it\/wp-content\/uploads\/2016\/04\/sel50f18f_b-s.jpg\" rel=\"attachment wp-att-34807\"><img loading=\"lazy\" decoding=\"async\" class=\"alignnone size-medium wp-image-34807\" src=\"https:\/\/blog.francescophoto.it\/wp-content\/uploads\/2016\/04\/sel50f18f_b-s.jpg?w=474\" alt=\"SEL50f18F_B-s\" width=\"474\" height=\"351\" srcset=\"https:\/\/francescophoto.it\/blog\/wp-content\/uploads\/2016\/04\/sel50f18f_b-s.jpg 1024w, https:\/\/francescophoto.it\/blog\/wp-content\/uploads\/2016\/04\/sel50f18f_b-s-500x370.jpg 500w, https:\/\/francescophoto.it\/blog\/wp-content\/uploads\/2016\/04\/sel50f18f_b-s-128x96.jpg 128w, https:\/\/francescophoto.it\/blog\/wp-content\/uploads\/2016\/04\/sel50f18f_b-s-768x569.jpg 768w\" sizes=\"auto, (max-width: 474px) 100vw, 474px\" \/><\/a><\/p>\n<p><a href=\"https:\/\/blog.francescophoto.it\/wp-content\/uploads\/2016\/04\/sel50f18f_a-s.jpg\" rel=\"attachment wp-att-34806\"><img loading=\"lazy\" decoding=\"async\" class=\"alignnone size-medium wp-image-34806\" src=\"https:\/\/blog.francescophoto.it\/wp-content\/uploads\/2016\/04\/sel50f18f_a-s.jpg?w=474\" alt=\"SEL50f18F_A-s\" width=\"474\" height=\"351\" srcset=\"https:\/\/francescophoto.it\/blog\/wp-content\/uploads\/2016\/04\/sel50f18f_a-s.jpg 1024w, https:\/\/francescophoto.it\/blog\/wp-content\/uploads\/2016\/04\/sel50f18f_a-s-500x370.jpg 500w, https:\/\/francescophoto.it\/blog\/wp-content\/uploads\/2016\/04\/sel50f18f_a-s-128x96.jpg 128w, https:\/\/francescophoto.it\/blog\/wp-content\/uploads\/2016\/04\/sel50f18f_a-s-768x569.jpg 768w\" sizes=\"auto, (max-width: 474px) 100vw, 474px\" \/><\/a><\/p>\n<p><a href=\"https:\/\/blog.francescophoto.it\/wp-content\/uploads\/2016\/04\/sel70300g_b-s.jpg\" rel=\"attachment wp-att-34809\"><img loading=\"lazy\" decoding=\"async\" class=\"alignnone size-medium wp-image-34809\" src=\"https:\/\/blog.francescophoto.it\/wp-content\/uploads\/2016\/04\/sel70300g_b-s.jpg?w=474\" alt=\"SEL70300G_B-s\" width=\"474\" height=\"312\" srcset=\"https:\/\/francescophoto.it\/blog\/wp-content\/uploads\/2016\/04\/sel70300g_b-s.jpg 1024w, https:\/\/francescophoto.it\/blog\/wp-content\/uploads\/2016\/04\/sel70300g_b-s-500x329.jpg 500w, https:\/\/francescophoto.it\/blog\/wp-content\/uploads\/2016\/04\/sel70300g_b-s-768x505.jpg 768w\" sizes=\"auto, (max-width: 474px) 100vw, 474px\" \/><\/a><\/p>\n<p><a href=\"https:\/\/blog.francescophoto.it\/wp-content\/uploads\/2016\/04\/sel70300g_a-s.jpg\" rel=\"attachment wp-att-34808\"><img loading=\"lazy\" decoding=\"async\" class=\"alignnone size-medium wp-image-34808\" src=\"https:\/\/blog.francescophoto.it\/wp-content\/uploads\/2016\/04\/sel70300g_a-s.jpg?w=474\" alt=\"SEL70300G_A-s\" width=\"474\" height=\"312\" srcset=\"https:\/\/francescophoto.it\/blog\/wp-content\/uploads\/2016\/04\/sel70300g_a-s.jpg 1024w, https:\/\/francescophoto.it\/blog\/wp-content\/uploads\/2016\/04\/sel70300g_a-s-500x329.jpg 500w, https:\/\/francescophoto.it\/blog\/wp-content\/uploads\/2016\/04\/sel70300g_a-s-768x505.jpg 768w\" sizes=\"auto, (max-width: 474px) 100vw, 474px\" \/><\/a><\/p>\n<p><a href=\"https:\/\/blog.francescophoto.it\/wp-content\/uploads\/2016\/04\/15h_e-mountlens-ff_all_image-s.jpg\" rel=\"attachment wp-att-34805\"><img loading=\"lazy\" decoding=\"async\" class=\"alignnone size-medium wp-image-34805\" src=\"https:\/\/blog.francescophoto.it\/wp-content\/uploads\/2016\/04\/15h_e-mountlens-ff_all_image-s.jpg?w=474\" alt=\"15H_E-mountLens-FF_All_image-s\" width=\"474\" height=\"314\" srcset=\"https:\/\/francescophoto.it\/blog\/wp-content\/uploads\/2016\/04\/15h_e-mountlens-ff_all_image-s.jpg 1024w, https:\/\/francescophoto.it\/blog\/wp-content\/uploads\/2016\/04\/15h_e-mountlens-ff_all_image-s-500x331.jpg 500w, https:\/\/francescophoto.it\/blog\/wp-content\/uploads\/2016\/04\/15h_e-mountlens-ff_all_image-s-768x509.jpg 768w\" sizes=\"auto, (max-width: 474px) 100vw, 474px\" \/><\/a><\/p>\n","protected":false},"excerpt":{"rendered":"<p>Sony ha ampliato la gamma degli obiettivi con innesto FE per la sua linea di mirrorless fullframe A7 con due nuove ottiche. Il nuovo Sony FE 50 mm f\/1,8 \u00e8 un obiettivo &#8220;normale&#8221;, cio\u00e8 con un angolo di campo simile a quello dell&#8217;occhio umano, luminoso, leggero, economico e di buona qualit\u00e0. Lo zoom Sony FE &hellip; <a href=\"https:\/\/francescophoto.it\/blog\/2016\/04\/05\/nuovi-obiettivi-sony-fe\/\" class=\"more-link\">Continua la lettura di <span class=\"screen-reader-text\">Nuovi obiettivi Sony FE<\/span> <span class=\"meta-nav\">&rarr;<\/span><\/a><\/p>\n","protected":false},"author":1,"featured_media":0,"comment_status":"open","ping_status":"open","sticky":false,"template":"","format":"standard","meta":{"_jetpack_memberships_contains_paid_content":false,"footnotes":""},"categories":[49,23],"tags":[936,1171],"class_list":["post-34798","post","type-post","status-publish","format-standard","hentry","category-49","category-novita","tag-obiettivi","tag-sony"],"jetpack_featured_media_url":"","jetpack_sharing_enabled":true,"_links":{"self":[{"href":"https:\/\/francescophoto.it\/blog\/wp-json\/wp\/v2\/posts\/34798","targetHints":{"allow":["GET"]}}],"collection":[{"href":"https:\/\/francescophoto.it\/blog\/wp-json\/wp\/v2\/posts"}],"about":[{"href":"https:\/\/francescophoto.it\/blog\/wp-json\/wp\/v2\/types\/post"}],"author":[{"embeddable":true,"href":"https:\/\/francescophoto.it\/blog\/wp-json\/wp\/v2\/users\/1"}],"replies":[{"embeddable":true,"href":"https:\/\/francescophoto.it\/blog\/wp-json\/wp\/v2\/comments?post=34798"}],"version-history":[{"count":0,"href":"https:\/\/francescophoto.it\/blog\/wp-json\/wp\/v2\/posts\/34798\/revisions"}],"wp:attachment":[{"href":"https:\/\/francescophoto.it\/blog\/wp-json\/wp\/v2\/media?parent=34798"}],"wp:term":[{"taxonomy":"category","embeddable":true,"href":"https:\/\/francescophoto.it\/blog\/wp-json\/wp\/v2\/categories?post=34798"},{"taxonomy":"post_tag","embeddable":true,"href":"https:\/\/francescophoto.it\/blog\/wp-json\/wp\/v2\/tags?post=34798"}],"curies":[{"name":"wp","href":"https:\/\/api.w.org\/{rel}","templated":true}]}}