{"id":3477,"date":"2010-02-09T15:24:04","date_gmt":"2010-02-09T14:24:04","guid":{"rendered":"http:\/\/francescophoto.wordpress.com\/?p=3477"},"modified":"2010-02-09T15:24:04","modified_gmt":"2010-02-09T14:24:04","slug":"canon-550d","status":"publish","type":"post","link":"https:\/\/francescophoto.it\/blog\/2010\/02\/09\/canon-550d\/","title":{"rendered":"Canon 550D"},"content":{"rendered":"<p><a href=\"http:\/\/blog.francescophoto.it\/wp-content\/uploads\/2010\/02\/eos_550d_w200_tcm80-710504.jpg\"><img loading=\"lazy\" decoding=\"async\" class=\"alignright size-thumbnail wp-image-3485\" title=\"EOS_550D_w200_tcm80-710504\" src=\"http:\/\/blog.francescophoto.it\/wp-content\/uploads\/2010\/02\/eos_550d_w200_tcm80-710504.jpg?w=109\" alt=\"\" width=\"109\" height=\"96\" \/><\/a>Canon ha presentato ieri la nuova reflex 550D che si inserisce nel catalogo della casa al di sopra della 500D. La fotocamera si presenta molto simile alle precedenti 450D e 500D, con un corpo piccolo e leggero, ma incorpora alcune delle novit\u00e0 gi\u00e0 viste sulla 7D, come il sensore da 18 Mpx, e un nuovo schermo con rapporto dei lati 3:2 e 1.040.000 pixel. Pu\u00f2 noltre riprendere filmati Full HD. In sostanza per molti aspetti \u00e8 quasi una piccola 7D.<!--more--><\/p>\n<p>Le caratteristiche principali della Canon 550D sono.<\/p>\n<p>&#8211; sensore CMOS di formato APS-C da 18 Mpx, come la 7D<br \/>\n&#8211; corpo macchina simile alla 500D con alcuni nuovi comandi<br \/>\n&#8211; innesto\u00a0ottiche adatto per obiettivi EF e EF-S<br \/>\n&#8211; elaboratore d&#8217;immagine Digic 4 (la 7D ne ha 2)<br \/>\n&#8211; mirino pentaspecchio con copertura del 95 % e ingrandimento 0,87x con obiettivo 50 mm all&#8217;infinito<br \/>\n&#8211; schermo da 3&#8243; con rapporto dei lati 3:2 e 1.040.000 pixel<br \/>\n&#8211; funzione live view con AF a rilevamento di contrasto e riconoscimento dei volti<br \/>\n&#8211; sensibilit\u00e0 da 100 a 6400 Iso pi\u00f9 estensione a 12800<br \/>\n&#8211; sistema autofocus con 9 punti di cui il centrale a croce<br \/>\n&#8211; sistema esposimetrico a 63 zone iFCL collegato con AF e rilevazione colore<br \/>\n&#8211; velocit\u00e0 di raffica 3,7 fg\/s<br \/>\n&#8211; Possibilit\u00e0 di ripresa video Full HD 1080p, 1920&#215;1080 pixel a 30\/25\/24 fg\/s e 720p, 1280&#215;720 pixel, a 50\/60 fg\/s e 480p a 50\/60 fg\/s con durata massima rispettivamente di 12, 18 e 24 minuti, con audio. possibilit\u00e0 di controllare manualmente i parametri di esposizione e di ripresa.<br \/>\n&#8211; presa per microfono esterno<br \/>\n_ ingrandimento video (solo per qualit\u00e0 VGA): usa solo la parte centrale del sensore e consente di scattare da lunghe distanze senza dover sostituire l&#8217;obiettivo.<br \/>\n&#8211; uscita HDMI<br \/>\n&#8211; alimentazione con nuova batteria agli ioni di litio LP-E8 per 470 scatti (pochi!)<br \/>\n&#8211; dimensioni 129x98x62 mm<br \/>\n&#8211; peso 530 grammi<\/p>\n<p>sar\u00e0 disponibile in marzo ad un prezzo di 750 \u20ac solo corpo o 850 \u20ac in kit con il 18-55 IS.<\/p>\n<p>La 550D \u00e8 una reflexmolto interessante perch\u00e8 dovrebbe avere una qualit\u00e0 d&#8217;immagine molto vicina a quella, elevata, della 7D ad un prezzo che \u00e8 circa la met\u00e0. Certo non ha il doppio Digic e quindi la sua velocit\u00e0 \u00e8 inferiore, anche il corpo \u00e8 di costruzione pi\u00f9 economica, rivestito in plastica e senza le guarnizioni di sigillatura. L&#8217;autofocus ugualmente, pur efficace, non \u00e8 lo stesso della 7D, ma a qualcosa si deve pur rinunciare per risparmiare. E&#8217; interessante comunque lo schermo che finalmente offre un rapporto dimensionale uguale a quello del sensore ed una elevata risoluzione. Peccato non sia orientabile.<\/p>\n<p>In conclusione per chi non \u00e8 interessato alle caratteristiche professionali della 7D, ma solo ad un&#8217;ottima qualit\u00e0 fotografica, questa \u00e8 un&#8217;ottima scelta.<\/p>\n<p><a href=\"http:\/\/blog.francescophoto.it\/wp-content\/uploads\/2010\/02\/eos_550d.jpg\"><img loading=\"lazy\" decoding=\"async\" class=\"alignnone size-large wp-image-3478\" title=\"EOS_550D\" src=\"http:\/\/blog.francescophoto.it\/wp-content\/uploads\/2010\/02\/eos_550d.jpg?w=500\" alt=\"\" width=\"500\" height=\"390\" srcset=\"https:\/\/francescophoto.it\/blog\/wp-content\/uploads\/2010\/02\/eos_550d.jpg 800w, https:\/\/francescophoto.it\/blog\/wp-content\/uploads\/2010\/02\/eos_550d-500x391.jpg 500w, https:\/\/francescophoto.it\/blog\/wp-content\/uploads\/2010\/02\/eos_550d-768x600.jpg 768w\" sizes=\"auto, (max-width: 500px) 100vw, 500px\" \/><\/a><\/p>\n<p><a href=\"http:\/\/blog.francescophoto.it\/wp-content\/uploads\/2010\/02\/rebel_t2i_3_l.jpg\"><img loading=\"lazy\" decoding=\"async\" class=\"alignnone size-large wp-image-3479\" title=\"REBEL_T2I_3_L\" src=\"http:\/\/blog.francescophoto.it\/wp-content\/uploads\/2010\/02\/rebel_t2i_3_l.jpg?w=500\" alt=\"\" width=\"500\" height=\"322\" srcset=\"https:\/\/francescophoto.it\/blog\/wp-content\/uploads\/2010\/02\/rebel_t2i_3_l.jpg 1024w, https:\/\/francescophoto.it\/blog\/wp-content\/uploads\/2010\/02\/rebel_t2i_3_l-500x322.jpg 500w, https:\/\/francescophoto.it\/blog\/wp-content\/uploads\/2010\/02\/rebel_t2i_3_l-768x495.jpg 768w\" sizes=\"auto, (max-width: 500px) 100vw, 500px\" \/><\/a><\/p>\n<p><a href=\"http:\/\/blog.francescophoto.it\/wp-content\/uploads\/2010\/02\/rebel_t2i_2_l1.jpg\"><img loading=\"lazy\" decoding=\"async\" class=\"alignnone size-large wp-image-3481\" title=\"REBEL_T2I_2_L\" src=\"http:\/\/blog.francescophoto.it\/wp-content\/uploads\/2010\/02\/rebel_t2i_2_l1.jpg?w=500\" alt=\"\" width=\"500\" height=\"387\" srcset=\"https:\/\/francescophoto.it\/blog\/wp-content\/uploads\/2010\/02\/rebel_t2i_2_l1.jpg 992w, https:\/\/francescophoto.it\/blog\/wp-content\/uploads\/2010\/02\/rebel_t2i_2_l1-500x387.jpg 500w, https:\/\/francescophoto.it\/blog\/wp-content\/uploads\/2010\/02\/rebel_t2i_2_l1-768x595.jpg 768w\" sizes=\"auto, (max-width: 500px) 100vw, 500px\" \/><\/a><\/p>\n<p><a href=\"http:\/\/blog.francescophoto.it\/wp-content\/uploads\/2010\/02\/rebel-t2-021.jpg\"><img loading=\"lazy\" decoding=\"async\" class=\"alignnone size-full wp-image-3482\" title=\"Rebel-T2-021\" src=\"http:\/\/blog.francescophoto.it\/wp-content\/uploads\/2010\/02\/rebel-t2-021.jpg\" alt=\"\" width=\"502\" height=\"540\" srcset=\"https:\/\/francescophoto.it\/blog\/wp-content\/uploads\/2010\/02\/rebel-t2-021.jpg 558w, https:\/\/francescophoto.it\/blog\/wp-content\/uploads\/2010\/02\/rebel-t2-021-465x500.jpg 465w\" sizes=\"auto, (max-width: 502px) 100vw, 502px\" \/><\/a><\/p>\n","protected":false},"excerpt":{"rendered":"<p>Canon ha presentato ieri la nuova reflex 550D che si inserisce nel catalogo della casa al di sopra della 500D. La fotocamera si presenta molto simile alle precedenti 450D e 500D, con un corpo piccolo e leggero, ma incorpora alcune delle novit\u00e0 gi\u00e0 viste sulla 7D, come il sensore da 18 Mpx, e un nuovo &hellip; <a href=\"https:\/\/francescophoto.it\/blog\/2010\/02\/09\/canon-550d\/\" class=\"more-link\">Continua la lettura di <span class=\"screen-reader-text\">Canon 550D<\/span> <span class=\"meta-nav\">&rarr;<\/span><\/a><\/p>\n","protected":false},"author":1,"featured_media":0,"comment_status":"open","ping_status":"open","sticky":false,"template":"","format":"standard","meta":{"_jetpack_memberships_contains_paid_content":false,"footnotes":""},"categories":[43,10,23],"tags":[256,280],"class_list":["post-3477","post","type-post","status-publish","format-standard","hentry","category-43","category-dslr","category-novita","tag-aps","tag-canon"],"jetpack_featured_media_url":"","jetpack_sharing_enabled":true,"_links":{"self":[{"href":"https:\/\/francescophoto.it\/blog\/wp-json\/wp\/v2\/posts\/3477","targetHints":{"allow":["GET"]}}],"collection":[{"href":"https:\/\/francescophoto.it\/blog\/wp-json\/wp\/v2\/posts"}],"about":[{"href":"https:\/\/francescophoto.it\/blog\/wp-json\/wp\/v2\/types\/post"}],"author":[{"embeddable":true,"href":"https:\/\/francescophoto.it\/blog\/wp-json\/wp\/v2\/users\/1"}],"replies":[{"embeddable":true,"href":"https:\/\/francescophoto.it\/blog\/wp-json\/wp\/v2\/comments?post=3477"}],"version-history":[{"count":0,"href":"https:\/\/francescophoto.it\/blog\/wp-json\/wp\/v2\/posts\/3477\/revisions"}],"wp:attachment":[{"href":"https:\/\/francescophoto.it\/blog\/wp-json\/wp\/v2\/media?parent=3477"}],"wp:term":[{"taxonomy":"category","embeddable":true,"href":"https:\/\/francescophoto.it\/blog\/wp-json\/wp\/v2\/categories?post=3477"},{"taxonomy":"post_tag","embeddable":true,"href":"https:\/\/francescophoto.it\/blog\/wp-json\/wp\/v2\/tags?post=3477"}],"curies":[{"name":"wp","href":"https:\/\/api.w.org\/{rel}","templated":true}]}}