{"id":34679,"date":"2016-04-01T10:42:02","date_gmt":"2016-04-01T09:42:02","guid":{"rendered":"http:\/\/blog.francescophoto.it\/?p=34679"},"modified":"2016-04-01T10:42:02","modified_gmt":"2016-04-01T09:42:02","slug":"accordo-canon-nikon","status":"publish","type":"post","link":"https:\/\/francescophoto.it\/blog\/2016\/04\/01\/accordo-canon-nikon\/","title":{"rendered":"Accordo Canon-Nikon"},"content":{"rendered":"<p><a href=\"https:\/\/blog.francescophoto.it\/wp-content\/uploads\/2013\/12\/nikon-logo.jpg\" rel=\"attachment wp-att-22743\"><img loading=\"lazy\" decoding=\"async\" class=\"alignright size-thumbnail wp-image-22743\" src=\"https:\/\/blog.francescophoto.it\/wp-content\/uploads\/2013\/12\/nikon-logo.jpg?w=93\" alt=\"Nikon Logo\" width=\"93\" height=\"96\" \/><\/a><a href=\"https:\/\/blog.francescophoto.it\/wp-content\/uploads\/2010\/05\/canon-logo.jpg\" rel=\"attachment wp-att-4472\"><img loading=\"lazy\" decoding=\"async\" class=\"alignright size-thumbnail wp-image-4472\" src=\"https:\/\/blog.francescophoto.it\/wp-content\/uploads\/2010\/05\/canon-logo.jpg?w=96\" alt=\"Canon logo\" width=\"96\" height=\"96\" srcset=\"https:\/\/francescophoto.it\/blog\/wp-content\/uploads\/2010\/05\/canon-logo.jpg 560w, https:\/\/francescophoto.it\/blog\/wp-content\/uploads\/2010\/05\/canon-logo-500x500.jpg 500w\" sizes=\"auto, (max-width: 96px) 100vw, 96px\" \/><\/a>In rete da alcuni giorni circola un&#8217;informazione riguardante un accordo che sar\u00e0 a breve sottoscritto fra Canon e Nikon per quanto riguarda il settore fotografico. La clamorosa notizia \u00e8 stata ripresa da diversi siti cinesi e qualche giapponese.<br \/>\nIn pratica la forte concorrenza delle nuove mirrorrless, ormai disponibili anche in formato fullframe, ha messo sotto pressione i due grandi produttori di reflex che non sono in grado di sostenere autonomamente i grandi investimenti necessari per aggiornare le loro reflex ed entrare nel mercato mirrorless con l&#8217;autorevolezza e il peso che la loro tradizione comporta.<br \/>\nI due grandi delle reflex hanno quindi deciso di stringere un accordo per affrontare questa nuova sfida.<!--more--><br \/>\nIn pratica Canon e Nikon collaboreranno per lo sviluppo dei nuovi modelli di reflex, sia per i sensori, che potrebbero essere prodotti da Canon, abbandonando quindi Sony da parte di Nikon, sia per gli elaboratori d&#8217;immagine che per gli obiettivi. Per questi si prospetta l&#8217;introduzione di un innesto comune, che mantenga la compatibilit\u00e0 con i precedenti in modo da garantire piena compatibilit\u00e0 con quanto prodotto sin ora. Si parla anche della possibilit\u00e0 di un mirino ibrido reflex ottico ed elettronico un po&#8217; come quello ibrido ottico ed elettronico delle Fujifilm X-Pro e X-100.<br \/>\nInoltre \u00e8 allo studio la possibilit\u00e0 di produrre congiuntamente una nuova serie di mirrorless che poi sar\u00e0 venduta con entrambi i marchi, un po&#8217; come Leica e Panasonic. Queste nuove mirrorless dovranno essere competitive con quanto \u00e8 gi\u00e0 adesso sul mercato da parte di Fujifilm, Leica, Olympus, Panasonic e Sony. Ci dovrebbero essere sia modelli base con sensore di formato APS che modelli professionali con sensore fullframe. Gli obiettivi saranno comuni con quelli delle reflex e potranno essere usati indifferentemente sulle due serie di modelli con un opportuno anello adattatore.<\/p>\n<p>Il tutto sembra molto interessante e dar\u00e0 una svolta al mercato. Staremo a vedere.<\/p>\n","protected":false},"excerpt":{"rendered":"<p>In rete da alcuni giorni circola un&#8217;informazione riguardante un accordo che sar\u00e0 a breve sottoscritto fra Canon e Nikon per quanto riguarda il settore fotografico. La clamorosa notizia \u00e8 stata ripresa da diversi siti cinesi e qualche giapponese. In pratica la forte concorrenza delle nuove mirrorrless, ormai disponibili anche in formato fullframe, ha messo sotto &hellip; <a href=\"https:\/\/francescophoto.it\/blog\/2016\/04\/01\/accordo-canon-nikon\/\" class=\"more-link\">Continua la lettura di <span class=\"screen-reader-text\">Accordo Canon-Nikon<\/span> <span class=\"meta-nav\">&rarr;<\/span><\/a><\/p>\n","protected":false},"author":1,"featured_media":0,"comment_status":"open","ping_status":"open","sticky":false,"template":"","format":"standard","meta":{"_jetpack_memberships_contains_paid_content":false,"footnotes":""},"categories":[49,17,23],"tags":[280,905],"class_list":["post-34679","post","type-post","status-publish","format-standard","hentry","category-49","category-generale","category-novita","tag-canon","tag-nikon"],"jetpack_featured_media_url":"","jetpack_sharing_enabled":true,"_links":{"self":[{"href":"https:\/\/francescophoto.it\/blog\/wp-json\/wp\/v2\/posts\/34679","targetHints":{"allow":["GET"]}}],"collection":[{"href":"https:\/\/francescophoto.it\/blog\/wp-json\/wp\/v2\/posts"}],"about":[{"href":"https:\/\/francescophoto.it\/blog\/wp-json\/wp\/v2\/types\/post"}],"author":[{"embeddable":true,"href":"https:\/\/francescophoto.it\/blog\/wp-json\/wp\/v2\/users\/1"}],"replies":[{"embeddable":true,"href":"https:\/\/francescophoto.it\/blog\/wp-json\/wp\/v2\/comments?post=34679"}],"version-history":[{"count":0,"href":"https:\/\/francescophoto.it\/blog\/wp-json\/wp\/v2\/posts\/34679\/revisions"}],"wp:attachment":[{"href":"https:\/\/francescophoto.it\/blog\/wp-json\/wp\/v2\/media?parent=34679"}],"wp:term":[{"taxonomy":"category","embeddable":true,"href":"https:\/\/francescophoto.it\/blog\/wp-json\/wp\/v2\/categories?post=34679"},{"taxonomy":"post_tag","embeddable":true,"href":"https:\/\/francescophoto.it\/blog\/wp-json\/wp\/v2\/tags?post=34679"}],"curies":[{"name":"wp","href":"https:\/\/api.w.org\/{rel}","templated":true}]}}