{"id":3369,"date":"2010-02-03T23:05:18","date_gmt":"2010-02-03T22:05:18","guid":{"rendered":"http:\/\/francescophoto.wordpress.com\/?p=3369"},"modified":"2010-02-03T23:05:18","modified_gmt":"2010-02-03T22:05:18","slug":"olympus-pen-e-pl1","status":"publish","type":"post","link":"https:\/\/francescophoto.it\/blog\/2010\/02\/03\/olympus-pen-e-pl1\/","title":{"rendered":"Olympus Pen E-PL1"},"content":{"rendered":"<p><a href=\"http:\/\/blog.francescophoto.it\/wp-content\/uploads\/2010\/02\/08_l.jpg\"><img loading=\"lazy\" decoding=\"async\" class=\"alignright size-thumbnail wp-image-3447\" title=\"08_L\" src=\"http:\/\/blog.francescophoto.it\/wp-content\/uploads\/2010\/02\/08_l.jpg?w=107\" alt=\"\" width=\"107\" height=\"96\" srcset=\"https:\/\/francescophoto.it\/blog\/wp-content\/uploads\/2010\/02\/08_l.jpg 640w, https:\/\/francescophoto.it\/blog\/wp-content\/uploads\/2010\/02\/08_l-500x448.jpg 500w\" sizes=\"auto, (max-width: 107px) 100vw, 107px\" \/><\/a>In vista del PMA che si terr\u00e0 fra qualche giorno Olympus, come tutti gli altri produttori, ha svelato le sue novit\u00e0- La pi\u00f9 interessante \u00e8 la nuova Pen E-PL1, nuovo menmro della famiglia Micro $\/3 di Olympus che si presenta con un ingombro ed un costo inferiore rispetto alle sorelle E-P1 ed E-P2. La E-PL1 monta un sensore CMOS da 12 Mpx, la stabilizzazione integrata sul sensore, finalmente un flash incorporato, ma \u00e8 pi\u00f9 piccola e leggera dei precedenti modelli. Per le altre caratteristiche ricalca fedelmente quelle delle altre Micro 4\/3 Olympus, compresa la possibilit\u00e0 di usare il mirino elettronico, analogamente alla E-P2.<!--more--><\/p>\n<p>Le principali caratteristiche della E-Pl1 sono:<\/p>\n<p>&#8211; sensore live MOS da 12,3 Mpx<br \/>\n&#8211; innesto obiettivi Micro 4\/3 con fattore moltiplicativo 2<br \/>\n&#8211; pu\u00f2 montare anche gli obiettivi 4\/3 e gli Olympus serie OM con un apposito adattatore. Funziona anche con gli adattatori Panasonic e Leica<br \/>\n&#8211; stabilizzazione sul sensore<br \/>\n&#8211; corpo compatto e pi\u00f9 leggero delle E-P1 e E-P2, anche se costruito in parte in plastica, disponibile in nero, argento e blu<br \/>\n&#8211; schermo da 2.7&#8243; con 230.000 pixel<br \/>\n&#8211; Live view (ovviamente se no come si inquadra!) con AF a rilevazione di contrasto, pi\u00f9 veloce delle E-P1\/2, rilevamento dei volti ed inseguimento del soggetto<br \/>\n&#8211; flas incorporato con numero guida 7 a 100 Iso<br \/>\n&#8211; otturatore con tempi da 60 sec a 1\/2000<br \/>\n&#8211; sensibilit\u00e0 da 100 a 6400 Iso<br \/>\n&#8211; esposizione program, a priorit\u00e0 tempi e diaframmi e manuale<br \/>\n&#8211; velocit\u00e0 di raffica di 3 fg\/s<br \/>\n&#8211; disponibilit\u00e0 di sei Art Filters<br \/>\n&#8211; ripresa video HD 720p a 1280&#215;720 e 30 fg\/s con codec M-JPEg, suono stereo e pulsante dedicato<br \/>\n&#8211; ingresso per il mirino elettronico opzionale o per il microfono stereo<br \/>\n&#8211; slitta portaccessori per flash supplementare o mirino elettronico<br \/>\n&#8211; Uscita HDMI<br \/>\n&#8211; usa schede di memoria SD\/SDHC<br \/>\n&#8211; batteria agli ioni di litio capace di 290 scatti per carica<br \/>\n&#8211; consigli ed informazioni per la regolazione disponibili sullo schermo<br \/>\n&#8211; dimennsioni 115x72x42<br \/>\n&#8211; peso 334 grammi<\/p>\n<p>Sar\u00e0 disponibile il mese prossimo, in USA in Italia non \u00e8 ancora definito, ad un prezzo di 599 $ con lo zoom 14-42 (equivalente ad un 28-84)<\/p>\n<p>\u00a0La E-Pl1 \u00e8 un ulteriore passo avanti della Olympus verso la riduzione delle dimensioni delle fotocamere. Certo non \u00e8 la compatta che sogno (dovrebbe essere simile alla gloriosa XA a pellicola) ma sicuramente \u00e8 la fotocamera ad ottica intercambiabile pi\u00f9 compatta e leggera disponibile. Non \u00e8 facilmente tascabile nemmeno con il 17\/28, e sicuramente no con lo zoom 14-42 per quanto questo sia compatto e il suo ingombro ulteriormente riducibile in posizione di riposo. Se si aggiunge che per fotografare confortevolmente, specialmente in luce intensa, \u00e8 quasi indispensabile il mirino elettronico, si vede che comunque sar\u00e0 necessaria una piccola borsa.<br \/>\nAnche il prezzo, confrontandolo con quello delle reflex di fascia base non \u00e8 dei pi\u00f9 contenuti, anzi \u00e8 superiore a questi modelli.<br \/>\nE&#8217; comunque una fotocamera interessante che potr\u00e0 allargare i potenziali clienti del sistema Pen anche a coloro che cercano un&#8217;alternativa meno ingombrante ed impegnativa di una reflex come unica maccchina, sia a coloro che cercano una seconda macchina da portare (quasi) sempre con se.<br \/>\nInsieme alla E-PL1 Olympus ha confermato la disponibilit\u00e0 di due obiettivi Micro $\/3 presentati in anteprima lo scorso anno. Sono il 9-18\/4,0-5,6 equivalente ad un 18-36 mm\u00a0 che coster\u00e0 699 $ e il 14.150\/4,0-5,6 equivalente ad un 28-300 che coster\u00e0 599 $. I due obiettivi si presentano molto pi\u00f9 piccoli e leggeri dei loro corrispondenti 4\/3.<\/p>\n<p><a href=\"http:\/\/blog.francescophoto.it\/wp-content\/uploads\/2010\/02\/08_l.jpg\"><img loading=\"lazy\" decoding=\"async\" class=\"alignnone size-large wp-image-3447\" title=\"08_L\" src=\"http:\/\/blog.francescophoto.it\/wp-content\/uploads\/2010\/02\/08_l.jpg?w=445\" alt=\"\" width=\"445\" height=\"400\" srcset=\"https:\/\/francescophoto.it\/blog\/wp-content\/uploads\/2010\/02\/08_l.jpg 640w, https:\/\/francescophoto.it\/blog\/wp-content\/uploads\/2010\/02\/08_l-500x448.jpg 500w\" sizes=\"auto, (max-width: 445px) 100vw, 445px\" \/><\/a><\/p>\n<p><a href=\"http:\/\/blog.francescophoto.it\/wp-content\/uploads\/2010\/02\/olympus-pen-e-pl1_cr1.jpg\"><img loading=\"lazy\" decoding=\"async\" class=\"alignnone size-large wp-image-3389\" title=\"olympus-pen-e-pl1_cr\" src=\"http:\/\/blog.francescophoto.it\/wp-content\/uploads\/2010\/02\/olympus-pen-e-pl1_cr1.jpg?w=404\" alt=\"\" width=\"404\" height=\"400\" \/><\/a><\/p>\n<p><a href=\"http:\/\/blog.francescophoto.it\/wp-content\/uploads\/2010\/02\/012.jpg\"><img loading=\"lazy\" decoding=\"async\" class=\"alignnone size-large wp-image-3450\" title=\"01\" src=\"http:\/\/blog.francescophoto.it\/wp-content\/uploads\/2010\/02\/012.jpg?w=500\" alt=\"\" width=\"500\" height=\"307\" srcset=\"https:\/\/francescophoto.it\/blog\/wp-content\/uploads\/2010\/02\/012.jpg 640w, https:\/\/francescophoto.it\/blog\/wp-content\/uploads\/2010\/02\/012-500x307.jpg 500w\" sizes=\"auto, (max-width: 500px) 100vw, 500px\" \/><\/a><\/p>\n<p><a href=\"http:\/\/blog.francescophoto.it\/wp-content\/uploads\/2010\/02\/05.jpg\"><img loading=\"lazy\" decoding=\"async\" class=\"alignnone size-large wp-image-3451\" title=\"05\" src=\"http:\/\/blog.francescophoto.it\/wp-content\/uploads\/2010\/02\/05.jpg?w=500\" alt=\"\" width=\"500\" height=\"177\" srcset=\"https:\/\/francescophoto.it\/blog\/wp-content\/uploads\/2010\/02\/05.jpg 640w, https:\/\/francescophoto.it\/blog\/wp-content\/uploads\/2010\/02\/05-500x177.jpg 500w\" sizes=\"auto, (max-width: 500px) 100vw, 500px\" \/><\/a><\/p>\n<p><a href=\"http:\/\/blog.francescophoto.it\/wp-content\/uploads\/2010\/02\/04_cap.jpg\"><img loading=\"lazy\" decoding=\"async\" class=\"alignnone size-large wp-image-3453\" title=\"04_cap\" src=\"http:\/\/blog.francescophoto.it\/wp-content\/uploads\/2010\/02\/04_cap.jpg?w=500\" alt=\"\" width=\"500\" height=\"308\" srcset=\"https:\/\/francescophoto.it\/blog\/wp-content\/uploads\/2010\/02\/04_cap.jpg 640w, https:\/\/francescophoto.it\/blog\/wp-content\/uploads\/2010\/02\/04_cap-500x309.jpg 500w\" sizes=\"auto, (max-width: 500px) 100vw, 500px\" \/><\/a><a href=\"http:\/\/blog.francescophoto.it\/wp-content\/uploads\/2010\/02\/olympus-pen-epl1_cr.jpg\"><img loading=\"lazy\" decoding=\"async\" class=\"alignnone size-full wp-image-3393\" title=\"olympus-pen-epl1_cr\" src=\"http:\/\/blog.francescophoto.it\/wp-content\/uploads\/2010\/02\/olympus-pen-epl1_cr.jpg\" alt=\"\" width=\"486\" height=\"329\" \/><\/a><\/p>\n<p><a href=\"http:\/\/blog.francescophoto.it\/wp-content\/uploads\/2010\/02\/olympus-epl1_cr.jpg\"><img loading=\"lazy\" decoding=\"async\" class=\"alignnone size-full wp-image-3394\" title=\"olympus-epl1_cr\" src=\"http:\/\/blog.francescophoto.it\/wp-content\/uploads\/2010\/02\/olympus-epl1_cr.jpg\" alt=\"\" width=\"496\" height=\"326\" \/><\/a><\/p>\n<p><a href=\"http:\/\/blog.francescophoto.it\/wp-content\/uploads\/2010\/02\/pl1_cr.jpg\"><img loading=\"lazy\" decoding=\"async\" class=\"alignnone size-full wp-image-3395\" title=\"pl1_cr\" src=\"http:\/\/blog.francescophoto.it\/wp-content\/uploads\/2010\/02\/pl1_cr.jpg\" alt=\"\" width=\"487\" height=\"336\" \/><\/a><\/p>\n<p><a href=\"http:\/\/blog.francescophoto.it\/wp-content\/uploads\/2010\/02\/olympus-e-pl1_cr.jpg\"><img loading=\"lazy\" decoding=\"async\" class=\"alignnone size-full wp-image-3396\" title=\"olympus-e-pl1_cr\" src=\"http:\/\/blog.francescophoto.it\/wp-content\/uploads\/2010\/02\/olympus-e-pl1_cr.jpg\" alt=\"\" width=\"496\" height=\"329\" \/><\/a><\/p>\n<p><a href=\"http:\/\/blog.francescophoto.it\/wp-content\/uploads\/2010\/02\/m9-18mm-small.jpg\"><img loading=\"lazy\" decoding=\"async\" class=\"alignnone size-large wp-image-3456\" title=\"M9-18mm-small\" src=\"http:\/\/blog.francescophoto.it\/wp-content\/uploads\/2010\/02\/m9-18mm-small.jpg?w=354\" alt=\"\" width=\"354\" height=\"400\" srcset=\"https:\/\/francescophoto.it\/blog\/wp-content\/uploads\/2010\/02\/m9-18mm-small.jpg 508w, https:\/\/francescophoto.it\/blog\/wp-content\/uploads\/2010\/02\/m9-18mm-small-443x500.jpg 443w\" sizes=\"auto, (max-width: 354px) 100vw, 354px\" \/><\/a><\/p>\n<p><a href=\"http:\/\/blog.francescophoto.it\/wp-content\/uploads\/2010\/02\/m14-150mm-small.jpg\"><img loading=\"lazy\" decoding=\"async\" class=\"alignnone size-large wp-image-3457\" title=\"M14-150mm-small\" src=\"http:\/\/blog.francescophoto.it\/wp-content\/uploads\/2010\/02\/m14-150mm-small.jpg?w=254\" alt=\"\" width=\"254\" height=\"400\" srcset=\"https:\/\/francescophoto.it\/blog\/wp-content\/uploads\/2010\/02\/m14-150mm-small.jpg 350w, https:\/\/francescophoto.it\/blog\/wp-content\/uploads\/2010\/02\/m14-150mm-small-318x500.jpg 318w\" sizes=\"auto, (max-width: 254px) 100vw, 254px\" \/><\/a><\/p>\n","protected":false},"excerpt":{"rendered":"<p>In vista del PMA che si terr\u00e0 fra qualche giorno Olympus, come tutti gli altri produttori, ha svelato le sue novit\u00e0- La pi\u00f9 interessante \u00e8 la nuova Pen E-PL1, nuovo menmro della famiglia Micro $\/3 di Olympus che si presenta con un ingombro ed un costo inferiore rispetto alle sorelle E-P1 ed E-P2. La E-PL1 &hellip; <a href=\"https:\/\/francescophoto.it\/blog\/2010\/02\/03\/olympus-pen-e-pl1\/\" class=\"more-link\">Continua la lettura di <span class=\"screen-reader-text\">Olympus Pen E-PL1<\/span> <span class=\"meta-nav\">&rarr;<\/span><\/a><\/p>\n","protected":false},"author":1,"featured_media":0,"comment_status":"open","ping_status":"open","sticky":false,"template":"","format":"standard","meta":{"_jetpack_memberships_contains_paid_content":false,"footnotes":""},"categories":[43,8,21,23],"tags":[126,570,879,943],"class_list":["post-3369","post","type-post","status-publish","format-standard","hentry","category-43","category-compatte","category-micro-4-3","category-novita","tag-4-3","tag-fourthirds","tag-microfourthirds","tag-olympus"],"jetpack_featured_media_url":"","jetpack_sharing_enabled":true,"_links":{"self":[{"href":"https:\/\/francescophoto.it\/blog\/wp-json\/wp\/v2\/posts\/3369","targetHints":{"allow":["GET"]}}],"collection":[{"href":"https:\/\/francescophoto.it\/blog\/wp-json\/wp\/v2\/posts"}],"about":[{"href":"https:\/\/francescophoto.it\/blog\/wp-json\/wp\/v2\/types\/post"}],"author":[{"embeddable":true,"href":"https:\/\/francescophoto.it\/blog\/wp-json\/wp\/v2\/users\/1"}],"replies":[{"embeddable":true,"href":"https:\/\/francescophoto.it\/blog\/wp-json\/wp\/v2\/comments?post=3369"}],"version-history":[{"count":0,"href":"https:\/\/francescophoto.it\/blog\/wp-json\/wp\/v2\/posts\/3369\/revisions"}],"wp:attachment":[{"href":"https:\/\/francescophoto.it\/blog\/wp-json\/wp\/v2\/media?parent=3369"}],"wp:term":[{"taxonomy":"category","embeddable":true,"href":"https:\/\/francescophoto.it\/blog\/wp-json\/wp\/v2\/categories?post=3369"},{"taxonomy":"post_tag","embeddable":true,"href":"https:\/\/francescophoto.it\/blog\/wp-json\/wp\/v2\/tags?post=3369"}],"curies":[{"name":"wp","href":"https:\/\/api.w.org\/{rel}","templated":true}]}}