{"id":32827,"date":"2015-12-07T14:52:03","date_gmt":"2015-12-07T13:52:03","guid":{"rendered":"http:\/\/blog.francescophoto.it\/?p=32827"},"modified":"2015-12-07T14:52:03","modified_gmt":"2015-12-07T13:52:03","slug":"fujifilm-xq2-test","status":"publish","type":"post","link":"https:\/\/francescophoto.it\/blog\/2015\/12\/07\/fujifilm-xq2-test\/","title":{"rendered":"Fujifilm XQ2: test"},"content":{"rendered":"<p><a href=\"https:\/\/blog.francescophoto.it\/wp-content\/uploads\/2015\/11\/dsc05419c.jpg\" rel=\"attachment wp-att-33193\"><img loading=\"lazy\" decoding=\"async\" class=\"alignright size-thumbnail wp-image-33193\" src=\"https:\/\/blog.francescophoto.it\/wp-content\/uploads\/2015\/11\/dsc05419c.jpg?w=128\" alt=\"DSC05419c\" width=\"128\" height=\"96\" \/><\/a>La Fujifilm XQ2 \u00e8 una compatta appartenente alla classe \u201cpremium\u201d, quella siglata X, delle fotocamere Fuji, accanto alla X-30, X-100T, X-T1, X Pro-1, X-T10 e altre. Sono macchine progettate e costruite con un elevato standard per ottnere le migliori prestazioni nelle rispettive classi. La XQ2 monta un sensore X-Trans II CMOS da 12 Mpx con una dimensione di 2\/3&#8243;&#8221;, superiore quindi come dimensioni a quello di quasi tutte le altre compatte economiche, e privo di filtro antialias. L\u2019obiettivo \u00e8 uno zoom 4x, 25-100 mm equivalente con luminosit\u00e0 f\/1,8-4,9, lo schermo da 3&#8243; fisso ha 920.000 pixel: La novit\u00e0 principale che fanno fare un salto di qualit\u00e0 a questa compatta \u00e8 l&#8217;autofocus ibrido a rilevamento di fase e di contrsato, attuato con un certo numero di pixel sdoppiati sul sensore. Pu\u00f2 riprendere video Full HD e la raffica arriva fino a 12 fg\/s.<br \/>\nLe dimensioni sono molto compatte.<!--more--><\/p>\n<p>Altro miglioramento in confronto con la XQ1 riguarda l&#8217;introduzione della simulazione pellicola Classic Chrome.<\/p>\n<p>L&#8217;estetica della XQ2 \u00e8 molto lineare, un piccolo parallelepipedo con i bordi arrotondati e senza sporgenze tranne la piccola protuberanza dell&#8217;obiettivo che comprende la ghiera di controllo. La finitura in argento satinato nella parte superiore \u00e8 molto bella, ma \u00e8 disponibile anche la versione nera. Il resto del corpo \u00e8 rivestito da una leggera zigrinatura antiscivolo.<br \/>\nIl suo sensore \u00e8 pi\u00f9 grande di quelli montati normalmente sulle compatte economiche. Infatti \u00e8 un 2\/3&#8243;&#8221; con dimensioni di 8,8\u00d76,6 mm contro 6,1\u00d74,5 di quelli da 1\/2,3 di tutte le altre compatte.<br \/>\nDi progettazione e costruzione Fuji \u00e8 un X-Trans II CMOS da 12 Mpx senza filtro antialias e con pixel sdoppiati per la messa a fuoco a rilevamento di fase.<br \/>\nQuesto sensore ha una disposizione dei pixel e dei filtri colorati diversa da quella classica dei sensori Bayer, come si vede in figura.<\/p>\n<figure id=\"attachment_21771\" aria-describedby=\"caption-attachment-21771\" style=\"width: 246px\" class=\"wp-caption alignnone\"><a href=\"https:\/\/blog.francescophoto.it\/wp-content\/uploads\/2013\/10\/2545443-bayerarray_bk-1.jpg\"><img loading=\"lazy\" decoding=\"async\" class=\" wp-image-21771\" src=\"https:\/\/blog.francescophoto.it\/wp-content\/uploads\/2013\/10\/2545443-bayerarray_bk-1.jpg?w=474\" alt=\"Sensore &quot;Bayer&quot;\" width=\"246\" height=\"246\" \/><\/a><figcaption id=\"caption-attachment-21771\" class=\"wp-caption-text\">Sensore &#8220;Bayer&#8221;<\/figcaption><\/figure>\n<figure id=\"attachment_30596\" aria-describedby=\"caption-attachment-30596\" style=\"width: 240px\" class=\"wp-caption alignnone\"><a href=\"https:\/\/blog.francescophoto.it\/wp-content\/uploads\/2015\/05\/xtransfilter.jpg\"><img loading=\"lazy\" decoding=\"async\" class=\"wp-image-30596 size-full\" src=\"https:\/\/blog.francescophoto.it\/wp-content\/uploads\/2015\/05\/xtransfilter.jpg\" alt=\"xtransfilter\" width=\"240\" height=\"240\" \/><\/a><figcaption id=\"caption-attachment-30596\" class=\"wp-caption-text\">Sensore X-Trans<\/figcaption><\/figure>\n<p>La nuova matrice (CFA \u2013 Color Filter Array) non necessita di un filtro ottico passa-basso. Questo filtro infatti \u00e8 indispensabile per la riduzione del moir\u00e9 e dei falsi colori generati dai sensori convenzionali ma, nel contempo, degrada anche la risoluzione. Fuji ha sviluppato una nuova matrice CFA che si ispira alla casuale disposizione della grana nella pellicola, eliminando la necessit\u00e0 di un filtro ottico passa-basso per risolvere i problemi del moir\u00e9 e dei falsi colori. Nella matrice i pixel RGB sono disposti in gruppi di pixel 6\u00d76 con alta aperiodicit\u00e0 (casualit\u00e0). Aumentare il grado di casualit\u00e0 elimina la causa fondamentale del moir\u00e9 e dei falsi colori, un problema che si verifica nelle matrici convenzionali durante le riprese di elementi a righe e altri pattern ripetuti. La presenza di un pixel R, G e B in ogni serie di pixel orizzontali e verticali riduce al minimo la generazione di falsi colori e garantisce la superiore riproduzione dei colori stessi.<br \/>\nL\u2019utilizzo di una matrice ispirata alla pellicola ha reso necessario un processore pi\u00f9 potente per elaborare i dati dell\u2019immagine; per questo Fuji ha creato EXR Processor Pro. Questo processore consente di ottimizzare le potenzialit\u00e0 del sensore X-Trans CMOS fornendo elevata velocit\u00e0 e alta precisione di elaborazione delle immagini.<\/p>\n<p>Le caratteristiche principali della XQ2 sono:<\/p>\n<p>&#8211; sensore da 2\/3&#8243; X-Trans II CMOS con 12 Mpx<br \/>\n&#8211; obiettivo zoom 4x Fujinon da 6,4-25,6 mm, equivalente ad un 25-100 mm, f\/1,8-4,9<br \/>\n&#8211; elaboratore d&#8217;immagine EXR Processor II<br \/>\n&#8211; stabilizzatore ottico d\u2019immagine<br \/>\n&#8211; velocit\u00e0 di raffica fino a 12 fg\/s<br \/>\n&#8211; schermo da 3&#8243; con 920.000 pixel<br \/>\n&#8211; sensibilit\u00e0 da 100 a 3200 Iso pi\u00f9 estensione fino a 12.800 solo in formato jpeg<br \/>\n&#8211; possibilit\u00e0 di salvare le foto in raw<br \/>\n&#8211; modalit\u00e0 di funzionamento P programmata, A a priorit\u00e0 di diaframma, S a priorit\u00e0 dei tempi e M manuale<br \/>\n&#8211; ripresa video Full HD a 1920\u00d71080 pixel 60\/50p, 30\/25p e 24p, oltre a risoluzioni inferiori con audio stereo<br \/>\n&#8211; funzioni di simulazione della pellicola<br \/>\n&#8211; messa a fuoco macro fino a 3 cm<br \/>\n&#8211; batteria agli ioni di litio con un\u2019autonomia di 240 scatti per carica<br \/>\n&#8211; funzione Motion Panorama per riprese panoramiche fino a 360\u00b0<br \/>\n&#8211; usa schede SD\/SDHC\/SDXC<br \/>\n&#8211; uscita HDMI<br \/>\n&#8211; dimensioni 100x59x33 mm<br \/>\n&#8211; peso 206 grammi con batteria e scheda<\/p>\n<p>Il prezzo di mercato \u00e8 attualmente sui 340 \u20ac.<\/p>\n<p>__________________________________________________________________________<\/p>\n<p><a href=\"https:\/\/blog.francescophoto.it\/wp-content\/uploads\/2015\/11\/dsc05450c.jpg\" rel=\"attachment wp-att-33220\"><img loading=\"lazy\" decoding=\"async\" class=\"alignnone size-medium wp-image-33220\" src=\"https:\/\/blog.francescophoto.it\/wp-content\/uploads\/2015\/11\/dsc05450c.jpg?w=474\" alt=\"DSC05450c\" width=\"474\" height=\"356\" \/><\/a><\/p>\n<p><a href=\"https:\/\/blog.francescophoto.it\/wp-content\/uploads\/2015\/11\/dsc05419c.jpg\" rel=\"attachment wp-att-33193\"><img loading=\"lazy\" decoding=\"async\" class=\"alignnone size-medium wp-image-33193\" src=\"https:\/\/blog.francescophoto.it\/wp-content\/uploads\/2015\/11\/dsc05419c.jpg?w=474\" alt=\"DSC05419c\" width=\"474\" height=\"356\" \/><\/a><\/p>\n<p>_________________________________________________________<\/p>\n<p><a href=\"http:\/\/wp.me\/PllAx-8Db\">Descrizione &amp; uso<\/a><br \/>\n<a href=\"http:\/\/wp.me\/PllAx-8E1\">Prestazioni<\/a><br \/>\n<a href=\"http:\/\/wp.me\/PllAx-8vB\">Galleria<\/a><br \/>\n<a href=\"http:\/\/wp.me\/PllAx-8EI\">Conclusioni<\/a><br \/>\n_________________________________________________________<br \/>\n<a href=\"http:\/\/wp.me\/PllAx-8Db\">Successiva<\/a>\u00a0\u00a0 ==&gt;<\/p>\n","protected":false},"excerpt":{"rendered":"<p>La Fujifilm XQ2 \u00e8 una compatta appartenente alla classe \u201cpremium\u201d, quella siglata X, delle fotocamere Fuji, accanto alla X-30, X-100T, X-T1, X Pro-1, X-T10 e altre. Sono macchine progettate e costruite con un elevato standard per ottnere le migliori prestazioni nelle rispettive classi. La XQ2 monta un sensore X-Trans II CMOS da 12 Mpx con &hellip; <a href=\"https:\/\/francescophoto.it\/blog\/2015\/12\/07\/fujifilm-xq2-test\/\" class=\"more-link\">Continua la lettura di <span class=\"screen-reader-text\">Fujifilm XQ2: test<\/span> <span class=\"meta-nav\">&rarr;<\/span><\/a><\/p>\n","protected":false},"author":1,"featured_media":33193,"comment_status":"open","ping_status":"open","sticky":false,"template":"","format":"standard","meta":{"_jetpack_memberships_contains_paid_content":false,"footnotes":""},"categories":[48,8,37],"tags":[579,581,1378],"class_list":["post-32827","post","type-post","status-publish","format-standard","has-post-thumbnail","hentry","category-48","category-compatte","category-test-fotocamere","tag-fuji","tag-fujifilm","tag-xq2"],"jetpack_featured_media_url":"","jetpack_sharing_enabled":true,"_links":{"self":[{"href":"https:\/\/francescophoto.it\/blog\/wp-json\/wp\/v2\/posts\/32827","targetHints":{"allow":["GET"]}}],"collection":[{"href":"https:\/\/francescophoto.it\/blog\/wp-json\/wp\/v2\/posts"}],"about":[{"href":"https:\/\/francescophoto.it\/blog\/wp-json\/wp\/v2\/types\/post"}],"author":[{"embeddable":true,"href":"https:\/\/francescophoto.it\/blog\/wp-json\/wp\/v2\/users\/1"}],"replies":[{"embeddable":true,"href":"https:\/\/francescophoto.it\/blog\/wp-json\/wp\/v2\/comments?post=32827"}],"version-history":[{"count":0,"href":"https:\/\/francescophoto.it\/blog\/wp-json\/wp\/v2\/posts\/32827\/revisions"}],"wp:featuredmedia":[{"embeddable":true,"href":"https:\/\/francescophoto.it\/blog\/wp-json\/"}],"wp:attachment":[{"href":"https:\/\/francescophoto.it\/blog\/wp-json\/wp\/v2\/media?parent=32827"}],"wp:term":[{"taxonomy":"category","embeddable":true,"href":"https:\/\/francescophoto.it\/blog\/wp-json\/wp\/v2\/categories?post=32827"},{"taxonomy":"post_tag","embeddable":true,"href":"https:\/\/francescophoto.it\/blog\/wp-json\/wp\/v2\/tags?post=32827"}],"curies":[{"name":"wp","href":"https:\/\/api.w.org\/{rel}","templated":true}]}}