{"id":32699,"date":"2015-11-12T23:57:20","date_gmt":"2015-11-12T22:57:20","guid":{"rendered":"http:\/\/blog.francescophoto.it\/?p=32699"},"modified":"2015-11-12T23:57:20","modified_gmt":"2015-11-12T22:57:20","slug":"sony-a68","status":"publish","type":"post","link":"https:\/\/francescophoto.it\/blog\/2015\/11\/12\/sony-a68\/","title":{"rendered":"Sony A68"},"content":{"rendered":"<p><a href=\"https:\/\/blog.francescophoto.it\/wp-content\/uploads\/2015\/11\/a68_wsal1855-2_image-large-s.jpg\"><img loading=\"lazy\" decoding=\"async\" class=\"alignright size-thumbnail wp-image-32707\" src=\"https:\/\/blog.francescophoto.it\/wp-content\/uploads\/2015\/11\/a68_wsal1855-2_image-large-s.jpg?w=128\" alt=\"a68_wSAL1855-2_image-Large-s\" width=\"128\" height=\"96\" \/><\/a>Sony ha presentato qualche giorno fa una nuova reflex della linea SLT, la A68. Queste reflex sono caratterizzate dall&#8217;uso di uno specchio semiriflettente fisso, invece di quello mobile, che manda una parte della luce al sistema autofocus a rilevamento di fase, e da un mirino elettronico. La novit\u00e0 principale \u00e8 il nuovo autofocus 4D Focus che controlla la messa a fuoco nelle 3 dimensioni e anche nel tempo perch\u00e8 \u00e8 in grado di prevedere gli spostamenti dei soggetti anche in movimento veloce. Il sensore APS (23.5&#215;15,6 Mpx) ha 24 Mpx e coadiuvato dall&#8217;elaboratore d&#8217;immagine Bionz X consente una sensibilit\u00e0 varia da 100 a 25600 Iso. La A68 \u00e8 dotata di stabilizzazione sul sensore che funziona quindi con tutti gli obiettivi. Il mirino \u00e8 OLED e lo schermo orientabile in alto e in basso. L&#8217;innesto obiettivi \u00e8 il Sony Alpha compatibile con gli obiettivi Minolta La ripresa video \u00e8 Full HD con audio stereo.<!--more--><br \/>\nLa presentazione della A68 conferma che Sony non ha intenzione di abbandonare la linea delle reflex SLT a specchio semitrasparente che consentono di usare il sistema di messa a fuoco a rilevamento di fase, per foto e video, senza necessit\u00e0 di avere appositi pixel\u00a0 sdoppiati sul sensore. Questo siatema con innesto Alpha, compatibile con gli obiettivi Minolta, dispone di un parco ottiche ampio e con diversi obiettivi Zeiss di alta qualit\u00e0. Inoltre sono disponibili moltissimi obiettivi di fornitori terzi quali Sigma, Tamron e altri.<\/p>\n<p>La A68 sar\u00e0 disponibile da marzo 2016. Il prezzo non \u00e8 stato ancora comunicato.<\/p>\n<p>Riporto il comunicato stampa Sony.<\/p>\n<p>_________________________________________________________________<\/p>\n<table border=\"0\" cellspacing=\"0\" cellpadding=\"0\">\n<tbody>\n<tr>\n<td class=\"spacing\"><\/td>\n<td class=\"content\">\n<div class=\"content-holder\">\n<p>Problems reading this email? <a href=\"http:\/\/network.mynewsdesk.com\/wf\/click?upn=Iig2tfGU4TiopOOigCADbXK0uuhoBPryDH-2FtYHmkyf-2B5EEmJe3G3n1AoH5VBqBd8LJvcg4vI4QsZWCs8-2FfthPS5TLleyCz0dHcbpHxyjZksrWfZnQ7LW51-2Fmmx03JyaywPjfZkxjvVrob99116XvgEdE01Z6HYMJNRsq7MV1cKEw-2FJy5yN3WVvV-2B3JmLCEwae2Kg-2F8e14IaNqWahTjaUAU-2FBlpk73HbMG7THlxxYK2eRvIIdowtjmgTLXCwFBSqT3IsLspghfmES4UgGdLUUWA-3D-3D_DruDjhchMBr5xQkz3h1qcB8NXVtG-2BkAgOvzIQZ1gNC5LWUmxSdBm5BfG06aqle-2B3Tk3h5v1eVM0BRcU-2BKy8tJ7xsyFY0Ai8DI0ISkSgO-2F0t7-2FR7bfg0cAtlzUbdUIi1xhamMc-2BSDzQjVsCXRlDQGUkK2qDGSVTRIyKhj7s1QuqFsWChIzMm0ZXRPz0nFdOCmw6W8mbvtWHTAWwEti05O2E6Adjm51Sidc1KI8LKD1tlVQkUWaDeVzPs5zo24VZRt6O62z4J9Ne5cvXdZKZ5yM4lUOPsfy2yjK51n9PPVLDXSb4NphoEXMjuZopraru-2Btdx-2BTt8VdYSEeGlJKCej8JKDBA40CrkUjl4LaBlbMZmXBCsTCk-2B1DeH97ObJOMRj5e4Xpn6k-2B4ZKjNimCmYUD6CDqwpGy8uf7PZ-2B4yPPLGyo-3D\">View in a web browser<\/a>.<\/p>\n<table border=\"0\" width=\"100%\" cellspacing=\"0\" cellpadding=\"0\">\n<tbody>\n<tr>\n<td>\n<table class=\"full-width\" border=\"0\" cellspacing=\"0\" cellpadding=\"0\">\n<tbody>\n<tr>\n<td align=\"left\" valign=\"bottom\">\n<h1>Sony<\/h1>\n<\/td>\n<td class=\"pressroom-logo\" align=\"right\" valign=\"top\"><img decoding=\"async\" class=\"image-border\" src=\"http:\/\/d20tdhwx2i89n1.cloudfront.net\/image\/upload\/t_logotype_small_v2\/vjj92mnedesinvvtidph.png\" alt=\"Sony logotype\" \/><\/td>\n<\/tr>\n<\/tbody>\n<\/table>\n<\/td>\n<\/tr>\n<tr>\n<td class=\"divider\" colspan=\"1\"><\/td>\n<\/tr>\n<tr>\n<td>\n<h2><a href=\"http:\/\/network.mynewsdesk.com\/wf\/click?upn=Iig2tfGU4TiopOOigCADbXK0uuhoBPryDH-2FtYHmkyf-2B5EEmJe3G3n1AoH5VBqBd8LJvcg4vI4QsZWCs8-2FfthPS5TLleyCz0dHcbpHxyjZksrWfZnQ7LW51-2Fmmx03JyaywPjfZkxjvVrob99116XvgEdE01Z6HYMJNRsq7MV1cKEw-2FJy5yN3WVvV-2B3JmLCEwae2Kg-2F8e14IaNqWahTjaUAU-2FBlpk73HbMG7THlxxYK2eRvIIdowtjmgTLXCwFBSqT3IsLspghfmES4UgGdLUUWA-3D-3D_DruDjhchMBr5xQkz3h1qcB8NXVtG-2BkAgOvzIQZ1gNC5LWUmxSdBm5BfG06aqle-2B3Tk3h5v1eVM0BRcU-2BKy8tJ7xsyFY0Ai8DI0ISkSgO-2F0t7-2FR7bfg0cAtlzUbdUIi1xhamMc-2BSDzQjVsCXRlDQGUkK2qDGSVTRIyKhj7s1QuqFsWChIzMm0ZXRPz0nFdOCmw6W8mbvtWHTAWwEti05O2GLSQh-2FNNwrlhjD4wYrkwDCjMzpQpFU7hHfbj3iuFrkFLALshodJJsHLOd-2F3zKkjV0dmeORy1nUuW8VHCXJ4jY0ILw7PGgOrZqbFNuzgtx73lv-2BYTKED-2B0S-2FeO3QFOJj-2BB1l5ygNiZaeYt9prRKaI0Inj5KYRDCkiHoyrFTOxAcvYUbFY9BwNqqeCsAyhHfOnVpNl-2FVqjodCm2yIvwZBQ-2Bc-3D\" target=\"_blank\" rel=\"noopener\"> Fotografia di precisione: Sony presenta la fotocamera \u03b168 ad attacco A con 4D FOCUS<\/a><\/h2>\n<h6>Sony &#8211; nov 05, 2015 10:45 CET<\/h6>\n<p><img decoding=\"async\" src=\"http:\/\/d20tdhwx2i89n1.cloudfront.net\/image\/upload\/t_next_gen_article_scale_600\/in3phf2bs7qbwgjlsrtz.jpg\" alt=\"\" border=\"0\" \/><\/p>\n<p><strong><em>Caratteristiche e prestazioni superbe anche per i per fotografi amatoriali pi\u00f9 esigenti<\/em><\/strong><\/p>\n<ul>\n<li><strong>4D FOCUS per un AF a inseguimento veloce e preciso, con il pi\u00f9 alto<a>[i]<\/a><\/strong><strong> numero di punti AF al mondo: ben 79<\/strong><\/li>\n<li><strong>La tecnologia Translucent offre un tracking costante, fino a 8 fps<a>[ii]<\/a><\/strong> <strong>per gli scatti continui<\/strong><\/li>\n<li><strong>Il sensore d\u2019immagine CMOS Exmor\u2122 APS-C da 24 MP<a>[iii]<\/a><\/strong><strong> garantisce un range di sensibilit\u00e0 ISO da 100 a 25600<a>[iv]<\/a> <\/strong><\/li>\n<li><strong>Il processore d\u2019immagine BIONZ X\u2122 permette di catturare immagini di elevata qualit\u00e0<\/strong><\/li>\n<li><strong>Mirino OLED per la massima precisione, schermo LCD orientabile, display superiore retroilluminato e comandi personalizzabili<\/strong><\/li>\n<li><strong>Stabilizzatore interno (SteadyShot\u2122 INSIDE) adatto a tutti i 34 obiettivi ad attacco A<\/strong><\/li>\n<li><strong>Video Full HD con 50 Mbps di bit rate in formato XAVC S<\/strong><strong><a>[v]<\/a><\/strong><\/li>\n<\/ul>\n<p>La nuova fotocamera Sony <a href=\"http:\/\/network.mynewsdesk.com\/wf\/click?upn=ftMBlkfq0TFYXmTDc0oSh6XxlJotczMX7n2OwepoxRaxj-2FWzPeuba-2BawwAaa66PdGAhCFgX0E9PnLN1JobQFK-2FJdqjWDH9iATUaPA3V3O7QGmrKrjh0WHLgzy0jAZsKF_DruDjhchMBr5xQkz3h1qcB8NXVtG-2BkAgOvzIQZ1gNC5LWUmxSdBm5BfG06aqle-2B3Tk3h5v1eVM0BRcU-2BKy8tJ7xsyFY0Ai8DI0ISkSgO-2F0t7-2FR7bfg0cAtlzUbdUIi1xhamMc-2BSDzQjVsCXRlDQGUkK2qDGSVTRIyKhj7s1QuqFsWChIzMm0ZXRPz0nFdOCmw6W8mbvtWHTAWwEti05O2JLP01GSShNYIleLgA77-2BMdZkiz3mJszQEKee87pADDotRkedYwKe8vT9OMtSnN003UFRueM-2B7PQ-2FJQuZl3O-2F8YKkWXAAPX3bfig4vCV1jkWyewSAdPU8J5s7eyRh8xBKDrpdatwEFKb-2FECOFeH8TJFuFMka1jOMYiCH59jccX2-2FeWCBs0t9Cp7t12Oox3J1LTMZ7ynCrC4bH-2Ffd5-2BO6WdU-3D\">\u03b168 (ILCA-68)<\/a> consente a tutti gli appassionati di fotografia di scoprire nuove opportunit\u00e0 creative sfruttando la preziosa collezione di obiettivi ad attacco A.<\/p>\n<p>Ereditando molte delle funzioni professionali dell\u2019acclamata <a href=\"http:\/\/network.mynewsdesk.com\/wf\/click?upn=ftMBlkfq0TFYXmTDc0oSh6XxlJotczMX7n2OwepoxRaxj-2FWzPeuba-2BawwAaa66PdGAhCFgX0E9PnLN1JobQFK-2BLxGf-2BqexgI4byTtdGHhLemmKjVLvh-2FkbAreaS1VH9Q_DruDjhchMBr5xQkz3h1qcB8NXVtG-2BkAgOvzIQZ1gNC5LWUmxSdBm5BfG06aqle-2B3Tk3h5v1eVM0BRcU-2BKy8tJ7xsyFY0Ai8DI0ISkSgO-2F0t7-2FR7bfg0cAtlzUbdUIi1xhamMc-2BSDzQjVsCXRlDQGUkK2qDGSVTRIyKhj7s1QuqFsWChIzMm0ZXRPz0nFdOCmw6W8mbvtWHTAWwEti05O2MQGfU8cihlN4I08-2BcfEXFwk1w0PBrEfCgNyiOBwp6OJuu21QmKTFV-2BqJ6-2FxDvSxqeNKck6-2FoLAsrnGZCKpIlR00DAMwmPPxjuo1B3-2FUB4-2FVzyIA-2BCMuS4QYotemo4m8-2Bw8578mmIP1mtpx-2BfCwx1wDVpB8mXQeNaSB3gW5OwdlOtX8gLImGTBvvs9UZaQHyy5OoIon2D2rHpjBgCyD-2BTac-3D\">\u03b177 II<\/a>, il modello \u03b168 vanta l\u2019esclusivo sistema <a href=\"http:\/\/network.mynewsdesk.com\/wf\/click?upn=ftMBlkfq0TFYXmTDc0oSh7bx-2BZ7MF4ObdmXWy6KrhbJjOgBxmQ1KkIC2LZR9fggs5Tm19Rgqw6swcDCkceYGCDDtxiCAxF9UPeaN-2B8CQxoQ-3D_DruDjhchMBr5xQkz3h1qcB8NXVtG-2BkAgOvzIQZ1gNC5LWUmxSdBm5BfG06aqle-2B3Tk3h5v1eVM0BRcU-2BKy8tJ7xsyFY0Ai8DI0ISkSgO-2F0t7-2FR7bfg0cAtlzUbdUIi1xhamMc-2BSDzQjVsCXRlDQGUkK2qDGSVTRIyKhj7s1QuqFsWChIzMm0ZXRPz0nFdOCmw6W8mbvtWHTAWwEti05O2A3vxI-2B-2FVSBmePINIBbfBH2yD1xiQD3vH-2F04cyrJ0g2l0Dx-2BqWl14CtSqqXz6bcM3pgo171CLfZCWQLG1mvbQORhAABZPaowylUssVUzEZRmn2BzHDkAS4mPNtKZO0nqiF0TgsZU8vpoaxhAnYVN609WhJnGtYT0VvXFsgZjksp7lk7fZ-2FBxPpIJ2N97okhhsvIGy2n0TSB0y5kD8xZm510-3D\">4D FOCUS<\/a> di Sony, che offre un\u2019eccellente messa a fuoco automatica in qualsiasi condizione di scatto e con una luminosit\u00e0 fino a -2 EV, proibitiva per altre fotocamere.<\/p>\n<p>Il rilevamento di fase si avvale di ben 79 punti di AF, compresi 15 punti a croce, e di un punto F2.8, posto al centro del sensore AF, per le scene scarsamente illuminate. A tutto ci\u00f2 si aggiunge un autofocus veloce, con un\u2019ampia area di copertura e inseguimento predittivo per bloccare la messa a fuoco su soggetti in rapido movimento. E, grazie all\u2019esclusiva tecnologia Translucent di Sony, il modello \u03b168 assicura un tracking AF costante, fino a 8 fps<sup>ii<\/sup> per gli scatti continui.<\/p>\n<p>La qualit\u00e0 delle immagini, che siano fotografie o filmati, \u00e8 sempre garantita dal sensore d\u2019immagine CMOS Exmor APS-C da 24 MP<a>iii<\/a>, il cui range di sensibilit\u00e0 ISO va da 100 a 25600<a>iv<\/a>. Al sensore si affianca il processore d\u2019immagine BIONZ X ad alta velocit\u00e0, dotato di tecnologie per la riproduzione dei dettagli e la riduzione della diffrazione, nonch\u00e9 della funzione di riduzione del rumore per aree specifiche, sinonimo di scatti estremamente nitidi e definiti.<\/p>\n<p>I video Full HD utilizzano l\u2019efficiente formato XAVC S<sup>v<\/sup> per registrazioni all\u2019incredibile bit rate di 50 Mbps, con livelli di dettaglio straordinari e disturbi minimi. L\u2019autofocus continuo \u00e8 garantito dalla tecnologia Translucent, che insegue i soggetti in movimento per regalare riprese vivide e di qualit\u00e0 professionale, in qualunque formato di registrazione.<\/p>\n<p>Con una vasta e potente gamma di funzionalit\u00e0 creative tutte da esplorare, la fotocamera \u03b168 ha molto da offrire sia ai cultori della fotografia pi\u00f9 abili ed esperti, sia ai neofiti delle fotocamere a ottica intercambiabili.<\/p>\n<p>Scattare foto e girare video \u00e8 un autentico piacere con il mirino OLED, nitido e luminoso. La copertura totale dell\u2019inquadratura consente di vedere esattamente ci\u00f2 che si sta riprendendo, con contrasti elevati e una riproduzione cromatica fedele, per una padronanza assoluta anche della messa a fuoco manuale.<\/p>\n<p>Complemento perfetto del mirino, il display LCD da 2,7&#8243; ruota fino a 135 gradi verso l\u2019alto e 55 verso il basso, agevolando l\u2019inquadratura dalle pi\u00f9 svariate angolazioni. I veri appassionati di fotografia apprezzeranno anche la retroilluminazione del display superiore, che permette di confermare rapidamente le impostazioni della fotocamera, con o senza cavalletto.<\/p>\n<p>Come per l\u2019acclamatissima serie \u03b17, sul lato posteriore della nuova \u03b168 \u00e8 presente una ghiera di comando, che consente di regolare le impostazioni con semplici gesti delle dita. \u00c8 inoltre possibile personalizzare 10 pulsanti<a>[vi]<\/a> per avere accesso immediato alle funzioni usate pi\u00f9 frequentemente. La ghiera anteriore \u00e8 pensata per modificare rapidamente i parametri principali, mentre la robusta impugnatura serve a mantenere l\u2019apparecchio in perfetto equilibrio, anche quando si usano pesanti ottiche a focale fissa o teleobiettivi.<\/p>\n<p>Lo stabilizzatore interno SteadyShot INSIDE riduce gli effetti delle vibrazioni, per scatti a mano libera senza sfocature a qualsiasi lunghezza focale e con tutte le ottiche compatibili.<\/p>\n<p>Infine, la slitta multi-interfaccia e il terminale multiplo ampliano ulteriormente le opzioni creative con un vasto assortimento di accessori, compresi flash, luci, microfoni e telecomandi.<\/p>\n<p>La fotocamera \u03b168 con obiettivi intercambiabili a innesto A di Sony sar\u00e0 disponibile a partire da marzo 2016.<\/p>\n<p>***<\/p>\n<p><strong>\u03b168 (ILCA-68) \u2013 Specifiche tecniche<\/strong><\/p>\n<table>\n<tbody>\n<tr>\n<td><strong>Attacco obiettivo<\/strong><\/td>\n<td>Attacco A<\/td>\n<\/tr>\n<tr>\n<td><strong>Sensore d\u2019immagine<\/strong><\/td>\n<td>Sensore d\u2019immagine CMOS Exmor APS-C (23,5 x 15,6 mm)<\/td>\n<\/tr>\n<tr>\n<td><strong>Numero di pixel (effettivi)<\/strong><\/td>\n<td>24 megapixel ca.<\/td>\n<\/tr>\n<tr>\n<td><strong>Formato di registrazione<\/strong><\/td>\n<td><strong>Foto <\/strong><\/td>\n<td>JPEG (compatibile con DCF Ver. 2.0, Exif Ver. 2.3, MPF Baseline),<br \/>\nRAW (formato Sony ARW 2.3)<\/td>\n<\/tr>\n<tr>\n<td><strong>Filmati<\/strong><\/td>\n<td>Compatibile con i formati XAVC S\/AVCHD Ver.2.0\/MP4<\/td>\n<\/tr>\n<tr>\n<td><strong>Supporti<\/strong><\/td>\n<td>Memory Stick PRO Duo, Memory Stick PRO-HG Duo, Memory Stick Micro (M2), scheda di memoria SD, scheda di memoria SDHC (compatibile UHS-I), scheda di memoria SDXC (compatibile UHS-I), scheda di memoria microSD, scheda di memoria microSDHC, scheda di memoria microSDXC<\/td>\n<\/tr>\n<tr>\n<td><strong>Sistema di messa a fuoco<\/strong><\/td>\n<td><strong>Tipo<\/strong><\/td>\n<td>AF a rilevamento di fase<\/td>\n<\/tr>\n<tr>\n<td><strong>Punti di messa a fuoco<\/strong><\/td>\n<td>79 punti (di cui 15 a croce), punto F2.8 al centro del sensore AF<\/td>\n<\/tr>\n<tr>\n<td><strong>Range sensibilit\u00e0<\/strong><\/td>\n<td>EV da -2 a 18 (equivalente ISO 100)<\/td>\n<\/tr>\n<tr>\n<td><strong>Regolazione esposizione<\/strong><\/td>\n<td><strong>Tipo misurazione<\/strong><\/td>\n<td>Misurazione equivalente a 1200 segmenti<\/td>\n<\/tr>\n<tr>\n<td><strong>Range sensibilit\u00e0<\/strong><\/td>\n<td>Foto: ISO 100 \u2013 25600 (a incrementi di 1\/3 EV) Filmati: ISO 100 \u2013 12800 equivalente (a incrementi di 1\/3 EV)<\/td>\n<\/tr>\n<tr>\n<td><strong>Otturatore<\/strong><\/td>\n<td><strong>Velocit\u00e0 otturatore<\/strong><\/td>\n<td>Foto: 1\/4000 fino a 30 sec, posa prolungata, filmati: 1\/4000 fino a 1\/4 sec<\/td>\n<\/tr>\n<tr>\n<td><strong>Tendina anteriore elettronica<\/strong><\/td>\n<td>S\u00ec (On\/Off)<\/td>\n<\/tr>\n<tr>\n<td><strong>SteadyShot INSIDE (stabilizzatore d\u2019immagine)<\/strong><\/td>\n<td><strong>Tipo<\/strong><\/td>\n<td>Foto: meccanismo di movimento del sensore Filmati: elettronico<\/td>\n<\/tr>\n<tr>\n<td><strong>Azionamento<\/strong><\/td>\n<td><strong>Velocit\u00e0 di scatto continuo<\/strong><\/td>\n<td>Modalit\u00e0 Continuous Advance Priority AE: max. 8 fps, Scatto continuo alta veloc.: max. 5 fps, Scatto continuo bassa veloc.: max. 2,5 fps<\/td>\n<\/tr>\n<tr>\n<td><strong>Modalit\u00e0 video<\/strong><br \/>\n<strong>(risoluzione\/<\/strong><br \/>\n<strong>frame rate\/<\/strong><br \/>\n<strong>bit rate)<\/strong><\/td>\n<td><strong>XAVC S HD<\/strong><\/td>\n<td>1920 x 1080 50 Mbps (30p\/25p<a>[vii]<\/a>, 24p)<\/td>\n<\/tr>\n<tr>\n<td><strong>AVCHD<\/strong><\/td>\n<td>1920 x 1080 24 Mbps(FX), 17 Mbps(FH) (60i\/50i<sup>vii<\/sup>)<br \/>\n1920 x 1080 24 Mbps(FX), 17 Mbps(FH) (24p\/25p<sup>vii<\/sup>)<\/td>\n<\/tr>\n<tr>\n<td><strong>MP4<\/strong><\/td>\n<td>1440 x 108012 Mbps, VGA3 Mbps<\/td>\n<\/tr>\n<tr>\n<td><strong>Mirino<\/strong><\/td>\n<td><strong>Tipo<\/strong><\/td>\n<td>Mirino elettronico (OLED Tru-Finder)<\/td>\n<\/tr>\n<tr>\n<td><strong>Numero punti totale<\/strong><\/td>\n<td>1.440.000 punti<\/td>\n<\/tr>\n<tr>\n<td><strong>Copertura inquadratura<\/strong><\/td>\n<td>100%<\/td>\n<\/tr>\n<tr>\n<td><strong>Ingrandimento<\/strong><\/td>\n<td>Ca. 0,88x (equivalente a 35 mm: Circa 1,09x con obiettivo da 50 mm all&#8217;infinito, -1m<sup>-1<\/sup><\/td>\n<\/tr>\n<tr>\n<td><strong>Schermo LCD<\/strong><\/td>\n<td><strong>Tipo<\/strong><\/td>\n<td>LCD TFT da 2,7&#8243;<\/td>\n<\/tr>\n<tr>\n<td><strong>Numero punti totale<\/strong><\/td>\n<td>460.800 punti<\/td>\n<\/tr>\n<tr>\n<td><strong>Angolo di inclinazione<\/strong><\/td>\n<td>Verso l\u2019alto ca. 135 gradi, verso il basso ca. 55 gradi<\/td>\n<\/tr>\n<tr>\n<td><strong>Audio<\/strong><\/td>\n<td><strong>Microfono<\/strong><\/td>\n<td>Microfono stereo integrato<\/td>\n<\/tr>\n<tr>\n<td><strong>Altoparlante<\/strong><\/td>\n<td>Integrato, monoaurale<\/td>\n<\/tr>\n<tr>\n<td><strong>Interfaccia<\/strong><\/td>\n<td>Slitta multi-interfaccia, connettore micro HDMI (tipo D),<br \/>\nterminale microfono (mini jack stereo da 3,5 mm), terminale multi\/micro USB, ingresso in c.c.<\/td>\n<\/tr>\n<tr>\n<td><strong>Flash integrato<\/strong><\/td>\n<td>GN 12 (ISO 100, m, angolo flash 16 mm)<\/td>\n<\/tr>\n<tr>\n<td><strong>Batteria<\/strong><\/td>\n<td>Batteria ricaricabile NP-FM500H<\/td>\n<\/tr>\n<tr>\n<td><strong>Peso<\/strong><\/td>\n<td>Ca. 610 g (solo corpo macchina)\/Ca. 690 g (inclusi batteria e supporti)<\/td>\n<\/tr>\n<tr>\n<td><strong>Dimensioni<\/strong> <strong>(LxAxP, standard CIPA)<\/strong><\/td>\n<td>142,6 \u00d7 104,2 \u00d7 80,9 mm ca.<\/td>\n<\/tr>\n<tr>\n<td><strong>Temperatura di esercizio<\/strong><\/td>\n<td>0-40 \u00b0C<\/td>\n<\/tr>\n<\/tbody>\n<\/table>\n<p>Per ulteriori informazioni, contattare:<\/p>\n<p>Cristina Papis \u2013 e-mail: sony.pr@eu.sony.com<\/p>\n<p>Sony Europe Limited, Sede Secondaria Italiana \u2013 Via Rizzoli, 4 \u2013 20132 Milano \u2013 Tel: 02-618.38.1<\/p>\n<p><a>[i]<\/a> Tra le fotocamere digitali con obiettivo intercambiabile provviste di sensore AF a rilevamento di fase dedicato (al novembre 2015).<\/p>\n<p><a>[ii]<\/a> In modalit\u00e0 Tele-zoom Continuous Advance Priority AE<\/p>\n<p>iii Megapixel effettivi approssimativi<\/p>\n<p><a>[iv]<\/a> Foto: ISO 100 \u2013 25600, Filmati: ISO 100 \u2013 12800 equivalente<\/p>\n<p><a>[v]<\/a> La registrazione di video in formato XAVC S richiede una scheda di memoria SDHC\/SDXC di classe 10 o superiore<\/p>\n<p><a>[vi]<\/a> 10 pulsanti personalizzabili, di cui 2 pulsanti dedicati + 8 liberamente assegnabili<\/p>\n<p><a>[vii]<\/a> NTSC\/PAL<\/td>\n<\/tr>\n<\/tbody>\n<\/table>\n<\/div>\n<\/td>\n<\/tr>\n<\/tbody>\n<\/table>\n<p>_________________________________________________________________<\/p>\n<p><a href=\"https:\/\/blog.francescophoto.it\/wp-content\/uploads\/2015\/11\/a68_top_front_w_sal1855-large-s.jpg\"><img loading=\"lazy\" decoding=\"async\" class=\"alignnone size-medium wp-image-32705\" src=\"https:\/\/blog.francescophoto.it\/wp-content\/uploads\/2015\/11\/a68_top_front_w_sal1855-large-s.jpg?w=474\" alt=\"a68_top_front_w_SAL1855-Large-s\" width=\"474\" height=\"332\" \/><\/a><\/p>\n<p><a href=\"https:\/\/blog.francescophoto.it\/wp-content\/uploads\/2015\/11\/a68_front_w_sal1855-large-s.jpg\"><img loading=\"lazy\" decoding=\"async\" class=\"alignnone size-medium wp-image-32701\" src=\"https:\/\/blog.francescophoto.it\/wp-content\/uploads\/2015\/11\/a68_front_w_sal1855-large-s.jpg?w=474\" alt=\"a68_front_w_SAL1855-Large-s\" width=\"474\" height=\"332\" \/><\/a><\/p>\n<p><a href=\"https:\/\/blog.francescophoto.it\/wp-content\/uploads\/2015\/11\/a68_front-large-s.jpg\"><img loading=\"lazy\" decoding=\"async\" class=\"alignnone size-medium wp-image-32702\" src=\"https:\/\/blog.francescophoto.it\/wp-content\/uploads\/2015\/11\/a68_front-large-s.jpg?w=474\" alt=\"a68_front-Large-s\" width=\"474\" height=\"332\" \/><\/a><\/p>\n<p><a href=\"https:\/\/blog.francescophoto.it\/wp-content\/uploads\/2015\/11\/a68_rear-large-s.jpg\"><img loading=\"lazy\" decoding=\"async\" class=\"alignnone size-medium wp-image-32703\" src=\"https:\/\/blog.francescophoto.it\/wp-content\/uploads\/2015\/11\/a68_rear-large-s.jpg?w=474\" alt=\"a68_rear-Large-s\" width=\"474\" height=\"332\" \/><\/a><\/p>\n<p><a href=\"https:\/\/blog.francescophoto.it\/wp-content\/uploads\/2015\/11\/a68_tilt_low-large-s.jpg\"><img loading=\"lazy\" decoding=\"async\" class=\"alignnone size-medium wp-image-32704\" src=\"https:\/\/blog.francescophoto.it\/wp-content\/uploads\/2015\/11\/a68_tilt_low-large-s.jpg?w=474\" alt=\"a68_tilt_low-Large-s\" width=\"474\" height=\"332\" \/><\/a><\/p>\n<p><a href=\"https:\/\/blog.francescophoto.it\/wp-content\/uploads\/2015\/11\/a68_top-large-s.jpg\"><img loading=\"lazy\" decoding=\"async\" class=\"alignnone size-medium wp-image-32706\" src=\"https:\/\/blog.francescophoto.it\/wp-content\/uploads\/2015\/11\/a68_top-large-s.jpg?w=474\" alt=\"a68_top-Large-s\" width=\"474\" height=\"332\" \/><\/a><\/p>\n<p><a href=\"https:\/\/blog.francescophoto.it\/wp-content\/uploads\/2015\/11\/a68_wsal1855-2_image-large-s.jpg\"><img loading=\"lazy\" decoding=\"async\" class=\"alignnone size-medium wp-image-32707\" src=\"https:\/\/blog.francescophoto.it\/wp-content\/uploads\/2015\/11\/a68_wsal1855-2_image-large-s.jpg?w=474\" alt=\"a68_wSAL1855-2_image-Large-s\" width=\"474\" height=\"356\" \/><\/a><\/p>\n<p><a href=\"https:\/\/blog.francescophoto.it\/wp-content\/uploads\/2015\/11\/a68_wsal70200g_image-large-s.jpg\"><img loading=\"lazy\" decoding=\"async\" class=\"alignnone size-medium wp-image-32708\" src=\"https:\/\/blog.francescophoto.it\/wp-content\/uploads\/2015\/11\/a68_wsal70200g_image-large-s.jpg?w=474\" alt=\"a68_wSAL70200G_image-Large-s\" width=\"474\" height=\"356\" \/><\/a><\/p>\n<p>&nbsp;<\/p>\n<table style=\"height:25px;\" border=\"0\" width=\"471\" cellspacing=\"0\" cellpadding=\"0\">\n<tbody>\n<tr>\n<td class=\"spacing\"><\/td>\n<td class=\"content\"><\/td>\n<\/tr>\n<\/tbody>\n<\/table>\n","protected":false},"excerpt":{"rendered":"<p>Sony ha presentato qualche giorno fa una nuova reflex della linea SLT, la A68. Queste reflex sono caratterizzate dall&#8217;uso di uno specchio semiriflettente fisso, invece di quello mobile, che manda una parte della luce al sistema autofocus a rilevamento di fase, e da un mirino elettronico. La novit\u00e0 principale \u00e8 il nuovo autofocus 4D Focus &hellip; <a href=\"https:\/\/francescophoto.it\/blog\/2015\/11\/12\/sony-a68\/\" class=\"more-link\">Continua la lettura di <span class=\"screen-reader-text\">Sony A68<\/span> <span class=\"meta-nav\">&rarr;<\/span><\/a><\/p>\n","protected":false},"author":1,"featured_media":0,"comment_status":"open","ping_status":"open","sticky":false,"template":"","format":"standard","meta":{"_jetpack_memberships_contains_paid_content":false,"footnotes":""},"categories":[48,10,23],"tags":[213,256,1171],"class_list":["post-32699","post","type-post","status-publish","format-standard","hentry","category-48","category-dslr","category-novita","tag-a68","tag-aps","tag-sony"],"jetpack_featured_media_url":"","jetpack_sharing_enabled":true,"_links":{"self":[{"href":"https:\/\/francescophoto.it\/blog\/wp-json\/wp\/v2\/posts\/32699","targetHints":{"allow":["GET"]}}],"collection":[{"href":"https:\/\/francescophoto.it\/blog\/wp-json\/wp\/v2\/posts"}],"about":[{"href":"https:\/\/francescophoto.it\/blog\/wp-json\/wp\/v2\/types\/post"}],"author":[{"embeddable":true,"href":"https:\/\/francescophoto.it\/blog\/wp-json\/wp\/v2\/users\/1"}],"replies":[{"embeddable":true,"href":"https:\/\/francescophoto.it\/blog\/wp-json\/wp\/v2\/comments?post=32699"}],"version-history":[{"count":0,"href":"https:\/\/francescophoto.it\/blog\/wp-json\/wp\/v2\/posts\/32699\/revisions"}],"wp:attachment":[{"href":"https:\/\/francescophoto.it\/blog\/wp-json\/wp\/v2\/media?parent=32699"}],"wp:term":[{"taxonomy":"category","embeddable":true,"href":"https:\/\/francescophoto.it\/blog\/wp-json\/wp\/v2\/categories?post=32699"},{"taxonomy":"post_tag","embeddable":true,"href":"https:\/\/francescophoto.it\/blog\/wp-json\/wp\/v2\/tags?post=32699"}],"curies":[{"name":"wp","href":"https:\/\/api.w.org\/{rel}","templated":true}]}}