{"id":32430,"date":"2015-11-01T00:50:14","date_gmt":"2015-10-31T23:50:14","guid":{"rendered":"http:\/\/blog.francescophoto.it\/?p=32430"},"modified":"2015-11-01T00:50:14","modified_gmt":"2015-10-31T23:50:14","slug":"leica-sl-impressioni","status":"publish","type":"post","link":"https:\/\/francescophoto.it\/blog\/2015\/11\/01\/leica-sl-impressioni\/","title":{"rendered":"Leica SL: impressioni"},"content":{"rendered":"<p><a href=\"https:\/\/blog.francescophoto.it\/wp-content\/uploads\/2015\/10\/leicasl_leicavario-elmarit-sl24-90asph_front.jpg\"><img loading=\"lazy\" decoding=\"async\" class=\"alignright size-thumbnail wp-image-32169\" src=\"https:\/\/blog.francescophoto.it\/wp-content\/uploads\/2015\/10\/leicasl_leicavario-elmarit-sl24-90asph_front.jpg?w=126\" alt=\"Leica+SL_Leica+Vario-Elmarit-SL+24-90+ASPH_front\" width=\"126\" height=\"96\" \/><\/a>Nell&#8217;ambito dello ShowLeica in svolgimento a Roma oggi e domani domenica 1 novembre ho avuto modo di vedere e provare brevemente la nuova Leica SL. Oltre ad apprezzarne le caratteristiche costruttive ho effettuato anche qualche scatto con la collaborazione dei tecnici Leica e di una gentile modella.<br \/>\nSpero di poter effettuare quanto prima anche un test pi\u00f9 approfondito e completo<\/p>\n<p><span style=\"color:#ff0000;\">* Aggiornato<\/span><\/p>\n<p><!--more--><\/p>\n<p>La SL si presenta molto bene con una impeccabile finitura nera opaca e di gomma morbida sull&#8217;impugnatura.<\/p>\n<p><a href=\"https:\/\/blog.francescophoto.it\/wp-content\/uploads\/2015\/10\/img_6710.jpg\"><img loading=\"lazy\" decoding=\"async\" class=\"alignnone size-medium wp-image-32431\" src=\"https:\/\/blog.francescophoto.it\/wp-content\/uploads\/2015\/10\/img_6710.jpg?w=474\" alt=\"IMG_6710\" width=\"474\" height=\"316\" \/><\/a><\/p>\n<p>E&#8217; costruito in lega di alluminio e protetto da polvere ed acqua.<\/p>\n<p><a href=\"https:\/\/blog.francescophoto.it\/wp-content\/uploads\/2015\/10\/p10108931.jpg\"><img loading=\"lazy\" decoding=\"async\" class=\"alignnone size-medium wp-image-32441\" src=\"https:\/\/blog.francescophoto.it\/wp-content\/uploads\/2015\/10\/p10108931.jpg?w=474\" alt=\"P1010893\" width=\"474\" height=\"356\" \/><\/a><\/p>\n<p>La cosa che si nota subito \u00e8 che i comandi, tranne l&#8217;interruttore di accensione posto sulla sinistra del dorso, non presentano scritte o simboli di identificazione. Questa scelta, che potrebbe lasciare\u00a0 qualcuno perplesso, \u00e8 analoga a quella della medio formato S, ma non crea nessun problema nell&#8217;uso. Infatti sul dorso ai due lati dello schermo sono presenti 4 pulsanti che, se premuti brevemente evidenziano le varie\u00a0 aree dei menu destinate ad uno specifico compito, immagine, messa a fuoco, impostazioni e regolazioni. Nei menu si pu\u00f2 navidare con un comodo joistik posto sulla destra in alto.<\/p>\n<p><a href=\"https:\/\/blog.francescophoto.it\/wp-content\/uploads\/2015\/11\/p1010909.jpg\"><img loading=\"lazy\" decoding=\"async\" class=\"alignnone size-medium wp-image-32471\" src=\"https:\/\/blog.francescophoto.it\/wp-content\/uploads\/2015\/11\/p1010909.jpg?w=474\" alt=\"P1010909\" width=\"474\" height=\"356\" \/><\/a><\/p>\n<p>Se si premono i pulsanti a lungo invece compaiono direttamente le principali regolazioni direttamente personalizzabili, tramite ghiera o direttamente sullo schermo touch, come quella della sensibilit\u00e0 Iso o della messa a fuoco. Questa funzione \u00e8 personalizzabile in modo che ognuno pu\u00f2 scegliere quali regolazioni richiamare rapidamente. Dopo un minimo di apprendistato, necessario comunque per tutte le fotocamere, le regolazioni sono rapidissime.<\/p>\n<p><a href=\"https:\/\/blog.francescophoto.it\/wp-content\/uploads\/2015\/10\/img_6714.jpg\"><img loading=\"lazy\" decoding=\"async\" class=\"alignnone size-medium wp-image-32433\" src=\"https:\/\/blog.francescophoto.it\/wp-content\/uploads\/2015\/10\/img_6714.jpg?w=474\" alt=\"IMG_6714\" width=\"474\" height=\"316\" \/><\/a><br \/>\nLa fotocamera era dotata dello zoom Vario-Elmarit SL 24-90 mm f\/2,8-4,0. L&#8217;insieme \u00e8 abbastanza pesante e di dimensioni generose, se si pensa ad altre mirrorless fullframe. Se per\u00f2 si pone a onfronto la SL con le reflex fullframe amatoriali e professionali con cui si confronta dotate dei loro obiettivi 24-70\u00a0 f\/2,8 si vede che non \u00e8 cos\u00ec. Il corpo della SL ha dimensioni inferiori a quello di reflex come la Canon 5D III, la Nikon D750 o la Sony SLT A99, anhe se il peso considerando la qualit\u00e0 di costruzione \u00e8 simile.<\/p>\n<p><a href=\"https:\/\/blog.francescophoto.it\/wp-content\/uploads\/2015\/10\/leica_sl-canon_5d-iii_front.jpg\"><img loading=\"lazy\" decoding=\"async\" class=\"alignnone size-medium wp-image-32434\" src=\"https:\/\/blog.francescophoto.it\/wp-content\/uploads\/2015\/10\/leica_sl-canon_5d-iii_front.jpg?w=474\" alt=\"Leica_SL-Canon_5D III_front\" width=\"474\" height=\"221\" \/><\/a><\/p>\n<p><a href=\"https:\/\/blog.francescophoto.it\/wp-content\/uploads\/2015\/10\/leica_sl-canon_5d-iii_top-lenst.jpg\"><img loading=\"lazy\" decoding=\"async\" class=\"alignnone size-medium wp-image-32435\" src=\"https:\/\/blog.francescophoto.it\/wp-content\/uploads\/2015\/10\/leica_sl-canon_5d-iii_top-lenst.jpg?w=474\" alt=\"Leica_SL-Canon_5D III_top-lenst\" width=\"474\" height=\"304\" \/><\/a><\/p>\n<p>In confronto con le Canon 1DX e Nikon D4s con cui compete per la velocit\u00e0 di raffica, 11 fg\/s, \u00e8 molto pi\u00f9 piccola e leggera.<\/p>\n<p><a href=\"https:\/\/blog.francescophoto.it\/wp-content\/uploads\/2015\/10\/leica_sl-nikon_d4s_front.jpg\"><img loading=\"lazy\" decoding=\"async\" class=\"alignnone size-medium wp-image-32436\" src=\"https:\/\/blog.francescophoto.it\/wp-content\/uploads\/2015\/10\/leica_sl-nikon_d4s_front.jpg?w=474\" alt=\"Leica_SL-Nikon_D4s_front\" width=\"474\" height=\"270\" \/><\/a><\/p>\n<p><a href=\"https:\/\/blog.francescophoto.it\/wp-content\/uploads\/2015\/10\/leica_sl-nikon_d4s_top_lens.jpg\"><img loading=\"lazy\" decoding=\"async\" class=\"alignnone size-medium wp-image-32437\" src=\"https:\/\/blog.francescophoto.it\/wp-content\/uploads\/2015\/10\/leica_sl-nikon_d4s_top_lens.jpg?w=474\" alt=\"Leica_SL-Nikon_D4s_top_lens\" width=\"474\" height=\"367\" \/><\/a><\/p>\n<p>L&#8217;obiettivo 24-90 poi ha dimensioni e peso uguali o inferiori ai 24-70\/2,8 delle reflex fullframe con il vantaggio di una focale pi\u00f9 lunga di 20 mm, che fa una differenza sensibile per le foto di ritratto, anche se per questo la sua luminosit\u00e0 \u00e8 variabile. Inoltre \u00e8 dotato di stabilizzazione, cosa non sempre presente in altri obiettivi professionali di questa focale.<br \/>\nIn confronto con la Sont A7 II la SL ha un corpo un po&#8217; pi\u00f9 largo ed alto, ma di uguale spessore. Invece non si possono confrontare gli obiettivi in quanto lo Zeiss della Sony oltre ad avere un&#8217;escursione focale inferiore, 24-70 mm, ha anche una luminosit\u00e0 inferiore, f\/4,0.<\/p>\n<p><a href=\"https:\/\/blog.francescophoto.it\/wp-content\/uploads\/2015\/10\/leica_sl-sony-a7-ii_front.jpg\"><img loading=\"lazy\" decoding=\"async\" class=\"alignnone size-medium wp-image-32438\" src=\"https:\/\/blog.francescophoto.it\/wp-content\/uploads\/2015\/10\/leica_sl-sony-a7-ii_front.jpg?w=474\" alt=\"Leica_SL-Sony A7 II_front\" width=\"474\" height=\"202\" \/><\/a><\/p>\n<p><a href=\"https:\/\/blog.francescophoto.it\/wp-content\/uploads\/2015\/10\/leica_sl-sony-a7-ii_top_lens.jpg\"><img loading=\"lazy\" decoding=\"async\" class=\"alignnone size-medium wp-image-32439\" src=\"https:\/\/blog.francescophoto.it\/wp-content\/uploads\/2015\/10\/leica_sl-sony-a7-ii_top_lens.jpg?w=474\" alt=\"Leica_SL-Sony A7 II_top_lens\" width=\"474\" height=\"333\" \/><\/a><\/p>\n<p>Il sensore fullframe (36&#215;24 mm) ha 24 Mpx ed \u00e8 privo di filtro antialias.<br \/>\nIl mirino elettronico dotato di 4.400.000 punti, copertura del 100 % e ingrandimento 0,8x, mi ha fatto un&#8217;ottima impressione. E&#8217; veramente eccellente, nitido e luminoso e mostra un&#8217;immagine pi\u00f9 grande di quella delle migliori reflex. Inoltre come in tutti gli elettronici mostra in tempo reale l&#8217;effetto delle regolazioni di esposizione e di bilanciamento del bianco. E&#8217; isomma uno dei punti di forza della SL.<br \/>\nLo schermo da circa 3&#8243; \u00e8 abbastanza normale, non so quale sia la sua visibilit\u00e0 in esterni, ma ha il grande pregio di essere sensibile al tocco e consente di regolare direttamente alcuni parametri e di rivedere le foto come con uno smartphone.<br \/>\nL&#8217;autofocus \u00e8 a rilevamento di contrasto con 49 punti AF selezionabili automaticamente o manualmente. Leica dichiara che \u00e8 il pi\u00f9 veloce disponibile attualmente, ma non ho avuto altre informazioni sul suo funzionamento. Negli scatti effettuati si \u00e8 dimostrato veloce e preciso ed anche il riconoscimento dei volti ha funzionato molto bene. E&#8217; dotato di funzione di inseguimento (focus tracking) per i soggetti in movimento. Verificher\u00f2 la sua efficacia anche sui soggetti in movimento nel mio futuro test.<br \/>\nLa raffica si \u00e8 dimostrata molto veloce usando una sheda SD UHS II, mentre usando una normale classe 10 i tempi di scrittura sono un po&#8217; lunghi a causa delle grandi dimensioni dei file raw, in formato DNG, circa 42 Mb.<br \/>\nLa Sl riprende video 4K 4096&#215;2160 pixel a 24 fg\/s, 3840&#215;2160 pixel a 25 o 30 fg\/s e Full HD 1920&#215;1080 pixel o HD 1280&#215;720 pixel a 24,25,30, 50, 60, 100 e 120 fg\/s adatti anche per una ripresa al rallentatore. Il formato \u00e8 MP4 o MOV con un campionamento colore 4:2:2 per l&#8217;uscita HDMI e 4:2:0 sulla scheda SD.<br \/>\nDispone di connessione Wi-Fi 811\/b\/g\/n e di GPS integrato.<br \/>\nLa batteria agli ioni di litio \u00e8 sufficiente per 400 scatti, ma la sua durata dipende dall&#8217;uso e pu\u00f2 essere influenzata dalla connessione wi-fi e dall&#8217;uso del GPS.<\/p>\n<p>Attualmente per la SL sono disponibili tre nuovi obiettivi. Oltre al Vario-Elmar SL 24-90\/2,8-4,0 stabilizzato c&#8217;\u00e8 un APO Vario-Elmar SL 90-280 mm f\/2,8-4,0 stabilizzato e un Summilux 50 mm f\/1,4, che per\u00f2 al momento non era disponibile. Si possono poi montare sull&#8217;innesto gli obiettivi APS per Leica T con i quali per\u00f2 si ottiene una risoluzione di 10 Mpx (3096&#215;2624 pixel) a causa della loro minore copertura. Leica inoltre fornisce degli anelli adattatori per gli obiettivi M, per quelli S, per quelli R delle Leica R e per quelli Cine.<\/p>\n<p>In complesso la Leica Sl mi ha fatto un&#8217;ottima impressione, da verificare e approfondire durante un test.<\/p>\n<p>Indubbiamente non \u00e8 per\u00f2 una macchina per tutti visto il prezzo, 6.900 \u20ac il corpo e 4.300 \u20ac il 24-90, ma si pone certamente ai vertici delle fotocamere professionali con un approccio nuovo per Leica.<\/p>\n<p>Le principali caratteristiche della Leica SL sono:<\/p>\n<p>&#8211; sensore di formato fullframe CMOS con 24 Mpx senza filtro antialias<br \/>\n&#8211; elaboratore d\u2019immagine Maestro II<br \/>\n&#8211; innesto obiettivi Leica L, puo montare gli obiettivi Leica T mantenendo l&#8217;autofocus e Leica M, S e R con anello adattatore<br \/>\n&#8211; gamma di sensibilit\u00e0 Iso da 50 a 50000<br \/>\n&#8211; autofocus a rilevamento di contrasto con 49 punti AF<br \/>\n&#8211; schermo fisso da 2,95&#8243; con 1,04 Mpx<br \/>\n&#8211; mirino elettronico con 4,4 Mpx, copertura del 100 % e ingrandimento reale 0,8x<br \/>\n&#8211; otturatore con tempi da 60 secondi a 1\/8000, collaudato per 200.000 scatti<br \/>\n&#8211; esposizione P, A, S, e manuale<br \/>\n&#8211; modalit\u00e0 di misurazione esposizione multizona, pesata al centro e spot<br \/>\n&#8211; tempo di sincronizzazione flash 1\/250<br \/>\n&#8211; velocit\u00e0 di raffica fino a 11 fg\/s<br \/>\n&#8211; formato raw DNG<br \/>\n&#8211; ripresa video 4K 4096&#215;2160 pixel a 24 fg\/s, 3840&#215;2160 pixel a 25 o 30 fg\/s e Full HD 1920&#215;1080 pixel o HD 1280&#215;720 pixel a 24,25,30, 50, 60, 100 e 120 fg\/s con formato MP4 o MOV e campionamento colore 4:2:2 per l&#8217;uscita HDMI e 4:2:0 sulla scheda SD<br \/>\n&#8211; connessioni USB, HDMI e WiFi<br \/>\n&#8211; doppio alloggiamento per schede di memoria SD; il primo supporta schede UHS II<br \/>\n&#8211; rilevatore GPS integrato<br \/>\n&#8211; batteria agli ioni di litio per 400 scatti<br \/>\n&#8211; dimensioni 147x104x39 mm<br \/>\n&#8211; peso 847 grammi<\/p>\n<p>Pubblico alcuni scatti fatti allo ShowLeica. Le foto DNG sono state convertite con Lightroom.<\/p>\n\n<p>Ho effettuato anche una serie di scatti a partire dalla sensibilit\u00e0 di 400 Iso per verificare il rumore della fotocamera alle alte sensibilit\u00e0. Anche in questo caso le foto DNG sono state convertite con Lightroom.<\/p>\n\n<p>Il rumore si incomincia a vedere finissimo a 3200 Iso, ma anche a 6400 \u00e8 appena visibile e non da fastidio. Da 12500 Iso incomincia ad essere un po&#8217; invadente anche se a questa sensibilit\u00e0 le foto con un&#8217;opportuna riduzione di rumore sono ancora usabili. Alle sensibilit\u00e0 superiori invece il rumore \u00e8 elevato e difficilmente eliminabile e si ha anche l&#8217;insorgere di leggere dominanti. Tutto sommato una prestazione molto buona, anche in questo caso da verificare con la mia scena tipo di prova.<\/p>\n<p>Il giorno successivo sono riuscito anche ad effettuare una breve prova dell&#8217;autofocus e della raffica su soggetti in movimento, riprendendo le auto che percorrevano un viale vicino al circolo fotografico dove era situato lo show, a una velocit\u00e0 non superiore ai 50 kmh (spero!).<br \/>\nHo usato\u00a0 una scheda SD di classe 10 UHS\u00a0 I, priorit\u00e0 dei tempi su 1\/1000, autofocus dinamico e salvataggio solo in jpeg, In queste condizioni la SL \u00e8 riuscita a raggiungere gli 11 fg\/s promessi per raffiche di oltre 40 scatti, dopo i quali ho interrotto la ripresa, anche se avrei potuto continuare fino al riempimento della scheda.<br \/>\nLa messa a fuoco \u00e8 stata corretta fin dal primo scatto e si \u00e8 mantenuta sul soggetto anche per quelli successivi.<br \/>\nNaturalmente \u00e8 solo una prima e rapida prova e la approfondir\u00f2 in un successivo test, ma l&#8217;inizio mi sembra promettente.<\/p>\n","protected":false},"excerpt":{"rendered":"<p>Nell&#8217;ambito dello ShowLeica in svolgimento a Roma oggi e domani domenica 1 novembre ho avuto modo di vedere e provare brevemente la nuova Leica SL. Oltre ad apprezzarne le caratteristiche costruttive ho effettuato anche qualche scatto con la collaborazione dei tecnici Leica e di una gentile modella. Spero di poter effettuare quanto prima anche un &hellip; <a href=\"https:\/\/francescophoto.it\/blog\/2015\/11\/01\/leica-sl-impressioni\/\" class=\"more-link\">Continua la lettura di <span class=\"screen-reader-text\">Leica SL: impressioni<\/span> <span class=\"meta-nav\">&rarr;<\/span><\/a><\/p>\n","protected":false},"author":1,"featured_media":32433,"comment_status":"open","ping_status":"open","sticky":false,"template":"","format":"standard","meta":{"_jetpack_memberships_contains_paid_content":false,"footnotes":""},"categories":[48,12,16,18,22],"tags":[526,766,771,884],"class_list":["post-32430","post","type-post","status-publish","format-standard","has-post-thumbnail","hentry","category-48","category-evil","category-fullframe","category-impressioni-fotocamere","category-mirrorless","tag-evil","tag-leica","tag-leica-sl","tag-mirrorless"],"jetpack_featured_media_url":"","jetpack_sharing_enabled":true,"_links":{"self":[{"href":"https:\/\/francescophoto.it\/blog\/wp-json\/wp\/v2\/posts\/32430","targetHints":{"allow":["GET"]}}],"collection":[{"href":"https:\/\/francescophoto.it\/blog\/wp-json\/wp\/v2\/posts"}],"about":[{"href":"https:\/\/francescophoto.it\/blog\/wp-json\/wp\/v2\/types\/post"}],"author":[{"embeddable":true,"href":"https:\/\/francescophoto.it\/blog\/wp-json\/wp\/v2\/users\/1"}],"replies":[{"embeddable":true,"href":"https:\/\/francescophoto.it\/blog\/wp-json\/wp\/v2\/comments?post=32430"}],"version-history":[{"count":0,"href":"https:\/\/francescophoto.it\/blog\/wp-json\/wp\/v2\/posts\/32430\/revisions"}],"wp:featuredmedia":[{"embeddable":true,"href":"https:\/\/francescophoto.it\/blog\/wp-json\/"}],"wp:attachment":[{"href":"https:\/\/francescophoto.it\/blog\/wp-json\/wp\/v2\/media?parent=32430"}],"wp:term":[{"taxonomy":"category","embeddable":true,"href":"https:\/\/francescophoto.it\/blog\/wp-json\/wp\/v2\/categories?post=32430"},{"taxonomy":"post_tag","embeddable":true,"href":"https:\/\/francescophoto.it\/blog\/wp-json\/wp\/v2\/tags?post=32430"}],"curies":[{"name":"wp","href":"https:\/\/api.w.org\/{rel}","templated":true}]}}