{"id":31123,"date":"2015-06-10T10:24:12","date_gmt":"2015-06-10T09:24:12","guid":{"rendered":"http:\/\/blog.francescophoto.it\/?p=31123"},"modified":"2015-06-10T10:24:12","modified_gmt":"2015-06-10T09:24:12","slug":"canon-5dsr-prime-foto","status":"publish","type":"post","link":"https:\/\/francescophoto.it\/blog\/2015\/06\/10\/canon-5dsr-prime-foto\/","title":{"rendered":"Canon 5DsR: prime foto"},"content":{"rendered":"<p><a href=\"https:\/\/blog.francescophoto.it\/wp-content\/uploads\/2015\/06\/p6060221.jpg\"><img loading=\"lazy\" decoding=\"async\" class=\"alignright wp-image-31155 size-thumbnail\" src=\"https:\/\/blog.francescophoto.it\/wp-content\/uploads\/2015\/06\/p6060221.jpg?w=128\" alt=\"OLYMPUS DIGITAL CAMERA\" width=\"128\" height=\"96\" \/><\/a><\/p>\n<p>In occasione del Canon day organizzato lo scorso sabato presso il negozio romano La Placa ho avuto occasione di provare la nuova Canon 5DsR presentata pochi mesi fa insieme alla 5Ds e che sar\u00e0 disponibile nei prossimi giorni.<br \/>\nLe due nuove reflex hanno la pi\u00f9 alta risoluzione fra le fullframe, 50,6 Mpx. Si differenziano perch\u00e8 la 5DS \u00e8 dotata di filtro antialias mentre la 5DS R non ne \u00e8 dotata.<br \/>\nIl cormpo macchina in lega di magnesio e protetto da polvere ed acqua e quasi tutte le altre caratteristiche sono simili a quelli della 5D III. L\u2019autofocus ha 61 punti AF con funzioni EOS Intelligent Tracking and Recognition AF (iTR) per seguire soggetti in movimento e riconoscere volti e colori, lo schermo \u00e8 fisso, la sensibilit\u00e0 varia da 100 a 6400 Iso con estensioni a 50 e 12800, lla ripresa video \u00e8 Full HD e la raffica arriva a 5 fg\/s. E\u2019 possibile anche scattare con fattori di ritaglio (crop) di 1,3 e 1,6x (equivalente all\u2019APS-C).<!--more--><\/p>\n<p>Le due nuove reflex, di caratteristiche altamente professionali, sono dotate di un\u2019elevatissima risoluzione e sono adatte prevalentemente per la ripresa di paesaggi, architettura, alta moda, ritratti, foto in studio e applicazioni per cui \u00e8 richiesta una stampa con elevatissimo ingrandimento. Per questo Canon ha curato particolarmente la riduzione delle vibrazioni dovute al ribaltamento dello specchio, con la possibilit\u00e0 di ritardare lo scatto dopo il suo ribaltamento di un tempo variabile per lasciare smorzare le vibrazioni generate.\u00a0 Entrambe dispongono inoltre della tecnologia di rilevamento del flickering, introdotta con EOS 7D Mark II, che fornisce sequenze di immagini sempre correttamente esposte sotto la luce fluorescente.<br \/>\nE\u2019 stata anche limitata la sensibilit\u00e0 massima raggiungibile. Infatti considerando che la densit\u00e0 di pixel delle 5DS e 5DS R \u00e8 analoga a quella della 7D II che pu\u00f2 raggiungere i 51200 Iso evidentemente Canon ha limitato la sensibilit\u00e0 massima a 12800 perch\u00e8 i risultati qualitativi a sensibilit\u00e0 pi\u00f9 alte, accettabili per la 7D II e anche per la 5D III, non sarebbero stati adeguati agli impieghi previsti per le 5DS e 5DS R.<\/p>\n<p>Anche il comparto video \u00e8 meno flessibile di quello della 5D III, infatti manca la presa per cuffia e la possibilit\u00e0 di avere un\u2019output senza compressione per registratore esterno tramite l\u2019uscita HDMI.<\/p>\n<p>La differenza fra le due reflex \u00e8 data dal fatto che nella 5DS R il filtro antialias \u00e8 stato eliminato e sostituito da un filtro che non taglia le frequenze pi\u00f9 alte, soluzione simile a quella adottata a suo tempo da Nikon per le D800 e D800E. Questo per facilitare la costruzione delle due reflex senza la necessit\u00e0 di dover prevedere corpi ed assemblaggi differenti.<\/p>\n<p>Le 5DS e 5DS R saranno disponibili da giugno al prezzo solo corpo rispettivamente di 3.799 e 3.999 \u20ac. L\u2019obiettivo EF 11-24 f\/4,0 USM sar\u00e0 disponibile da febbraio (adesso!) al prezzo di 3.299 \u20ac.<\/p>\n<p>Insieme alle nuove reflex Canon ha presentato un nuovo zoom grandangolare EF 11-24 mm f\/4,0 USM che vanta il pi\u00f9 ampio angolo di ripresa attualmente disponibile per una reflex fullframe.<\/p>\n<p>Sono riuscito quindi a provare la 5DsR con il nuovo zoom supergrandangolare 11-24 mm, anche se nelle foto l&#8217;ho ripresa con l&#8217;eccezionale 50 mm f\/1,2.<\/p>\n<p><a href=\"https:\/\/blog.francescophoto.it\/wp-content\/uploads\/2015\/06\/p6060221.jpg\"><img loading=\"lazy\" decoding=\"async\" class=\"alignnone wp-image-31155 size-medium\" src=\"https:\/\/blog.francescophoto.it\/wp-content\/uploads\/2015\/06\/p6060221.jpg?w=474\" alt=\"OLYMPUS DIGITAL CAMERA\" width=\"474\" height=\"356\" \/><\/a><\/p>\n<p><a href=\"https:\/\/blog.francescophoto.it\/wp-content\/uploads\/2015\/06\/p6060222.jpg\"><img loading=\"lazy\" decoding=\"async\" class=\"alignnone wp-image-31156 size-medium\" src=\"https:\/\/blog.francescophoto.it\/wp-content\/uploads\/2015\/06\/p6060222.jpg?w=474\" alt=\"OLYMPUS DIGITAL CAMERA\" width=\"474\" height=\"356\" \/><\/a><\/p>\n<p><a href=\"https:\/\/blog.francescophoto.it\/wp-content\/uploads\/2015\/06\/p6060223.jpg\"><img loading=\"lazy\" decoding=\"async\" class=\"alignnone wp-image-31157 size-medium\" src=\"https:\/\/blog.francescophoto.it\/wp-content\/uploads\/2015\/06\/p6060223.jpg?w=474\" alt=\"OLYMPUS DIGITAL CAMERA\" width=\"474\" height=\"356\" \/><\/a><\/p>\n<p><a href=\"https:\/\/blog.francescophoto.it\/wp-content\/uploads\/2015\/06\/p6060224.jpg\"><img loading=\"lazy\" decoding=\"async\" class=\"alignnone wp-image-31158 size-medium\" src=\"https:\/\/blog.francescophoto.it\/wp-content\/uploads\/2015\/06\/p6060224.jpg?w=474\" alt=\"OLYMPUS DIGITAL CAMERA\" width=\"474\" height=\"356\" \/><\/a><\/p>\n<p><a href=\"https:\/\/blog.francescophoto.it\/wp-content\/uploads\/2015\/06\/p6060226.jpg\"><img loading=\"lazy\" decoding=\"async\" class=\"alignnone wp-image-31159 size-medium\" src=\"https:\/\/blog.francescophoto.it\/wp-content\/uploads\/2015\/06\/p6060226.jpg?w=474\" alt=\"OLYMPUS DIGITAL CAMERA\" width=\"474\" height=\"356\" \/><\/a><\/p>\n<p><a href=\"https:\/\/blog.francescophoto.it\/wp-content\/uploads\/2015\/06\/p6060227.jpg\"><img loading=\"lazy\" decoding=\"async\" class=\"alignnone wp-image-31160 size-medium\" src=\"https:\/\/blog.francescophoto.it\/wp-content\/uploads\/2015\/06\/p6060227.jpg?w=474\" alt=\"OLYMPUS DIGITAL CAMERA\" width=\"474\" height=\"356\" \/><\/a><\/p>\n<p>La macchina \u00e8 molto simile esteriormente alla 5D III e se non fosse per la scritta sulla destra si rischierebbe di confonderle. Anche i comandi ed i menu sono analoghi. Il mirino \u00e8 ottimo, grande e luminoso come in tutte le fullframe Canon.<br \/>\nIl peso e le dimensioni sono consistenti, ma inferiori a quelle della professionale 1DX ed a quelle delle fotocamere medioformato con cui la 5DsR si pone in concorrenza.<\/p>\n<p>Ho effettuato alcuni scatti all&#8217;interno del negozio a varie sensibilit\u00e0 fino alla massima di 12800 per valutare il livello di rumore che alcuni temono sia elevato e che invece ha dimostrato di essere al livello della %d III se si rapportano le foto alle stesse dimensioni. Per questo pubblico le foto integrali, convertite con Canon DPP 4 senza riduzione di rumore, per consentire di valutare il rumore a dimensioni di stampa o di visualizzazione dell&#8217;intera foto e non soltanto al 100 % come sarebbe possibile se pubblicassi solo i ritagli. Le foto sono solo quelle da 1600 Iso in su perch\u00e8 a causa della scarsa luminosit\u00e0 dell&#8217;ambiente e dell&#8217;obiettivo, f\/4,0, quelle a sensibilit\u00e0 inferiore sono mosse.<\/p>\n\n<p>Ho effettuato anche alcuni scatti in esterni, sia a 24 mm di cui pubblico quelli a f\/4,0 e f\/8,0 da cui si pu\u00f2 vedere l&#8217;ottima resa dell&#8217;obiettivo a questa focale negli angoli anche a tutta apertura, sia a 11 mm.<br \/>\nQuesta focale \u00e8 spettacolare per l&#8217;angolo di campo abbracciato, si riesce quasi ad inquadrare quello che si trova al proprio fianco, ma \u00e8 molto difficile da usare. Basta una minima inclinazione che le linee prospettiche si inclinano repentinamente e le case sembrano crollare. Inoltre gli oggetti ai bordi dell&#8217;immagine subiscono una forte deformazione dovuta alla prospettiva, non alla distorsione dell&#8217;obiettivo.<br \/>\nUsato in interni invece fa apparire come immensi saluni locali di dimensioni normali. Se si scatta ad un soggetto a distanza ravvicinata si possono poi ottenere prospettive interessanti.<\/p>\n\n<p>Potr\u00f2 valutare meglio la qualit\u00e0 della macchina e delle sue foto quando ne effettuer\u00f2 la prova, ma gi\u00e0 adesso l&#8217;impressione \u00e8 stata molto positiva. E&#8217; una fotocamera che per certe applicazioni, in particolare paesaggi e studio, si rivela veramente notevole e concorrenziale con fotocamere dal costo decisamente superiore.<\/p>\n","protected":false},"excerpt":{"rendered":"<p>In occasione del Canon day organizzato lo scorso sabato presso il negozio romano La Placa ho avuto occasione di provare la nuova Canon 5DsR presentata pochi mesi fa insieme alla 5Ds e che sar\u00e0 disponibile nei prossimi giorni. Le due nuove reflex hanno la pi\u00f9 alta risoluzione fra le fullframe, 50,6 Mpx. Si differenziano perch\u00e8 &hellip; <a href=\"https:\/\/francescophoto.it\/blog\/2015\/06\/10\/canon-5dsr-prime-foto\/\" class=\"more-link\">Continua la lettura di <span class=\"screen-reader-text\">Canon 5DsR: prime foto<\/span> <span class=\"meta-nav\">&rarr;<\/span><\/a><\/p>\n","protected":false},"author":1,"featured_media":0,"comment_status":"open","ping_status":"open","sticky":false,"template":"","format":"standard","meta":{"_jetpack_memberships_contains_paid_content":false,"footnotes":""},"categories":[48,10,18],"tags":[148,280,486,585,936],"class_list":["post-31123","post","type-post","status-publish","format-standard","hentry","category-48","category-dslr","category-impressioni-fotocamere","tag-5dsr","tag-canon","tag-eos-5dsr","tag-fullframe","tag-obiettivi"],"jetpack_featured_media_url":"","jetpack_sharing_enabled":true,"_links":{"self":[{"href":"https:\/\/francescophoto.it\/blog\/wp-json\/wp\/v2\/posts\/31123","targetHints":{"allow":["GET"]}}],"collection":[{"href":"https:\/\/francescophoto.it\/blog\/wp-json\/wp\/v2\/posts"}],"about":[{"href":"https:\/\/francescophoto.it\/blog\/wp-json\/wp\/v2\/types\/post"}],"author":[{"embeddable":true,"href":"https:\/\/francescophoto.it\/blog\/wp-json\/wp\/v2\/users\/1"}],"replies":[{"embeddable":true,"href":"https:\/\/francescophoto.it\/blog\/wp-json\/wp\/v2\/comments?post=31123"}],"version-history":[{"count":0,"href":"https:\/\/francescophoto.it\/blog\/wp-json\/wp\/v2\/posts\/31123\/revisions"}],"wp:attachment":[{"href":"https:\/\/francescophoto.it\/blog\/wp-json\/wp\/v2\/media?parent=31123"}],"wp:term":[{"taxonomy":"category","embeddable":true,"href":"https:\/\/francescophoto.it\/blog\/wp-json\/wp\/v2\/categories?post=31123"},{"taxonomy":"post_tag","embeddable":true,"href":"https:\/\/francescophoto.it\/blog\/wp-json\/wp\/v2\/tags?post=31123"}],"curies":[{"name":"wp","href":"https:\/\/api.w.org\/{rel}","templated":true}]}}