{"id":30670,"date":"2015-05-17T15:11:33","date_gmt":"2015-05-17T14:11:33","guid":{"rendered":"http:\/\/blog.francescophoto.it\/?p=30670"},"modified":"2015-05-17T15:11:33","modified_gmt":"2015-05-17T14:11:33","slug":"zeiss-batis-per-sony-e","status":"publish","type":"post","link":"https:\/\/francescophoto.it\/blog\/2015\/05\/17\/zeiss-batis-per-sony-e\/","title":{"rendered":"Zeiss Batis per Sony E"},"content":{"rendered":"<p><a href=\"https:\/\/blog.francescophoto.it\/wp-content\/uploads\/2015\/05\/batis_stage_smallc.jpg\"><img loading=\"lazy\" decoding=\"async\" class=\"alignright size-thumbnail wp-image-30682\" src=\"https:\/\/blog.francescophoto.it\/wp-content\/uploads\/2015\/05\/batis_stage_smallc.jpg?w=128\" alt=\"batis_stage_smallc\" width=\"128\" height=\"78\" \/><\/a>Zeiss ha presentato, alla fine dello scorso aprile, due nuovi obiettivi autofocus dedicati alle Sony A7. I nuovi obiettivi denominati Batis infatti sono dotati di innesto Sony E e coprono il formato pieno. Possono quindi essere montati sia sulle A7 fullframe, sia sulle A5100, A6000 e NEX con formato APS. Sono attualmente disponibili due focali, un grandangolo 25 mm f\/2,0 ed un tele moderato 85 mm f\/1,8. Gli obiettivi dispongono di un piccolo pannello OLED che indica la distanza di messa a fuoco e la profondit\u00e0 di campo e di un motore lineare per l&#8217;autofocus.<!--more--><\/p>\n<p>I nuovi obiettivi saranno disponibili in luglio. Il prezzo non \u00e8 ancora ufficialmente stabilito, ma dovrebbero costare circa 1100 \u20ac il 25\/2,0 e 1000 \u20ac l&#8217;85\/1,8.<br \/>\nI Batis erano in mostra in anteprima durante il Fowa Foto Tour che ha toccato diverse citt\u00e0 italiane fra aprile e maggio. In quell&#8217;occasione \u00e8 stato possibile vederli staticamente montati su una Sony A7, ma non \u00e8 stato possibile scattare foto di prova in quanto erano prototipi non definitivi.<br \/>\nQuesti nuovi obiettivi vanno ad integrare il parco obiettivi disponibile per le Sony A7 fullframe che incomincia ad avere una consistenza interessante grazie anche ai precedenti annunci di Sony di poco tempo fa riguardanti FE 28\/2,0, Zeiss FE 35\/1,4, FE 90\/2,8 Macro OSS e FE 24-240\/3,5-5,6 OSS. Il Batis 85\/1,8 in particolare copre uno dei pochi buchi della gamma che mancava di un tele da ritratto luminoso. Ora mancano solo dei tele e degli zoom con focale superiore ai 240 mm e dei supergrandangoli per i quali attualmente si deve ricorrere agli obiettivi Alpha con adattatore.<\/p>\n<p>Le principali caratteristiche dei due Batis sono:<\/p>\n<h3>Zeiss Batis 2\/25:<\/h3>\n<p>&#8211; lunghezza focale 25 mm<br \/>\n&#8211; gamma aperture f\/2,0 \u2013 f\/22<br \/>\n&#8211; elementi e gruppi 10\/8<br \/>\n&#8211; distanza minima di messa a fuoco 0,2 m<br \/>\n&#8211; angolo di campo 82\u00b0<br \/>\n&#8211; ingrandimento alla minima distanza 1:5.2<br \/>\n&#8211; diametro filtri 67 mm<br \/>\n&#8211; dimensioni 81 mm di diametro x 78 mm di lunghezza (escluso paraluce)<br \/>\n&#8211; peso 335 g<br \/>\n&#8211; innesto Sony E<\/p>\n<h3>Zeiss Batis 1.8\/85:<\/h3>\n<p>&#8211; lunghezza focale 85 mm<br \/>\n&#8211; gamma aperture f\/1.8 \u2013 f\/22<br \/>\n&#8211; elementi e gruppi 11\/8<br \/>\n&#8211; distanza minima di messa a fuoco 0.80 m<br \/>\n&#8211; angolo di campo 29\u00b0<br \/>\n&#8211; ingrandimento alla minima distanza 1:7.9<br \/>\n&#8211; diametro filtri 67mm<br \/>\n&#8211; dimensioni 81 mm di diametro x 92 mm di lunghezza (escluso paraluce)<br \/>\n&#8211; peso 475 g<br \/>\n&#8211; innesto Sony E<\/p>\n<p>___________________________________________________<\/p>\n<figure id=\"attachment_30676\" aria-describedby=\"caption-attachment-30676\" style=\"width: 474px\" class=\"wp-caption alignnone\"><a href=\"https:\/\/blog.francescophoto.it\/wp-content\/uploads\/2015\/05\/3875361941.jpg\"><img loading=\"lazy\" decoding=\"async\" class=\"size-medium wp-image-30676\" src=\"https:\/\/blog.francescophoto.it\/wp-content\/uploads\/2015\/05\/3875361941.jpg?w=474\" alt=\"Batis 25\/2,0\" width=\"474\" height=\"356\" \/><\/a><figcaption id=\"caption-attachment-30676\" class=\"wp-caption-text\">Batis 25\/2,0<\/figcaption><\/figure>\n<figure id=\"attachment_30678\" aria-describedby=\"caption-attachment-30678\" style=\"width: 474px\" class=\"wp-caption alignnone\"><a href=\"https:\/\/blog.francescophoto.it\/wp-content\/uploads\/2015\/05\/5843141959.jpg\"><img loading=\"lazy\" decoding=\"async\" class=\"size-medium wp-image-30678\" src=\"https:\/\/blog.francescophoto.it\/wp-content\/uploads\/2015\/05\/5843141959.jpg?w=474\" alt=\"Batis 25\/2,0\" width=\"474\" height=\"474\" \/><\/a><figcaption id=\"caption-attachment-30678\" class=\"wp-caption-text\">Batis 25\/2,0<\/figcaption><\/figure>\n<figure id=\"attachment_30679\" aria-describedby=\"caption-attachment-30679\" style=\"width: 474px\" class=\"wp-caption alignnone\"><a href=\"https:\/\/blog.francescophoto.it\/wp-content\/uploads\/2015\/05\/9874670483.jpg\"><img loading=\"lazy\" decoding=\"async\" class=\"size-medium wp-image-30679\" src=\"https:\/\/blog.francescophoto.it\/wp-content\/uploads\/2015\/05\/9874670483.jpg?w=474\" alt=\"Batis 25\/2,0\" width=\"474\" height=\"356\" \/><\/a><figcaption id=\"caption-attachment-30679\" class=\"wp-caption-text\">Batis 25\/2,0<\/figcaption><\/figure>\n<figure id=\"attachment_30675\" aria-describedby=\"caption-attachment-30675\" style=\"width: 474px\" class=\"wp-caption alignnone\"><a href=\"https:\/\/blog.francescophoto.it\/wp-content\/uploads\/2015\/05\/3038876326.jpg\"><img loading=\"lazy\" decoding=\"async\" class=\"size-medium wp-image-30675\" src=\"https:\/\/blog.francescophoto.it\/wp-content\/uploads\/2015\/05\/3038876326.jpg?w=474\" alt=\"Batis 85\/1,8\" width=\"474\" height=\"356\" \/><\/a><figcaption id=\"caption-attachment-30675\" class=\"wp-caption-text\">Batis 85\/1,8<\/figcaption><\/figure>\n<figure id=\"attachment_30681\" aria-describedby=\"caption-attachment-30681\" style=\"width: 474px\" class=\"wp-caption alignnone\"><a href=\"https:\/\/blog.francescophoto.it\/wp-content\/uploads\/2015\/05\/batis_stage_small1.jpg\"><img loading=\"lazy\" decoding=\"async\" class=\"size-medium wp-image-30681\" src=\"https:\/\/blog.francescophoto.it\/wp-content\/uploads\/2015\/05\/batis_stage_small1.jpg?w=474\" alt=\"Batis 85\/1,8\" width=\"474\" height=\"356\" \/><\/a><figcaption id=\"caption-attachment-30681\" class=\"wp-caption-text\">Batis 85\/1,8<\/figcaption><\/figure>\n<figure id=\"attachment_30677\" aria-describedby=\"caption-attachment-30677\" style=\"width: 474px\" class=\"wp-caption alignnone\"><a href=\"https:\/\/blog.francescophoto.it\/wp-content\/uploads\/2015\/05\/5010741641.jpg\"><img loading=\"lazy\" decoding=\"async\" class=\"size-medium wp-image-30677\" src=\"https:\/\/blog.francescophoto.it\/wp-content\/uploads\/2015\/05\/5010741641.jpg?w=474\" alt=\"Batis 85\/1,8\" width=\"474\" height=\"356\" \/><\/a><figcaption id=\"caption-attachment-30677\" class=\"wp-caption-text\">Batis 85\/1,8<\/figcaption><\/figure>\n<p><a href=\"https:\/\/blog.francescophoto.it\/wp-content\/uploads\/2015\/05\/p3380609s.jpg\"><img loading=\"lazy\" decoding=\"async\" class=\"alignnone size-medium wp-image-30673\" src=\"https:\/\/blog.francescophoto.it\/wp-content\/uploads\/2015\/05\/p3380609s.jpg?w=474\" alt=\"P3380609s\" width=\"474\" height=\"356\" \/><\/a><\/p>\n<p><a href=\"https:\/\/blog.francescophoto.it\/wp-content\/uploads\/2015\/05\/p3380607s.jpg\"><img loading=\"lazy\" decoding=\"async\" class=\"alignnone size-medium wp-image-30671\" src=\"https:\/\/blog.francescophoto.it\/wp-content\/uploads\/2015\/05\/p3380607s.jpg?w=474\" alt=\"P3380607s\" width=\"474\" height=\"356\" \/><\/a><\/p>\n<p><a href=\"https:\/\/blog.francescophoto.it\/wp-content\/uploads\/2015\/05\/p3380608s.jpg\"><img loading=\"lazy\" decoding=\"async\" class=\"alignnone size-medium wp-image-30672\" src=\"https:\/\/blog.francescophoto.it\/wp-content\/uploads\/2015\/05\/p3380608s.jpg?w=474\" alt=\"P3380608s\" width=\"474\" height=\"356\" \/><\/a><\/p>\n<p><a href=\"https:\/\/blog.francescophoto.it\/wp-content\/uploads\/2015\/05\/p3380611s.jpg\"><img loading=\"lazy\" decoding=\"async\" class=\"alignnone size-medium wp-image-30674\" src=\"https:\/\/blog.francescophoto.it\/wp-content\/uploads\/2015\/05\/p3380611s.jpg?w=474\" alt=\"P3380611s\" width=\"474\" height=\"356\" \/><\/a><\/p>\n","protected":false},"excerpt":{"rendered":"<p>Zeiss ha presentato, alla fine dello scorso aprile, due nuovi obiettivi autofocus dedicati alle Sony A7. I nuovi obiettivi denominati Batis infatti sono dotati di innesto Sony E e coprono il formato pieno. Possono quindi essere montati sia sulle A7 fullframe, sia sulle A5100, A6000 e NEX con formato APS. Sono attualmente disponibili due focali, &hellip; <a href=\"https:\/\/francescophoto.it\/blog\/2015\/05\/17\/zeiss-batis-per-sony-e\/\" class=\"more-link\">Continua la lettura di <span class=\"screen-reader-text\">Zeiss Batis per Sony E<\/span> <span class=\"meta-nav\">&rarr;<\/span><\/a><\/p>\n","protected":false},"author":1,"featured_media":0,"comment_status":"open","ping_status":"open","sticky":false,"template":"","format":"standard","meta":{"_jetpack_memberships_contains_paid_content":false,"footnotes":""},"categories":[48,16,23],"tags":[270,936,1171,1406],"class_list":["post-30670","post","type-post","status-publish","format-standard","hentry","category-48","category-fullframe","category-novita","tag-batis","tag-obiettivi","tag-sony","tag-zeiss"],"jetpack_featured_media_url":"","jetpack_sharing_enabled":true,"_links":{"self":[{"href":"https:\/\/francescophoto.it\/blog\/wp-json\/wp\/v2\/posts\/30670","targetHints":{"allow":["GET"]}}],"collection":[{"href":"https:\/\/francescophoto.it\/blog\/wp-json\/wp\/v2\/posts"}],"about":[{"href":"https:\/\/francescophoto.it\/blog\/wp-json\/wp\/v2\/types\/post"}],"author":[{"embeddable":true,"href":"https:\/\/francescophoto.it\/blog\/wp-json\/wp\/v2\/users\/1"}],"replies":[{"embeddable":true,"href":"https:\/\/francescophoto.it\/blog\/wp-json\/wp\/v2\/comments?post=30670"}],"version-history":[{"count":0,"href":"https:\/\/francescophoto.it\/blog\/wp-json\/wp\/v2\/posts\/30670\/revisions"}],"wp:attachment":[{"href":"https:\/\/francescophoto.it\/blog\/wp-json\/wp\/v2\/media?parent=30670"}],"wp:term":[{"taxonomy":"category","embeddable":true,"href":"https:\/\/francescophoto.it\/blog\/wp-json\/wp\/v2\/categories?post=30670"},{"taxonomy":"post_tag","embeddable":true,"href":"https:\/\/francescophoto.it\/blog\/wp-json\/wp\/v2\/tags?post=30670"}],"curies":[{"name":"wp","href":"https:\/\/api.w.org\/{rel}","templated":true}]}}