{"id":2899,"date":"2010-01-20T16:57:22","date_gmt":"2010-01-20T15:57:22","guid":{"rendered":"http:\/\/francescophoto.wordpress.com\/?p=2899"},"modified":"2010-01-20T16:57:22","modified_gmt":"2010-01-20T15:57:22","slug":"canon-70-200-mm-f2-8-l-is","status":"publish","type":"post","link":"https:\/\/francescophoto.it\/blog\/2010\/01\/20\/canon-70-200-mm-f2-8-l-is\/","title":{"rendered":"Canon 70-200 mm F\/2.8 L IS"},"content":{"rendered":"<p><a href=\"http:\/\/blog.francescophoto.it\/wp-content\/uploads\/2010\/01\/ef70-200_2-8_isiiusm_2_l.jpg\"><img loading=\"lazy\" decoding=\"async\" class=\"alignright size-thumbnail wp-image-2900\" title=\"EF70-200_2.8_ISIIUSM_2_L\" src=\"http:\/\/blog.francescophoto.it\/wp-content\/uploads\/2010\/01\/ef70-200_2-8_isiiusm_2_l.jpg?w=128\" alt=\"\" width=\"128\" height=\"72\" srcset=\"https:\/\/francescophoto.it\/blog\/wp-content\/uploads\/2010\/01\/ef70-200_2-8_isiiusm_2_l.jpg 1024w, https:\/\/francescophoto.it\/blog\/wp-content\/uploads\/2010\/01\/ef70-200_2-8_isiiusm_2_l-500x282.jpg 500w, https:\/\/francescophoto.it\/blog\/wp-content\/uploads\/2010\/01\/ef70-200_2-8_isiiusm_2_l-768x433.jpg 768w, https:\/\/francescophoto.it\/blog\/wp-content\/uploads\/2010\/01\/ef70-200_2-8_isiiusm_2_l-672x372.jpg 672w\" sizes=\"auto, (max-width: 128px) 100vw, 128px\" \/><\/a>Nei primi giorni dell&#8217;anno Canon\u00a0ha presentato, insieme a numerose nuove compatte, una novit\u00e0 di interesse per fotoamatori e frofessionisti. Si tratta di una nuova versione del noto ed apprezzato telezoom 70-200\/2.8. Questa nuova versione, denominata II, presenta miglioramenti a livello ottico, di meccanica e di costruzione.<!--more--><\/p>\n<p>Il nuovo obiettivo ha uno schema ottico con un nuovo elemento in fluorite e 5 lenti UD per minimizzare le aberrazioni cromatiche secondarie e produrre un&#8217;immagine con maggior contrasto e risolvenza nell&#8217;intero arco della zoomata.<br \/>\nE&#8217; stata poi migliorata la velocit\u00e0 di messa a fuoco utilizzando un nuovo algoritmo ed \u00e8 stata ridotta la distanza minima di messa a fuoco. Anche lo stabilizzatore \u00e8 stato migliorato. Il corpo \u00e8 costruito in lega di magnesio ad alta resistenza.<\/p>\n<p>Dovrebbe essere disponibila ad aprile ad un prezzo non ancora precisato.<\/p>\n<p><a href=\"http:\/\/blog.francescophoto.it\/wp-content\/uploads\/2010\/01\/ef70-200_2-8_isiiusm_2_l.jpg\"><img loading=\"lazy\" decoding=\"async\" class=\"alignnone size-large wp-image-2900\" title=\"EF70-200_2.8_ISIIUSM_2_L\" src=\"http:\/\/blog.francescophoto.it\/wp-content\/uploads\/2010\/01\/ef70-200_2-8_isiiusm_2_l.jpg?w=500\" alt=\"\" width=\"500\" height=\"281\" srcset=\"https:\/\/francescophoto.it\/blog\/wp-content\/uploads\/2010\/01\/ef70-200_2-8_isiiusm_2_l.jpg 1024w, https:\/\/francescophoto.it\/blog\/wp-content\/uploads\/2010\/01\/ef70-200_2-8_isiiusm_2_l-500x282.jpg 500w, https:\/\/francescophoto.it\/blog\/wp-content\/uploads\/2010\/01\/ef70-200_2-8_isiiusm_2_l-768x433.jpg 768w\" sizes=\"auto, (max-width: 500px) 100vw, 500px\" \/><\/a><\/p>\n<p><a href=\"http:\/\/blog.francescophoto.it\/wp-content\/uploads\/2010\/01\/ef70-200_2-8_isiiusm_1_l.jpg\"><img loading=\"lazy\" decoding=\"async\" class=\"alignnone size-large wp-image-2901\" title=\"EF70-200_2.8_ISIIUSM_1_L\" src=\"http:\/\/blog.francescophoto.it\/wp-content\/uploads\/2010\/01\/ef70-200_2-8_isiiusm_1_l.jpg?w=500\" alt=\"\" width=\"500\" height=\"214\" srcset=\"https:\/\/francescophoto.it\/blog\/wp-content\/uploads\/2010\/01\/ef70-200_2-8_isiiusm_1_l.jpg 1677w, https:\/\/francescophoto.it\/blog\/wp-content\/uploads\/2010\/01\/ef70-200_2-8_isiiusm_1_l-500x215.jpg 500w, https:\/\/francescophoto.it\/blog\/wp-content\/uploads\/2010\/01\/ef70-200_2-8_isiiusm_1_l-768x330.jpg 768w, https:\/\/francescophoto.it\/blog\/wp-content\/uploads\/2010\/01\/ef70-200_2-8_isiiusm_1_l-1536x660.jpg 1536w\" sizes=\"auto, (max-width: 500px) 100vw, 500px\" \/><\/a><\/p>\n","protected":false},"excerpt":{"rendered":"<p>Nei primi giorni dell&#8217;anno Canon\u00a0ha presentato, insieme a numerose nuove compatte, una novit\u00e0 di interesse per fotoamatori e frofessionisti. Si tratta di una nuova versione del noto ed apprezzato telezoom 70-200\/2.8. Questa nuova versione, denominata II, presenta miglioramenti a livello ottico, di meccanica e di costruzione.<\/p>\n","protected":false},"author":1,"featured_media":0,"comment_status":"open","ping_status":"open","sticky":false,"template":"","format":"standard","meta":{"_jetpack_memberships_contains_paid_content":false,"footnotes":""},"categories":[43,10,23],"tags":[280,936],"class_list":["post-2899","post","type-post","status-publish","format-standard","hentry","category-43","category-dslr","category-novita","tag-canon","tag-obiettivi"],"jetpack_featured_media_url":"","jetpack_sharing_enabled":true,"_links":{"self":[{"href":"https:\/\/francescophoto.it\/blog\/wp-json\/wp\/v2\/posts\/2899","targetHints":{"allow":["GET"]}}],"collection":[{"href":"https:\/\/francescophoto.it\/blog\/wp-json\/wp\/v2\/posts"}],"about":[{"href":"https:\/\/francescophoto.it\/blog\/wp-json\/wp\/v2\/types\/post"}],"author":[{"embeddable":true,"href":"https:\/\/francescophoto.it\/blog\/wp-json\/wp\/v2\/users\/1"}],"replies":[{"embeddable":true,"href":"https:\/\/francescophoto.it\/blog\/wp-json\/wp\/v2\/comments?post=2899"}],"version-history":[{"count":0,"href":"https:\/\/francescophoto.it\/blog\/wp-json\/wp\/v2\/posts\/2899\/revisions"}],"wp:attachment":[{"href":"https:\/\/francescophoto.it\/blog\/wp-json\/wp\/v2\/media?parent=2899"}],"wp:term":[{"taxonomy":"category","embeddable":true,"href":"https:\/\/francescophoto.it\/blog\/wp-json\/wp\/v2\/categories?post=2899"},{"taxonomy":"post_tag","embeddable":true,"href":"https:\/\/francescophoto.it\/blog\/wp-json\/wp\/v2\/tags?post=2899"}],"curies":[{"name":"wp","href":"https:\/\/api.w.org\/{rel}","templated":true}]}}