{"id":28777,"date":"2014-12-30T00:17:43","date_gmt":"2014-12-29T23:17:43","guid":{"rendered":"http:\/\/blog.francescophoto.it\/?p=28777"},"modified":"2014-12-30T00:17:43","modified_gmt":"2014-12-29T23:17:43","slug":"canon-eos-7d-ii-impressioni","status":"publish","type":"post","link":"https:\/\/francescophoto.it\/blog\/2014\/12\/30\/canon-eos-7d-ii-impressioni\/","title":{"rendered":"Canon EOS 7D II: impressioni"},"content":{"rendered":"<p><a href=\"https:\/\/blog.francescophoto.it\/wp-content\/uploads\/2014\/12\/l1150037s.jpg\"><img loading=\"lazy\" decoding=\"async\" class=\"alignright size-thumbnail wp-image-28810\" src=\"https:\/\/blog.francescophoto.it\/wp-content\/uploads\/2014\/12\/l1150037s.jpg?w=128\" alt=\"L1150037s\" width=\"128\" height=\"85\" \/><\/a>Recentemente ho avuto modo di effettuare una prima prova, molto breve, della nuova Canon 7D Mark II durante il Canon day tenuto dal noto negozio romano La Placa.<br \/>\nLa 7D II mantiene tutte le qualit\u00e0 del precedente modello, ma \u00e8 stata aggiornata in alcuni aspetti importanti come il sensore, sempre di formato APS-C ma ora da 20 Mpx e con tecnologia Dual-pixel, l&#8217;elaboratore d&#8217;immagine, un doppio Digic 6, la raffica che arriva a 10 fg\/s il sistema autofocus con 65 punti AF e il ricevitore GPS.<br \/>\nLa 7D II \u00e8 una fotocamera particolarmente pensata per la velocit\u00e0 di autofocus e di scatto a raffica e perci\u00f2 particolarmente indicata per le foto sportive e per la ripresa di soggetti in rapido movimento. E&#8217; infatti uno degli aspetti che ho cercato di verificare nella mia breve prova.<!--more--><\/p>\n<p><a href=\"https:\/\/blog.francescophoto.it\/wp-content\/uploads\/2014\/12\/l1150037s.jpg\"><img loading=\"lazy\" decoding=\"async\" class=\"alignnone size-medium wp-image-28810\" src=\"https:\/\/blog.francescophoto.it\/wp-content\/uploads\/2014\/12\/l1150037s.jpg?w=474\" alt=\"L1150037s\" width=\"474\" height=\"316\" \/><\/a><\/p>\n<p>Esteticamente la 7D II \u00e8 molto simile al modello precedente dal quale si discosta di pochissimo. Le dimensioni sono le stesse, ma il peso \u00e8 aumentato di 50 g superando ampiamente quello della fullframe 6D che anche come dimensioni \u00e8 leggermente pi\u00f9 piccola. L&#8217;aspetto e le dimensioni sono infatti quelle di una fullframe e non si discostano da quelle della 5D III, pur avendo un sensore pi\u00f9 piccolo, con le relative conseguenze, positive in termini di stabilit\u00e0, ma negative in termini di facilit\u00e0 di trasporto. Il corpo \u00e8 in lega di magnesio, protetto da polvere ed acqua.<br \/>\nIl sensore APS-C (22,4\u00d715 mm) \u00e8 nuovo con 20 Mpx e del tipo Dual Pixel CMOS AF che consente la messa a fuoco ibrida, a rilevamento di fase e di contrasto in live view e nelle riprese video. L\u2019elaboratore d\u2019immagine \u00e8 un doppio Digic 6 per consentire l\u2019elevata velocit\u00e0 di raffica, 10 fg\/s, che la fotocamera permette.<br \/>\nPunto di forza della 7D II \u00e8 il sistema autofocus sofisticato senza il quale l\u2019elevata velocit\u00e0 di raffica avrebbe poco senso. L\u2019autofocus \u00e8 simile a quello delle 5D III e 1Dx, ma ulteriormente perfezionato. Vanta ben 65 punti AF, tutti a croce con una sensibilit\u00e0, per il punto centrale, di -3 EV per mettere a fuoco quasi al buio. L\u2019insieme di menu per la personalizzazione dell\u2019autofocus comprende diversi pannelli ed \u00e8 sofisticato almeno quanto quello della 5D III.<br \/>\nL\u2019otturatore arriva a 1\/8000 di secondo ed \u00e8 collaudato per 200.000 scatti. Lo schermo \u00e8 fisso. Il mirino abbastanza grande (ingrandimento reale 0,67x) anche se non come quello delle fullframe, con una copertura del 100 % \u00e8 luminoso e riporta tutte le informazioni di scatto.<br \/>\nLa sensibilit\u00e0, impostabile in automatico o in manuale, va da 100 a 16000 Iso, ma pu\u00f2 essere estesa fino a 51200. La ripresa video, molto completa come in tutte le Canon professionali, \u00e8 Full HD 1920&#215;1080 pixel a 60\/50, 30\/25 e 24 fg\/s in formato MOV o MP4 con compressione H264 e consente tutte le modalit\u00e0 di funzionamento e regolazioni.<br \/>\nC&#8217;\u00e8 un ricevitore GPS, ma non la connessione Wi-Fi che pu\u00f2 essere ottenuta, per chi \u00e8 interessato, con un accessorio esterno.<\/p>\n<p><a href=\"https:\/\/blog.francescophoto.it\/wp-content\/uploads\/2014\/12\/l1150039s.jpg\"><img loading=\"lazy\" decoding=\"async\" class=\"alignnone size-medium wp-image-28811\" src=\"https:\/\/blog.francescophoto.it\/wp-content\/uploads\/2014\/12\/l1150039s.jpg?w=474\" alt=\"L1150039s\" width=\"474\" height=\"316\" \/><\/a><\/p>\n<p>La prima impressione impugnandola \u00e8 quella di una fotocamera massiccia, robusta e di tipo professionale, ma viene da chiedersi perch\u00e8 una reflex APS debba essere grande e pesante quanto una fullframe. Il motivo \u00e8 che la 7D II \u00e8 una fotocamera pensata per l&#8217;uso professionale, sopratutto per i fotografi sportivi che vogliono una fotocamera con un autofocus veloce e un&#8217;elevata velocit\u00e0 di raffica, ma che non vogliono investire in un modello come la EOS 1DX che costa tre volte tanto. Oltretutto con un sensore APS si ha anche il vantaggio del ritaglio che ha un effetto di moltiplicazione 1,5x sulla focale degli obiettivi e consente, a parit\u00e0 di campo inquadrato, di usare teleobiettivi di focale inferiore, mano pesanti e costosi, o di restingere ulteriormente il campo inquadrato a parit\u00e0 di focale.<br \/>\nLo schema dei comandi della 7D II segue quello delle professionali Canon con sulla destra della calotta il pannello LCD illuminabile che riporta tutte le impostazioni della fotocamera e davanti tre pulsanti a doppio uso, se coadiuvati dalla ghiera anteriore o quella posteriore, per le principali impostazioni, Iso, WB, modalit\u00e0 di scatto ed altro. Sulla sinistra del pentaprisma c&#8217;\u00e8 come di consueto la manopola per impostare le modalit\u00e0 di funzionamento con tre impostazioni personalizzate, ma senza scene o effetti come si conviene ad una professionale.<\/p>\n<h3>Raffica<\/h3>\n<p>Quello che mi interessava verificare nella prova, oltre che come di consueto il comportamento alle varie sensibilit\u00e0, erano le prestazioni dell&#8217;autofocus e della raffica.<br \/>\nPer fare questo ho ripreso nella strada davanti al negozio i veicoli che passavano che penso si muovessero, quando il semaforo pi\u00f9 avanti era verde, ad una velocit\u00e0 di 50 kmh se non di pi\u00f9. Ho scattato in pochi minuti centinaia di foto sia in solo jpeg Normal, sia in raw pi\u00f9 jpeg Normal. Le impostazioni usate sono state priorit\u00e0 dei tempi, con tempo di 1\/1000, Iso Auto, autofocus continuo AI Servo con selezione automatica dei punti. La scheda usata era una SD di classe 10.<br \/>\nIn queste condizioni la 7D II \u00e8 riuscita a scattare 9-10 foto al secondo con raffiche di decine di scatti jpeg, presumibilmente fino a riempimento della scheda. In raw ha raggiunto 8 fg\/s per un massimo di 31 foto. Presumibilmente con una scheda Compact Flash avrebbe potuto raggiungere i 10 fg\/s nominali in entrambi i casi.<\/p>\n<div id='gallery-1' class='gallery galleryid-28777 gallery-columns-3 gallery-size-thumbnail'><figure class='gallery-item'>\n\t\t\t<div class='gallery-icon landscape'>\n\t\t\t\t<a href='https:\/\/francescophoto.it\/blog\/2014\/12\/30\/canon-eos-7d-ii-impressioni\/01-canon-eos-7d-mark-ii-2014-12-06-11-00-16-0e3a0023s\/'><img loading=\"lazy\" decoding=\"async\" width=\"128\" height=\"96\" src=\"https:\/\/francescophoto.it\/blog\/wp-content\/uploads\/2014\/12\/01-canon-eos-7d-mark-ii-2014-12-06-11-00-16-0e3a0023s-128x96.jpg\" class=\"attachment-thumbnail size-thumbnail\" alt=\"\" \/><\/a>\n\t\t\t<\/div><\/figure><figure class='gallery-item'>\n\t\t\t<div class='gallery-icon landscape'>\n\t\t\t\t<a href='https:\/\/francescophoto.it\/blog\/2014\/12\/30\/canon-eos-7d-ii-impressioni\/02-canon-eos-7d-mark-ii-2014-12-06-11-00-16-0e3a0024s\/'><img loading=\"lazy\" decoding=\"async\" width=\"128\" height=\"96\" src=\"https:\/\/francescophoto.it\/blog\/wp-content\/uploads\/2014\/12\/02-canon-eos-7d-mark-ii-2014-12-06-11-00-16-0e3a0024s-128x96.jpg\" class=\"attachment-thumbnail size-thumbnail\" alt=\"\" \/><\/a>\n\t\t\t<\/div><\/figure><figure class='gallery-item'>\n\t\t\t<div class='gallery-icon landscape'>\n\t\t\t\t<a href='https:\/\/francescophoto.it\/blog\/2014\/12\/30\/canon-eos-7d-ii-impressioni\/03-canon-eos-7d-mark-ii-2014-12-06-11-00-16-0e3a0025s\/'><img loading=\"lazy\" decoding=\"async\" width=\"128\" height=\"96\" src=\"https:\/\/francescophoto.it\/blog\/wp-content\/uploads\/2014\/12\/03-canon-eos-7d-mark-ii-2014-12-06-11-00-16-0e3a0025s-128x96.jpg\" class=\"attachment-thumbnail size-thumbnail\" alt=\"\" \/><\/a>\n\t\t\t<\/div><\/figure><figure class='gallery-item'>\n\t\t\t<div class='gallery-icon landscape'>\n\t\t\t\t<a href='https:\/\/francescophoto.it\/blog\/2014\/12\/30\/canon-eos-7d-ii-impressioni\/04-canon-eos-7d-mark-ii-2014-12-06-11-00-16-0e3a0026s\/'><img loading=\"lazy\" decoding=\"async\" width=\"128\" height=\"96\" src=\"https:\/\/francescophoto.it\/blog\/wp-content\/uploads\/2014\/12\/04-canon-eos-7d-mark-ii-2014-12-06-11-00-16-0e3a0026s-128x96.jpg\" class=\"attachment-thumbnail size-thumbnail\" alt=\"\" \/><\/a>\n\t\t\t<\/div><\/figure><figure class='gallery-item'>\n\t\t\t<div class='gallery-icon landscape'>\n\t\t\t\t<a href='https:\/\/francescophoto.it\/blog\/2014\/12\/30\/canon-eos-7d-ii-impressioni\/05-canon-eos-7d-mark-ii-2014-12-06-11-00-16-0e3a0027s\/'><img loading=\"lazy\" decoding=\"async\" width=\"128\" height=\"96\" src=\"https:\/\/francescophoto.it\/blog\/wp-content\/uploads\/2014\/12\/05-canon-eos-7d-mark-ii-2014-12-06-11-00-16-0e3a0027s-128x96.jpg\" class=\"attachment-thumbnail size-thumbnail\" alt=\"\" \/><\/a>\n\t\t\t<\/div><\/figure><figure class='gallery-item'>\n\t\t\t<div class='gallery-icon landscape'>\n\t\t\t\t<a href='https:\/\/francescophoto.it\/blog\/2014\/12\/30\/canon-eos-7d-ii-impressioni\/06-canon-eos-7d-mark-ii-2014-12-06-11-00-16-0e3a0028s\/'><img loading=\"lazy\" decoding=\"async\" width=\"128\" height=\"96\" src=\"https:\/\/francescophoto.it\/blog\/wp-content\/uploads\/2014\/12\/06-canon-eos-7d-mark-ii-2014-12-06-11-00-16-0e3a0028s-128x96.jpg\" class=\"attachment-thumbnail size-thumbnail\" alt=\"\" \/><\/a>\n\t\t\t<\/div><\/figure><figure class='gallery-item'>\n\t\t\t<div class='gallery-icon landscape'>\n\t\t\t\t<a href='https:\/\/francescophoto.it\/blog\/2014\/12\/30\/canon-eos-7d-ii-impressioni\/07-canon-eos-7d-mark-ii-2014-12-06-11-00-16-0e3a0029s\/'><img loading=\"lazy\" decoding=\"async\" width=\"128\" height=\"96\" src=\"https:\/\/francescophoto.it\/blog\/wp-content\/uploads\/2014\/12\/07-canon-eos-7d-mark-ii-2014-12-06-11-00-16-0e3a0029s-128x96.jpg\" class=\"attachment-thumbnail size-thumbnail\" alt=\"\" \/><\/a>\n\t\t\t<\/div><\/figure><figure class='gallery-item'>\n\t\t\t<div class='gallery-icon landscape'>\n\t\t\t\t<a href='https:\/\/francescophoto.it\/blog\/2014\/12\/30\/canon-eos-7d-ii-impressioni\/08-canon-eos-7d-mark-ii-2014-12-06-11-00-16-0e3a0030s\/'><img loading=\"lazy\" decoding=\"async\" width=\"128\" height=\"96\" src=\"https:\/\/francescophoto.it\/blog\/wp-content\/uploads\/2014\/12\/08-canon-eos-7d-mark-ii-2014-12-06-11-00-16-0e3a0030s-128x96.jpg\" class=\"attachment-thumbnail size-thumbnail\" alt=\"\" \/><\/a>\n\t\t\t<\/div><\/figure><figure class='gallery-item'>\n\t\t\t<div class='gallery-icon landscape'>\n\t\t\t\t<a href='https:\/\/francescophoto.it\/blog\/2014\/12\/30\/canon-eos-7d-ii-impressioni\/09-canon-eos-7d-mark-ii-2014-12-06-11-00-16-0e3a0031s\/'><img loading=\"lazy\" decoding=\"async\" width=\"128\" height=\"96\" src=\"https:\/\/francescophoto.it\/blog\/wp-content\/uploads\/2014\/12\/09-canon-eos-7d-mark-ii-2014-12-06-11-00-16-0e3a0031s-128x96.jpg\" class=\"attachment-thumbnail size-thumbnail\" alt=\"\" \/><\/a>\n\t\t\t<\/div><\/figure><figure class='gallery-item'>\n\t\t\t<div class='gallery-icon landscape'>\n\t\t\t\t<a href='https:\/\/francescophoto.it\/blog\/2014\/12\/30\/canon-eos-7d-ii-impressioni\/10-canon-eos-7d-mark-ii-2014-12-06-11-00-17-0e3a0032s\/'><img loading=\"lazy\" decoding=\"async\" width=\"128\" height=\"96\" src=\"https:\/\/francescophoto.it\/blog\/wp-content\/uploads\/2014\/12\/10-canon-eos-7d-mark-ii-2014-12-06-11-00-17-0e3a0032s-128x96.jpg\" class=\"attachment-thumbnail size-thumbnail\" alt=\"\" \/><\/a>\n\t\t\t<\/div><\/figure><figure class='gallery-item'>\n\t\t\t<div class='gallery-icon landscape'>\n\t\t\t\t<a href='https:\/\/francescophoto.it\/blog\/2014\/12\/30\/canon-eos-7d-ii-impressioni\/11-canon-eos-7d-mark-ii-2014-12-06-11-00-17-0e3a0033s\/'><img loading=\"lazy\" decoding=\"async\" width=\"128\" height=\"96\" src=\"https:\/\/francescophoto.it\/blog\/wp-content\/uploads\/2014\/12\/11-canon-eos-7d-mark-ii-2014-12-06-11-00-17-0e3a0033s-128x96.jpg\" class=\"attachment-thumbnail size-thumbnail\" alt=\"\" \/><\/a>\n\t\t\t<\/div><\/figure><figure class='gallery-item'>\n\t\t\t<div class='gallery-icon landscape'>\n\t\t\t\t<a href='https:\/\/francescophoto.it\/blog\/2014\/12\/30\/canon-eos-7d-ii-impressioni\/12-canon-eos-7d-mark-ii-2014-12-06-11-00-17-0e3a0034s\/'><img loading=\"lazy\" decoding=\"async\" width=\"128\" height=\"96\" src=\"https:\/\/francescophoto.it\/blog\/wp-content\/uploads\/2014\/12\/12-canon-eos-7d-mark-ii-2014-12-06-11-00-17-0e3a0034s-128x96.jpg\" class=\"attachment-thumbnail size-thumbnail\" alt=\"\" \/><\/a>\n\t\t\t<\/div><\/figure><figure class='gallery-item'>\n\t\t\t<div class='gallery-icon landscape'>\n\t\t\t\t<a href='https:\/\/francescophoto.it\/blog\/2014\/12\/30\/canon-eos-7d-ii-impressioni\/13-canon-eos-7d-mark-ii-2014-12-06-11-00-17-0e3a0035s\/'><img loading=\"lazy\" decoding=\"async\" width=\"128\" height=\"96\" src=\"https:\/\/francescophoto.it\/blog\/wp-content\/uploads\/2014\/12\/13-canon-eos-7d-mark-ii-2014-12-06-11-00-17-0e3a0035s-128x96.jpg\" class=\"attachment-thumbnail size-thumbnail\" alt=\"\" \/><\/a>\n\t\t\t<\/div><\/figure><figure class='gallery-item'>\n\t\t\t<div class='gallery-icon landscape'>\n\t\t\t\t<a href='https:\/\/francescophoto.it\/blog\/2014\/12\/30\/canon-eos-7d-ii-impressioni\/14-canon-eos-7d-mark-ii-2014-12-06-11-00-17-0e3a0036s\/'><img loading=\"lazy\" decoding=\"async\" width=\"128\" height=\"96\" src=\"https:\/\/francescophoto.it\/blog\/wp-content\/uploads\/2014\/12\/14-canon-eos-7d-mark-ii-2014-12-06-11-00-17-0e3a0036s-128x96.jpg\" class=\"attachment-thumbnail size-thumbnail\" alt=\"\" \/><\/a>\n\t\t\t<\/div><\/figure><figure class='gallery-item'>\n\t\t\t<div class='gallery-icon landscape'>\n\t\t\t\t<a href='https:\/\/francescophoto.it\/blog\/2014\/12\/30\/canon-eos-7d-ii-impressioni\/15-canon-eos-7d-mark-ii-2014-12-06-11-00-17-0e3a0037s\/'><img loading=\"lazy\" decoding=\"async\" width=\"128\" height=\"96\" src=\"https:\/\/francescophoto.it\/blog\/wp-content\/uploads\/2014\/12\/15-canon-eos-7d-mark-ii-2014-12-06-11-00-17-0e3a0037s-128x96.jpg\" class=\"attachment-thumbnail size-thumbnail\" alt=\"\" \/><\/a>\n\t\t\t<\/div><\/figure><figure class='gallery-item'>\n\t\t\t<div class='gallery-icon landscape'>\n\t\t\t\t<a href='https:\/\/francescophoto.it\/blog\/2014\/12\/30\/canon-eos-7d-ii-impressioni\/16-canon-eos-7d-mark-ii-2014-12-06-11-00-17-0e3a0038s\/'><img loading=\"lazy\" decoding=\"async\" width=\"128\" height=\"96\" src=\"https:\/\/francescophoto.it\/blog\/wp-content\/uploads\/2014\/12\/16-canon-eos-7d-mark-ii-2014-12-06-11-00-17-0e3a0038s-128x96.jpg\" class=\"attachment-thumbnail size-thumbnail\" alt=\"\" \/><\/a>\n\t\t\t<\/div><\/figure><figure class='gallery-item'>\n\t\t\t<div class='gallery-icon landscape'>\n\t\t\t\t<a href='https:\/\/francescophoto.it\/blog\/2014\/12\/30\/canon-eos-7d-ii-impressioni\/17-canon-eos-7d-mark-ii-2014-12-06-11-00-17-0e3a0039s\/'><img loading=\"lazy\" decoding=\"async\" width=\"128\" height=\"96\" src=\"https:\/\/francescophoto.it\/blog\/wp-content\/uploads\/2014\/12\/17-canon-eos-7d-mark-ii-2014-12-06-11-00-17-0e3a0039s-128x96.jpg\" class=\"attachment-thumbnail size-thumbnail\" alt=\"\" \/><\/a>\n\t\t\t<\/div><\/figure><figure class='gallery-item'>\n\t\t\t<div class='gallery-icon landscape'>\n\t\t\t\t<a href='https:\/\/francescophoto.it\/blog\/2014\/12\/30\/canon-eos-7d-ii-impressioni\/18-canon-eos-7d-mark-ii-2014-12-06-11-00-17-0e3a0040s\/'><img loading=\"lazy\" decoding=\"async\" width=\"128\" height=\"96\" src=\"https:\/\/francescophoto.it\/blog\/wp-content\/uploads\/2014\/12\/18-canon-eos-7d-mark-ii-2014-12-06-11-00-17-0e3a0040s-128x96.jpg\" class=\"attachment-thumbnail size-thumbnail\" alt=\"\" \/><\/a>\n\t\t\t<\/div><\/figure><figure class='gallery-item'>\n\t\t\t<div class='gallery-icon landscape'>\n\t\t\t\t<a href='https:\/\/francescophoto.it\/blog\/2014\/12\/30\/canon-eos-7d-ii-impressioni\/19-canon-eos-7d-mark-ii-2014-12-06-11-00-17-0e3a0041s\/'><img loading=\"lazy\" decoding=\"async\" width=\"128\" height=\"96\" src=\"https:\/\/francescophoto.it\/blog\/wp-content\/uploads\/2014\/12\/19-canon-eos-7d-mark-ii-2014-12-06-11-00-17-0e3a0041s-128x96.jpg\" class=\"attachment-thumbnail size-thumbnail\" alt=\"\" \/><\/a>\n\t\t\t<\/div><\/figure><figure class='gallery-item'>\n\t\t\t<div class='gallery-icon landscape'>\n\t\t\t\t<a href='https:\/\/francescophoto.it\/blog\/2014\/12\/30\/canon-eos-7d-ii-impressioni\/20-canon-eos-7d-mark-ii-2014-12-06-11-00-18-0e3a0042s\/'><img loading=\"lazy\" decoding=\"async\" width=\"128\" height=\"96\" src=\"https:\/\/francescophoto.it\/blog\/wp-content\/uploads\/2014\/12\/20-canon-eos-7d-mark-ii-2014-12-06-11-00-18-0e3a0042s-128x96.jpg\" class=\"attachment-thumbnail size-thumbnail\" alt=\"\" \/><\/a>\n\t\t\t<\/div><\/figure><figure class='gallery-item'>\n\t\t\t<div class='gallery-icon landscape'>\n\t\t\t\t<a href='https:\/\/francescophoto.it\/blog\/2014\/12\/30\/canon-eos-7d-ii-impressioni\/21-canon-eos-7d-mark-ii-2014-12-06-11-00-18-0e3a0043s\/'><img loading=\"lazy\" decoding=\"async\" width=\"128\" height=\"96\" src=\"https:\/\/francescophoto.it\/blog\/wp-content\/uploads\/2014\/12\/21-canon-eos-7d-mark-ii-2014-12-06-11-00-18-0e3a0043s-128x96.jpg\" class=\"attachment-thumbnail size-thumbnail\" alt=\"\" \/><\/a>\n\t\t\t<\/div><\/figure>\n\t\t<\/div>\n\n<p>Le foto sono tutte perfettamente a fuoco sul soggetto scelto al prmo scatto che viene seguito anche se si sposta lateralmente perch\u00e8 i 65 punti AF coprono la maggior parte della zona inquadrata. Con le fullframe invece i punti sono pi\u00f9 concentrati verso il centro dell&#8217;inquadratura e se il soggetto si sposta lateralmente non pu\u00f2 pi\u00f9 essere seguito.<\/p>\n<p>E&#8217; una prestazione notevole che consente di affrontare in sicurezza riprese sportive o di animali in libert\u00e0 con la certezza di ottenere foto nitide e a fuoco. Sono poche le macchine che possono vantare simili prestazioni. Fino ad oggi erano solo le reflex professionali del calibro della 1Dx, che arriva a 14 fg\/s, o della Nikon D4s. Oggi le stesse prestazioni o quasi possono essere ottenute con la 7D II che costa un terzo.<br \/>\nAttualmente per\u00f2 alla 7D II si aggiungono altre concorrenti. Prima fra tutte la Sony SLT A77 II reflex con specchio semitrasparente, 79 punti AF che coprono pressoch\u00e8 tutta l&#8217;inquadratura e 12 fg\/s, poi la Sony A6000 piccola mirrorless con 179 punti AF a rilevamento di fase e 11 fg\/s che riesce a mettere a fuoco su soggetti in movimento come la 7D II e infine la Samsung NX1 mirrorless con ben 209 punti AF a rilevamento di fase e 15 fg\/s (che sono in attesa di provare). Ci sarebbero anche le Nikon 1, in particolare la V3, capaci di raffiche ancora pi\u00f9 veloci e di messa a fuoco a rilevamento di fase molto veloce, ma sono penalizzate dal piccolo formato del sensore.<br \/>\nLa 7D II ha comunque il vantaggio del mirino reflex ottico che garantisce una visione migliore durante le raffiche veloci e dell&#8217;enorme corredo di obiettivi disponibile di Canon e di altri produttori che le altre non possono uguagliare.<\/p>\n<p>La 7D per\u00f2 non \u00e8 solo una fotocamera per foto sportive, ma fornisce ottime prestazioni in tutte le altre le situazioni.<\/p>\n<h3>Rumore<\/h3>\n<div id='gallery-2' class='gallery galleryid-28777 gallery-columns-4 gallery-size-thumbnail'><figure class='gallery-item'>\n\t\t\t<div class='gallery-icon landscape'>\n\t\t\t\t<a href='https:\/\/francescophoto.it\/blog\/2014\/12\/30\/canon-eos-7d-ii-impressioni\/02-canon-eos-7d-mark-ii-iso-100-0e3a0198-dpp-nonr\/'><img loading=\"lazy\" decoding=\"async\" width=\"128\" height=\"96\" src=\"https:\/\/francescophoto.it\/blog\/wp-content\/uploads\/2014\/12\/02-canon-eos-7d-mark-ii-iso-100-0e3a0198-dpp-nonr-128x96.jpg\" class=\"attachment-thumbnail size-thumbnail\" alt=\"\" \/><\/a>\n\t\t\t<\/div><\/figure><figure class='gallery-item'>\n\t\t\t<div class='gallery-icon landscape'>\n\t\t\t\t<a href='https:\/\/francescophoto.it\/blog\/2014\/12\/30\/canon-eos-7d-ii-impressioni\/03-canon-eos-7d-mark-ii-iso-200-0e3a0200-dpp-nonr\/'><img loading=\"lazy\" decoding=\"async\" width=\"128\" height=\"96\" src=\"https:\/\/francescophoto.it\/blog\/wp-content\/uploads\/2014\/12\/03-canon-eos-7d-mark-ii-iso-200-0e3a0200-dpp-nonr-128x96.jpg\" class=\"attachment-thumbnail size-thumbnail\" alt=\"\" \/><\/a>\n\t\t\t<\/div><\/figure><figure class='gallery-item'>\n\t\t\t<div class='gallery-icon landscape'>\n\t\t\t\t<a href='https:\/\/francescophoto.it\/blog\/2014\/12\/30\/canon-eos-7d-ii-impressioni\/04-canon-eos-7d-mark-ii-iso-400-0e3a0201-dpp-nonr\/'><img loading=\"lazy\" decoding=\"async\" width=\"128\" height=\"96\" src=\"https:\/\/francescophoto.it\/blog\/wp-content\/uploads\/2014\/12\/04-canon-eos-7d-mark-ii-iso-400-0e3a0201-dpp-nonr-128x96.jpg\" class=\"attachment-thumbnail size-thumbnail\" alt=\"\" \/><\/a>\n\t\t\t<\/div><\/figure><figure class='gallery-item'>\n\t\t\t<div class='gallery-icon landscape'>\n\t\t\t\t<a href='https:\/\/francescophoto.it\/blog\/2014\/12\/30\/canon-eos-7d-ii-impressioni\/05-canon-eos-7d-mark-ii-iso-800-0e3a0202-dpp-nonr\/'><img loading=\"lazy\" decoding=\"async\" width=\"128\" height=\"96\" src=\"https:\/\/francescophoto.it\/blog\/wp-content\/uploads\/2014\/12\/05-canon-eos-7d-mark-ii-iso-800-0e3a0202-dpp-nonr-128x96.jpg\" class=\"attachment-thumbnail size-thumbnail\" alt=\"\" \/><\/a>\n\t\t\t<\/div><\/figure>\n\t\t<\/div>\n\n<p>Nella prova per valutare la qualit\u00e0 delle foto alle alte sensibilit\u00e0 e il rapporto segnale\/rumore ha ugualmente fornito buone prestazioni per una APS. Il rumore si comincia a vedere a 1600 Iso, ma anche a 3200 pur essendo ben visibile pu\u00f2 essere tollerabile e non fa perdere troppa nitidezza alle foto. Oltre questa sensibilit\u00e0 per\u00f2 per usare le foto \u00e8 necessaria un&#8217;opportuna riduzione di rumore, come nelle foto pubblicate. Oltre i 12800 per\u00f2 il recupero \u00e8 difficile e quelle a 51200 Iso sono praticamente inusabili.<\/p>\n<p>In conclusione se si cerca una fotocamera per riprese di soggetti in movimento, foto sportive, animali in libert\u00e0, bambini che corrono, street, la 7D II \u00e8 un&#8217;ottima scelta, ma se si fanno paesaggi, ritratti, architettura, macro e riprese in studio una 6D con sensore fullframe allo stesso prezzo (o anche meno) \u00e8 preferibile.<\/p>\n","protected":false},"excerpt":{"rendered":"<p>Recentemente ho avuto modo di effettuare una prima prova, molto breve, della nuova Canon 7D Mark II durante il Canon day tenuto dal noto negozio romano La Placa. La 7D II mantiene tutte le qualit\u00e0 del precedente modello, ma \u00e8 stata aggiornata in alcuni aspetti importanti come il sensore, sempre di formato APS-C ma ora &hellip; <a href=\"https:\/\/francescophoto.it\/blog\/2014\/12\/30\/canon-eos-7d-ii-impressioni\/\" class=\"more-link\">Continua la lettura di <span class=\"screen-reader-text\">Canon EOS 7D II: impressioni<\/span> <span class=\"meta-nav\">&rarr;<\/span><\/a><\/p>\n","protected":false},"author":1,"featured_media":0,"comment_status":"open","ping_status":"open","sticky":false,"template":"","format":"standard","meta":{"_jetpack_memberships_contains_paid_content":false,"footnotes":""},"categories":[47,10,18],"tags":[57,256,280,497],"class_list":["post-28777","post","type-post","status-publish","format-standard","hentry","category-47","category-dslr","category-impressioni-fotocamere","tag-d-ii","tag-aps","tag-canon","tag-eos-7d-mark-ii"],"jetpack_featured_media_url":"","jetpack_sharing_enabled":true,"_links":{"self":[{"href":"https:\/\/francescophoto.it\/blog\/wp-json\/wp\/v2\/posts\/28777","targetHints":{"allow":["GET"]}}],"collection":[{"href":"https:\/\/francescophoto.it\/blog\/wp-json\/wp\/v2\/posts"}],"about":[{"href":"https:\/\/francescophoto.it\/blog\/wp-json\/wp\/v2\/types\/post"}],"author":[{"embeddable":true,"href":"https:\/\/francescophoto.it\/blog\/wp-json\/wp\/v2\/users\/1"}],"replies":[{"embeddable":true,"href":"https:\/\/francescophoto.it\/blog\/wp-json\/wp\/v2\/comments?post=28777"}],"version-history":[{"count":0,"href":"https:\/\/francescophoto.it\/blog\/wp-json\/wp\/v2\/posts\/28777\/revisions"}],"wp:attachment":[{"href":"https:\/\/francescophoto.it\/blog\/wp-json\/wp\/v2\/media?parent=28777"}],"wp:term":[{"taxonomy":"category","embeddable":true,"href":"https:\/\/francescophoto.it\/blog\/wp-json\/wp\/v2\/categories?post=28777"},{"taxonomy":"post_tag","embeddable":true,"href":"https:\/\/francescophoto.it\/blog\/wp-json\/wp\/v2\/tags?post=28777"}],"curies":[{"name":"wp","href":"https:\/\/api.w.org\/{rel}","templated":true}]}}