{"id":28760,"date":"2014-12-21T21:51:06","date_gmt":"2014-12-21T20:51:06","guid":{"rendered":"http:\/\/blog.francescophoto.it\/?p=28760"},"modified":"2014-12-21T21:51:06","modified_gmt":"2014-12-21T20:51:06","slug":"fotocamere-dellanno-2014","status":"publish","type":"post","link":"https:\/\/francescophoto.it\/blog\/2014\/12\/21\/fotocamere-dellanno-2014\/","title":{"rendered":"Fotocamere dell&#8217;anno 2014"},"content":{"rendered":"<p>Ormai tutte le novit\u00e0 del 2014 sono state presentate. Le prossime saranno in occasione del CES (Consumer Electronic Show) che si terr\u00e0 \u00a0a\u00a0gennaio 2015.<br \/>\nE\u2019 quindi tempo di consuntivi e di individuare quali sono state le novit\u00e0 pi\u00f9 significative di questo 2014.<br \/>\nPropongo quindi un sondaggio per scegliere quali secondo voi sono state le novit\u00e0 pi\u00f9 interessanti presentate. E\u2019 importante valutare gli elementi di novit\u00e0 delle varie fotocamere e le loro caratteristiche che le distinguono dal gruppo. Il sondaggio prevede la divisione delle fotocamere in quattro categorie perch\u00e8 non \u00e8 corretto e non \u00e8 possibile paragonare una compatta tascabile ad una reflex professionale.<!--more--><\/p>\n<p><span id=\"more-15598\"><\/span><br \/>\nLe categorie in cui ho suddiviso le fotocamere sono:<\/p>\n<p><strong>&#8211; reflex<\/strong><br \/>\n<strong> &#8211; mirrorless<\/strong><br \/>\n<strong> &#8211; bridge<\/strong><br \/>\n<strong> &#8211; compatte<\/strong><\/p>\n<p>Per le prime tre categorie ho preso in considerazione tutte le novit\u00e0 presentate nel 2014, mentre per le compatte ho selezionato quelle pi\u00f9 significative, trascurando l\u2019enorme numero di compatte economiche che venivano rinnovate ogni sei mesi e che non presentano nessuna caratteristica particolare che le faccia distinguere. Non ho preso nemmeno in considerazione le fotocamere subacquee e quelle \u201csimil bridge\u201d cio\u00e8 con una forma ed obiettivi da bridge, ma senza mirino.<\/p>\n<p>Per ogni categoria si potranno votare fino a\u00a0<strong>tre<\/strong> fotocamere. ll sondaggio sar\u00e0 aperto fino a <strong>met\u00e0 gennaio<\/strong>, poi dai risultati predisporr\u00f2 un altro sondaggio con le tre migliori fotocamere di ogni categoria per decidere quale sar\u00e0 la fotocamera dell\u2019anno 2014.<\/p>\n<p>[polldaddy poll=8539028]<\/p>\n<p>[polldaddy poll=8539039]<\/p>\n<p>[polldaddy poll=8539055]<\/p>\n<p>[polldaddy poll=8539195]<\/p>\n<p>&nbsp;<\/p>\n","protected":false},"excerpt":{"rendered":"<p>Ormai tutte le novit\u00e0 del 2014 sono state presentate. Le prossime saranno in occasione del CES (Consumer Electronic Show) che si terr\u00e0 \u00a0a\u00a0gennaio 2015. E\u2019 quindi tempo di consuntivi e di individuare quali sono state le novit\u00e0 pi\u00f9 significative di questo 2014. Propongo quindi un sondaggio per scegliere quali secondo voi sono state le novit\u00e0 &hellip; <a href=\"https:\/\/francescophoto.it\/blog\/2014\/12\/21\/fotocamere-dellanno-2014\/\" class=\"more-link\">Continua la lettura di <span class=\"screen-reader-text\">Fotocamere dell&#8217;anno 2014<\/span> <span class=\"meta-nav\">&rarr;<\/span><\/a><\/p>\n","protected":false},"author":1,"featured_media":0,"comment_status":"open","ping_status":"open","sticky":false,"template":"","format":"standard","meta":{"_jetpack_memberships_contains_paid_content":false,"footnotes":""},"categories":[17,27],"tags":[],"class_list":["post-28760","post","type-post","status-publish","format-standard","hentry","category-generale","category-sondaggi"],"jetpack_featured_media_url":"","jetpack_sharing_enabled":true,"_links":{"self":[{"href":"https:\/\/francescophoto.it\/blog\/wp-json\/wp\/v2\/posts\/28760","targetHints":{"allow":["GET"]}}],"collection":[{"href":"https:\/\/francescophoto.it\/blog\/wp-json\/wp\/v2\/posts"}],"about":[{"href":"https:\/\/francescophoto.it\/blog\/wp-json\/wp\/v2\/types\/post"}],"author":[{"embeddable":true,"href":"https:\/\/francescophoto.it\/blog\/wp-json\/wp\/v2\/users\/1"}],"replies":[{"embeddable":true,"href":"https:\/\/francescophoto.it\/blog\/wp-json\/wp\/v2\/comments?post=28760"}],"version-history":[{"count":0,"href":"https:\/\/francescophoto.it\/blog\/wp-json\/wp\/v2\/posts\/28760\/revisions"}],"wp:attachment":[{"href":"https:\/\/francescophoto.it\/blog\/wp-json\/wp\/v2\/media?parent=28760"}],"wp:term":[{"taxonomy":"category","embeddable":true,"href":"https:\/\/francescophoto.it\/blog\/wp-json\/wp\/v2\/categories?post=28760"},{"taxonomy":"post_tag","embeddable":true,"href":"https:\/\/francescophoto.it\/blog\/wp-json\/wp\/v2\/tags?post=28760"}],"curies":[{"name":"wp","href":"https:\/\/api.w.org\/{rel}","templated":true}]}}