{"id":2751,"date":"2009-12-22T12:58:25","date_gmt":"2009-12-22T11:58:25","guid":{"rendered":"http:\/\/francescophoto.wordpress.com\/?p=2751"},"modified":"2009-12-22T12:58:25","modified_gmt":"2009-12-22T11:58:25","slug":"auguri-2","status":"publish","type":"post","link":"https:\/\/francescophoto.it\/blog\/2009\/12\/22\/auguri-2\/","title":{"rendered":"Auguri !!!"},"content":{"rendered":"<p><strong><a href=\"http:\/\/blog.francescophoto.it\/wp-content\/uploads\/2008\/12\/natale024.jpg\"><img loading=\"lazy\" decoding=\"async\" class=\"alignright size-large wp-image-628\" title=\"natale024\" src=\"http:\/\/blog.francescophoto.it\/wp-content\/uploads\/2008\/12\/natale024.jpg?w=500\" alt=\"\" width=\"500\" height=\"375\" srcset=\"https:\/\/francescophoto.it\/blog\/wp-content\/uploads\/2008\/12\/natale024.jpg 800w, https:\/\/francescophoto.it\/blog\/wp-content\/uploads\/2008\/12\/natale024-500x375.jpg 500w, https:\/\/francescophoto.it\/blog\/wp-content\/uploads\/2008\/12\/natale024-128x96.jpg 128w, https:\/\/francescophoto.it\/blog\/wp-content\/uploads\/2008\/12\/natale024-768x576.jpg 768w\" sizes=\"auto, (max-width: 500px) 100vw, 500px\" \/><\/a>Tanti auguri di buon Natale e felice anno nuovo a tutti i lettori del blog e alle loro famiglie.<\/strong><\/p>\n<p>Auguro di cuore buone vacanze a tutti. Anche io andr\u00f2 in vacanza anche se fino a fine anno continuer\u00f2 a segure il blog ed a scrivere qualche articolo.<br \/>\nDopo sar\u00e0 un po&#8217; pi\u00f9 difficile perch\u00e8\u00a0sugli sci mi\u00a0sar\u00e0 difficile collegarmi! Lo far\u00f2 solo nel caso ci fosse qualche novit\u00e0 importante- Comunque ci rivedremo il\u00a09 gennaio, dopo la mia tanto sospirata vacanza sulla neve.<\/p>\n","protected":false},"excerpt":{"rendered":"<p>Tanti auguri di buon Natale e felice anno nuovo a tutti i lettori del blog e alle loro famiglie. Auguro di cuore buone vacanze a tutti. Anche io andr\u00f2 in vacanza anche se fino a fine anno continuer\u00f2 a segure il blog ed a scrivere qualche articolo. Dopo sar\u00e0 un po&#8217; pi\u00f9 difficile perch\u00e8\u00a0sugli sci &hellip; <a href=\"https:\/\/francescophoto.it\/blog\/2009\/12\/22\/auguri-2\/\" class=\"more-link\">Continua la lettura di <span class=\"screen-reader-text\">Auguri !!!<\/span> <span class=\"meta-nav\">&rarr;<\/span><\/a><\/p>\n","protected":false},"author":1,"featured_media":0,"comment_status":"open","ping_status":"open","sticky":false,"template":"","format":"standard","meta":{"_jetpack_memberships_contains_paid_content":false,"footnotes":""},"categories":[39],"tags":[],"class_list":["post-2751","post","type-post","status-publish","format-standard","hentry","category-uncategorized"],"jetpack_featured_media_url":"","jetpack_sharing_enabled":true,"_links":{"self":[{"href":"https:\/\/francescophoto.it\/blog\/wp-json\/wp\/v2\/posts\/2751","targetHints":{"allow":["GET"]}}],"collection":[{"href":"https:\/\/francescophoto.it\/blog\/wp-json\/wp\/v2\/posts"}],"about":[{"href":"https:\/\/francescophoto.it\/blog\/wp-json\/wp\/v2\/types\/post"}],"author":[{"embeddable":true,"href":"https:\/\/francescophoto.it\/blog\/wp-json\/wp\/v2\/users\/1"}],"replies":[{"embeddable":true,"href":"https:\/\/francescophoto.it\/blog\/wp-json\/wp\/v2\/comments?post=2751"}],"version-history":[{"count":0,"href":"https:\/\/francescophoto.it\/blog\/wp-json\/wp\/v2\/posts\/2751\/revisions"}],"wp:attachment":[{"href":"https:\/\/francescophoto.it\/blog\/wp-json\/wp\/v2\/media?parent=2751"}],"wp:term":[{"taxonomy":"category","embeddable":true,"href":"https:\/\/francescophoto.it\/blog\/wp-json\/wp\/v2\/categories?post=2751"},{"taxonomy":"post_tag","embeddable":true,"href":"https:\/\/francescophoto.it\/blog\/wp-json\/wp\/v2\/tags?post=2751"}],"curies":[{"name":"wp","href":"https:\/\/api.w.org\/{rel}","templated":true}]}}