{"id":2746,"date":"2009-12-21T23:40:30","date_gmt":"2009-12-21T22:40:30","guid":{"rendered":"http:\/\/francescophoto.wordpress.com\/?p=2746"},"modified":"2009-12-21T23:40:30","modified_gmt":"2009-12-21T22:40:30","slug":"canon-7d-nuove-foto","status":"publish","type":"post","link":"https:\/\/francescophoto.it\/blog\/2009\/12\/21\/canon-7d-nuove-foto\/","title":{"rendered":"Canon 7D :  nuove foto"},"content":{"rendered":"<p><a href=\"http:\/\/blog.francescophoto.it\/wp-content\/uploads\/2009\/11\/eos7d_7_l.jpg\"><img loading=\"lazy\" decoding=\"async\" class=\"alignright size-thumbnail wp-image-2590\" title=\"EOS7D_7_L\" src=\"http:\/\/blog.francescophoto.it\/wp-content\/uploads\/2009\/11\/eos7d_7_l.jpg?w=105\" alt=\"\" width=\"105\" height=\"96\" \/><\/a>In occasione della nuova edizione del Canon day, tenutasi sempre presso la La Placa Academy, ho avuto occasione di scattare una serie di nuove foto con la Canon 7D. Ho potuto quindi provare meglio il sistema autofocus, anche se solo con un soggetto statico, provando l&#8217;efficacia della possibilit\u00e0 di suddividere i punti di messa a fuoco in zone e familiarizzarmi meglio con la sua ergonomia ed i suoi comandi, con i quali io, abituato di pi\u00f9 a Nikon, mi sono trovato bene. Ho anche apprezzato il suo livello di costruzione e di finitura molto elevato e la consistenza del corpo macchina che \u00e8 veramente robusto. Insieme alla 7D ho potuto provare l&#8217;eccellente Canon EF 70-200\/4.0 L IS USM con il quale sono scattate le nuove foto.<!--more--><\/p>\n<p>Le nuove\u00a0foto sono visibili nell&#8217;articolo <a href=\"http:\/\/francescophoto.wordpress.com\/2009\/11\/30\/canon-7d-test-ad-alti-iso\/\">Canon 7D test a alti Iso<\/a><br \/>\nI risultati, forse anche per merito del 70-200\/4.0, sono eccellenti e migliori di quelli della precedente sessione durante la quale avevo usato il pur ottimo 15-85\/3.5-5.6 IS USM. La risolvenza \u00e8 estremamente elevata e il rumore contenutissimo anche alle sensibilit\u00e0 pi\u00f9 alte di 6400 e 12800 Iso. Questo non \u00e8 per\u00f2 merito dell&#8217;obiettivo, ma della fotocamera che forse aveva un firmware aggiornato rispetto alla precedente, anche se non ne ho notizia.<br \/>\nEsaminando le foto si vede che nel formato equivalente, in visualizzazione sul monitor, ad un A3 anche i 12800 Iso sono perfettamente usabili, con una perdita minima di definizione ed un rumore appena percepibile.<br \/>\nNel formato equivalente ad un A2 le sensibilit\u00e0 fino a 6400 Iso sono ancora ottime mentre per i 12800 Iso si perde qualcosa in definizione e si percepisce un po&#8217; di rumore, ma anche queste sono utilizzabili considerando che una foto 60&#215;40 non si guarda certo da 30 cm.<br \/>\nAnche guardando le foto a pieno formato, equivalenti ad una stampa di 150&#215;100 cm, si vede che la risoluzione \u00e8 elevata ed il rumore contenuto. I 18 Mpx insomma si fanno sentire positivamente.<br \/>\nConfrontando le foto con quelle scattate con le Nikon D90 e D300s (che pubblicher\u00f2 presto) sipu\u00f2 vedere che la 7D ha rispetto a queste un vantaggio di oltre uno stop in termini di rumore ed una maggior risoluzione. In confronto alla D700 si pu\u00f2 constatare una risoluzione inferiore, anche se non di molto, ma un rumore superiore anche a 6400 Iso. L&#8217;unica che regge il confronto e supera la 7D per il contenimento del rumore \u00e8, oltre alla sorella 5D II, la Nicon D3s, anche questa veramente stupefacente per pulizia d&#8217;immagine alle alte sensibilit\u00e0.<\/p>\n","protected":false},"excerpt":{"rendered":"<p>In occasione della nuova edizione del Canon day, tenutasi sempre presso la La Placa Academy, ho avuto occasione di scattare una serie di nuove foto con la Canon 7D. Ho potuto quindi provare meglio il sistema autofocus, anche se solo con un soggetto statico, provando l&#8217;efficacia della possibilit\u00e0 di suddividere i punti di messa a &hellip; <a href=\"https:\/\/francescophoto.it\/blog\/2009\/12\/21\/canon-7d-nuove-foto\/\" class=\"more-link\">Continua la lettura di <span class=\"screen-reader-text\">Canon 7D :  nuove foto<\/span> <span class=\"meta-nav\">&rarr;<\/span><\/a><\/p>\n","protected":false},"author":1,"featured_media":0,"comment_status":"open","ping_status":"open","sticky":false,"template":"","format":"standard","meta":{"_jetpack_memberships_contains_paid_content":false,"footnotes":""},"categories":[42,10,18],"tags":[170,280],"class_list":["post-2746","post","type-post","status-publish","format-standard","hentry","category-42","category-dslr","category-impressioni-fotocamere","tag-7d","tag-canon"],"jetpack_featured_media_url":"","jetpack_sharing_enabled":true,"_links":{"self":[{"href":"https:\/\/francescophoto.it\/blog\/wp-json\/wp\/v2\/posts\/2746","targetHints":{"allow":["GET"]}}],"collection":[{"href":"https:\/\/francescophoto.it\/blog\/wp-json\/wp\/v2\/posts"}],"about":[{"href":"https:\/\/francescophoto.it\/blog\/wp-json\/wp\/v2\/types\/post"}],"author":[{"embeddable":true,"href":"https:\/\/francescophoto.it\/blog\/wp-json\/wp\/v2\/users\/1"}],"replies":[{"embeddable":true,"href":"https:\/\/francescophoto.it\/blog\/wp-json\/wp\/v2\/comments?post=2746"}],"version-history":[{"count":0,"href":"https:\/\/francescophoto.it\/blog\/wp-json\/wp\/v2\/posts\/2746\/revisions"}],"wp:attachment":[{"href":"https:\/\/francescophoto.it\/blog\/wp-json\/wp\/v2\/media?parent=2746"}],"wp:term":[{"taxonomy":"category","embeddable":true,"href":"https:\/\/francescophoto.it\/blog\/wp-json\/wp\/v2\/categories?post=2746"},{"taxonomy":"post_tag","embeddable":true,"href":"https:\/\/francescophoto.it\/blog\/wp-json\/wp\/v2\/tags?post=2746"}],"curies":[{"name":"wp","href":"https:\/\/api.w.org\/{rel}","templated":true}]}}