{"id":2685,"date":"2009-12-10T16:53:03","date_gmt":"2009-12-10T15:53:03","guid":{"rendered":"http:\/\/francescophoto.wordpress.com\/?p=2685"},"modified":"2009-12-10T16:53:03","modified_gmt":"2009-12-10T15:53:03","slug":"nikon-day-28-11","status":"publish","type":"post","link":"https:\/\/francescophoto.it\/blog\/2009\/12\/10\/nikon-day-28-11\/","title":{"rendered":"Nikon Day 28-11"},"content":{"rendered":"<p><a href=\"http:\/\/blog.francescophoto.it\/wp-content\/uploads\/2009\/10\/d3s_1_l.jpg\"><img loading=\"lazy\" decoding=\"async\" class=\"alignright size-thumbnail wp-image-2398\" title=\"D3S_1_L\" src=\"http:\/\/blog.francescophoto.it\/wp-content\/uploads\/2009\/10\/d3s_1_l.jpg?w=100\" alt=\"\" width=\"100\" height=\"96\" \/><\/a><a href=\"http:\/\/blog.francescophoto.it\/wp-content\/uploads\/2009\/07\/d300s_16_85_front-tb.jpg\"><img loading=\"lazy\" decoding=\"async\" class=\"alignright size-thumbnail wp-image-1966\" title=\"D300S_16_85_front-tb\" src=\"http:\/\/blog.francescophoto.it\/wp-content\/uploads\/2009\/07\/d300s_16_85_front-tb.jpg?w=127\" alt=\"\" width=\"127\" height=\"96\" srcset=\"https:\/\/francescophoto.it\/blog\/wp-content\/uploads\/2009\/07\/d300s_16_85_front-tb.jpg 225w, https:\/\/francescophoto.it\/blog\/wp-content\/uploads\/2009\/07\/d300s_16_85_front-tb-128x96.jpg 128w\" sizes=\"auto, (max-width: 127px) 100vw, 127px\" \/><\/a>Nell&#8217;ultimo Nikon Day, presso il negozio La Placa, a cui ho partecipato ho avuto la possibilit\u00e0 di provare praticamente l&#8217;intera gamma di reflex digitali Nikon. Erano presenti oltre alla gamma gi\u00e0 nota, D700, D90, D5000 e D3000 anche le ultime ed attesissime novit\u00e0 D300s e D3s.<br \/>\nE&#8217; stata un&#8217;esperienza interessante durante ho potuto scattare numerosissime foto con tutte le fotocamere, esclusa la D3000, e con diversi obiettivi.<br \/>\nLa conversione di questa quantit\u00e0 di foto, tutte in formato RAW, la loro catalogazione ed il loro esame e selezione mi sta prendendo molto tempo anche perch\u00e8 vorrei predisporre una serie di articoli, simili a quello che ho gi\u00e0 pubblicato per la Canon 7D, per ciascuna macchina provata.<br \/>\nNel frattempo per\u00f2 selezionandoesaminando le foto scattate posso anticipare gi\u00e0 qualche impressione e qualche risultato preliminare.<!--more--><\/p>\n<p>Naturalmente devo fare ancora una serie di confronti e verifiche, ma lle impressioni che mi sono fatto si stanno consolidando.<br \/>\nLe reflex di gamma medio bassa di Nikon, D90 e D5000, mi hanno di nuovo meravigliato per gli ottimi risultati che consentono di ottenere, soprattutto in relazione al prezzo, con foto abbastanza pulite e nitide anche alle alte sensibilit\u00e0.<br \/>\nImpressionante poi la D3s sotto tutti gli aspetti, peso, dimensioni, qualit\u00e0 e prezzo. le foto sono nitidissime e la si pu\u00f2 usare anche a sensibilit\u00e0 stratosferiche per le altre fotocamere. Altrettanto notevole \u00e8 la qualit\u00e0 del nuovo zoom 70-200\/2,8 VR II provato insieme con la D3s. Se poi si completa il tutto con il flash SB900 dopo una sessione fotografica con questo equipaggiamento si possono risparmiare anche i soldi per la palestra!<br \/>\nMi ha deluso invece la D700 con delle foto abbastanza rumorose e ben lontane dalla qualit\u00e0 di quelle della D3s, che visti i risultati non sembra avere lo stesso sensore. Anche in una precedente occasione ero rimasto perplesso dai risultati della D700, non all&#8217;altezza di quelli della D3, ma allora la macchina era stata appena presentata e avevo pensato che ci\u00f2 fosse dovuto all&#8217;uso di un esemplare di preserie.<br \/>\nAnche la D300s \u00e8 stata abbastanza deludente dal punto di vista della qualit\u00e0 delle foto, mentre per il resto \u00e8 sempre un&#8217;ottima fotocamera. Infatti la resa alle medie ed alle alte sensibilit\u00e0 non mi sembra migliore di quella delle D90 e D5000, come si dovrebbe pretendere da una macchina che costa almeno il doppi, e le foto mi sembrano affette da troppo rumore.<br \/>\nIn ogni caso al prossimo Nikon Day checher\u00f2 di approfondire l&#8217;esame e cercare conferma a queste impressioni.<\/p>\n","protected":false},"excerpt":{"rendered":"<p>Nell&#8217;ultimo Nikon Day, presso il negozio La Placa, a cui ho partecipato ho avuto la possibilit\u00e0 di provare praticamente l&#8217;intera gamma di reflex digitali Nikon. Erano presenti oltre alla gamma gi\u00e0 nota, D700, D90, D5000 e D3000 anche le ultime ed attesissime novit\u00e0 D300s e D3s. E&#8217; stata un&#8217;esperienza interessante durante ho potuto scattare numerosissime &hellip; <a href=\"https:\/\/francescophoto.it\/blog\/2009\/12\/10\/nikon-day-28-11\/\" class=\"more-link\">Continua la lettura di <span class=\"screen-reader-text\">Nikon Day 28-11<\/span> <span class=\"meta-nav\">&rarr;<\/span><\/a><\/p>\n","protected":false},"author":1,"featured_media":0,"comment_status":"open","ping_status":"open","sticky":false,"template":"","format":"standard","meta":{"_jetpack_memberships_contains_paid_content":false,"footnotes":""},"categories":[10,11],"tags":[333,339,346,355,368,905],"class_list":["post-2685","post","type-post","status-publish","format-standard","hentry","category-dslr","category-eventi","tag-d300s","tag-d3s","tag-d5000","tag-d700","tag-d90","tag-nikon"],"jetpack_featured_media_url":"","jetpack_sharing_enabled":true,"_links":{"self":[{"href":"https:\/\/francescophoto.it\/blog\/wp-json\/wp\/v2\/posts\/2685","targetHints":{"allow":["GET"]}}],"collection":[{"href":"https:\/\/francescophoto.it\/blog\/wp-json\/wp\/v2\/posts"}],"about":[{"href":"https:\/\/francescophoto.it\/blog\/wp-json\/wp\/v2\/types\/post"}],"author":[{"embeddable":true,"href":"https:\/\/francescophoto.it\/blog\/wp-json\/wp\/v2\/users\/1"}],"replies":[{"embeddable":true,"href":"https:\/\/francescophoto.it\/blog\/wp-json\/wp\/v2\/comments?post=2685"}],"version-history":[{"count":0,"href":"https:\/\/francescophoto.it\/blog\/wp-json\/wp\/v2\/posts\/2685\/revisions"}],"wp:attachment":[{"href":"https:\/\/francescophoto.it\/blog\/wp-json\/wp\/v2\/media?parent=2685"}],"wp:term":[{"taxonomy":"category","embeddable":true,"href":"https:\/\/francescophoto.it\/blog\/wp-json\/wp\/v2\/categories?post=2685"},{"taxonomy":"post_tag","embeddable":true,"href":"https:\/\/francescophoto.it\/blog\/wp-json\/wp\/v2\/tags?post=2685"}],"curies":[{"name":"wp","href":"https:\/\/api.w.org\/{rel}","templated":true}]}}