{"id":26459,"date":"2014-09-19T23:25:40","date_gmt":"2014-09-19T22:25:40","guid":{"rendered":"http:\/\/blog.francescophoto.it\/?p=26459"},"modified":"2014-09-19T23:25:40","modified_gmt":"2014-09-19T22:25:40","slug":"photokina","status":"publish","type":"post","link":"https:\/\/francescophoto.it\/blog\/2014\/09\/19\/photokina\/","title":{"rendered":"Photokina !!!"},"content":{"rendered":"<p><img loading=\"lazy\" decoding=\"async\" class=\"alignright size-thumbnail wp-image-26480\" src=\"http:\/\/blog.francescophoto.it\/wp-content\/uploads\/2014\/09\/01-photokina-2014_p9170045s.jpg?w=128\" alt=\"OLYMPUS DIGITAL CAMERA\" width=\"128\" height=\"96\" \/>Sono tornato!<br \/>\nSono di nuovo sul blog dopo quattro giorni tedeschi e due di bagno completo di Photokina.<br \/>\nVale la pena? Si si deve vedere questa fiera mondiale, anche se per alcuni aspetti mi ha un po&#8217; deluso.<br \/>\nE&#8217; impressionante la sua grandezza, 9 enormi padiglioni, di cui 5 a due piani, immensi. Tre ingressi, la &#8220;promedade&#8221; centrale che collega il tutto con appeso il famoso mappamondo, la piazza esterna per prendere il sole (e quest&#8217;anno c&#8217;era!) durante il breve intervallo di pranzo.<br \/>\nImpressionante anche il flusso degli addetti ai lavori: iniziano ad entrare alle 9 ed \u00e8 un continuo fino alle 10. Tutti di fretta, di tutte le razze, europei e asiatici di ogni colore. I manager rigorosamente in giacca e cravatta, blu o grigio scuro, ma molti altri casual. Le donne invece molto eleganti e secondo le pi\u00f9 diverse mode.<br \/>\nIl pubblico entra alle 10, ma gi\u00e0 alle 9,15 si inizia a formare la fila davanti ai tornelli, anche se mi si dice non come nelle edizioni passate. Persone di tutte le et\u00e0, uomini e donne, ma purtroppo pochi giovani: sar\u00e0 forse per il costo del biglietto? Tutti sembrano competenti e ben attrezzati, prevalentemente con reflex, portate negligentemente al fianco con una tracolla che si avvita all&#8217;attacco per treppiedi: un sistema comodo che vorrei provare. Mi sento una mosca bianca con la Olympus OM-D E-M10 dotata del suo zoom 14-42 EZ che ho portato per documentare la Photokina, ma sono anche tanto contento perch\u00e8 dopo averla portata per tutto il giorno al collo non sento nessuna fatica e le foto scattate sono eccellenti.<!--more--><\/p>\n<p>Appena entrati tutti si precipitano all&#8217;arrembaggio e il primo padiglione raggiungibile \u00e8, guarda caso, Canon. Immediatamente si formano capannelli presso i banchi delle novit\u00e0: EOS 7D II e Powershot G7 X, ma qui la prima delusione: ce ne sono tante, ma sono prototipi dicono, e non si possono provare usando una propria scheda per portare a casa le foto (sic!). Ci sono anche stampanti e si possono fare stampe, teleobiettivi e si possono provare quasi tutti gli obiettivi.<br \/>\nAccanto c&#8217;\u00e8 Panasonic e vedo se l\u00ec sono pi\u00f9 disponibili, ma niente le novit\u00e0 LX100 e FZ1000 non si provano. Mi negano persino di provare la FZ200: ridicolo ed antipatici!<br \/>\nProseguo e nel successivo padiglione ci sono Nikon e Olympus. Bene \u00e8 l&#8217;occasione di provare la D750 e la D810. Purtroppo l&#8217;unica D750 presente \u00e8 chiusa in una teca di cristallo e si pu\u00f2 solo vedere, ma non toccare, anche se poi la sera scopro che stranamente \u00e8 esposta ed in vendita presso il negozio sotto la cattedrale. Strano! Attorno al bancone della D810 (qui le reflex sono esposte su banchi diversi secondo la categoria) c&#8217;\u00e8 un&#8217;enorme folla per cui rinuncio, riservandomi di tornare pi\u00f9 tardi. Provo per\u00f2 la D3300 e la D7100, meno gettonate e pi\u00f9 accessibili.<br \/>\nMi sposto poi nello stand Olympus e qui si respira un&#8217;altra atmosfera. La folla \u00e8 inferiore e gli addetti molto pi\u00f9 disponibili: mi fanno provare sulla E-M10 qualche obiettivo e poi posso provare con calma la nuova PEN E-PL7 facendo anche dei &#8220;selfie&#8221;, funzione per cui \u00e8 particolarmente versata. In seguito torner\u00f2 e prover\u00f2 anche la Stylus 1.<br \/>\nAndando avanti c&#8217;\u00e8 il piccolo stand Ricoh dove le novit\u00e0 interessanti sono la Pentax K-S1 che riesco a provare e la Pentax 645D attorno alla quale c&#8217;\u00e8 folla, ma che riuscir\u00f2 a provare il giorno successivo approfittando dell&#8217;intervallo di pranzo. Infatti io al massimo mangio un gelato, pi\u00f9 che sufficiente dopo una colazione tedesca!<br \/>\nProseguendo si passa per una galleria con esposte foto che porta al padiglione 4 dove sono Fujifilm, Tamron e Sigma, ognuno con stand faraonici. Presso Fujifilm la storia \u00e8 la stessa: non si possono usare le proprie card per provare le novit\u00e0 X-30, X-100T e X-T1 Graphite Silver (dicono che ha un firmware diverso) e zoom 50-140\/2,8. Provo la X-T1 con il 56 mm f\/1,2.<br \/>\nAlla Sigma fanno provare gli obiettivi ed hanno tutti gli innesti, ma mentre nell&#8217;edizione scorsa si poteva, lasciando in pegno il proprio obiettivo, aggirarsi per tutto lo stand attrezzato con set di posa, quest&#8217;anno si deve rimanere di fronte al bancone con poche possibilit\u00e0 di scatto. Provo comunque il 18-35\/1,8 e il 30\/1,4, oltre che in seguito la DP2 Quattro con sensore Foveon.<br \/>\nStessa storia alla Tamron dove per\u00f2 non mi lascio sfuggire il nuovo 16-300 per formato APS che a differenza dell&#8217;analogo 18-300 di Sigma \u00e8 disponibile.<br \/>\nSono un po&#8217; deluso da questa impossibilit\u00e0 di provare le novit\u00e0 anche se una gentile funzionaria di Fujifilm Italia con cui sono da tempo in contatto e che ho incontrato al suo stand mi spiega che spesso le case presentano le novit\u00e0 anche se sono solo dei prototipi non definitivi perch\u00e8 siano presenti alla Photokina e la loro disponibilit\u00e0 e a qualche mese dalla fiera. Questo \u00e8 almeno il caso di Fujifilm.<br \/>\nA questo punto visto che \u00e8 vicino decido di andare al padiglione Leica. Leica infatti ha un intero padiglione, il N\u00b0 1, per se e lo ha attrezzato in modo magnifico. All&#8217;ingresso, sotto la scritta di benvenuto, delle gentili addette offrono una pubblicazione, in tedesco ed inglese, che illustra sinteticamente tutte le numerose novit\u00e0 ed iniziative della casa. Poi si entra nel padiglione di esposizione dove sono visibili, e si possono provare, tutti i modelli e tutte le novit\u00e0. In riprese succcessive riesco a provare le Leica T, la nuova M-P, ma non la M-A che \u00e8 a pellicola, la S, la X e la X-Vario e infine le D-Lux e V-Lux, versioni Leica delle Panasonic LX100 e FZ1000 che Panasonic non voleva far provare. Gli addetti inoltre sono estremamente gentili e disponibili e chiariscono ogni aspetto delle fotocamere, eppure il padiglione \u00e8 affollato quanto e pi\u00f9 degli altri.<br \/>\nUno dei motivi di questo afflusso son per\u00f2 le mostre fotografiche. La parte finale del padiglione, chiamata &#8220;Galerie&#8221; presenta ben 22 mostre di fotografi famosi. Il tema principale sono le foto di musicisti, compresi Beatles e Rolling Stones, ma non mancano foto di teatri di guerra, Iraq, Afganistan, e foto folcloristiche. E&#8217; una delle migliori attrazioni della fiera, le foto sono esposte con cura e con un&#8217;adeguata illuminazione in un ambiente scuro. Visto che quest&#8217;anno non c&#8217;\u00e8 una sala dedicata alle foto, ma queste sono esposte per sale, corridoi e negli stand, questa \u00e8 indubbiamente la migliore esposizione. Brava Leica!<br \/>\nMi mancano alcuni marchi famosi, cos\u00ec vado alla ricerca di Sony e Samsung che condividono lo stesso padiglione. Ciascuna ha un grande stand, ma la musica non cambia. Presso Samsung la NX-1, mirrorless interessante, non si pu\u00f2 provare con una propria scheda. Riesco successivamente a provarla, in particolare la sua capacit\u00e0 di mess a fuoco in raffica, verificando le foto sullo schermo, ma non posso portarle a casa.<br \/>\nDa Sony si raggiunge il comico quando mi negano di provare, con una mia scheda, la A7S sul mercato da mesi. Me ne vado disgustato, ma in seguito ritorno e riesco a provare la HX400V, la A77 II e l&#8217;obiettivo Zeiss 55\/1,8 sull&#8217;A7.<br \/>\nA proposito di Zeiss, nel suo stand, fra Nikon e Leica, si possono provare i suoi nuovi obiettivi montati su reflex Canon e Nikon inserendo la propria scheda e fotografando un set di prova con fiori e piante. Provo i nuovi Otus 55\/1,4 e 85\/1,4 montati su Canon 5D II e su Nikon D800.<br \/>\nScendo infine al piano inferiore dove si trova Hasselblad: qui sono esposte numerose novit\u00e0, tutte racchiuse in teche di cristallo. Una compatta denoninata &#8220;Stellar&#8221; con sensore da 1&#8243; e 20 Mpx, la mirrorless &#8220;Lunar&#8221; con innesto obiettivi Sony E, una reflex fullframe, la HV, con innesto Sony Alpha, e le classiche H5. L&#8217;unica che riesco a provare \u00e8 la H50-50 con 50 Mpx.<br \/>\nA questo punto il pi\u00f9 \u00e8 fatto, ma ci sono tantissime altre cose da vedere. Chiunque produca qualcosa che ha a che fare con la fotografia \u00e8 in Photokina, altrimenti non esiste: per citare alcuni, come mi vengono in mente, Manfrotto, Epson, Sekonic, Eizo, Phase One, Kenko, Tokina, Samyang, Go Pro, Hama e tanti altri, ma non posso citarli tutti, il solo indice occupa diverse pagine.<br \/>\nCi sono anche Kodak e Rollei, ma come sono ridotti male! Non mi sono fermato e non so cosa espongono.<\/p>\n<p>Dopo questa panoramica generale, sull&#8217;onda delle impressioni ed emozioni, naturalmente scriver\u00f2 degli articoli di approfondimento sulle novit\u00e0 pi\u00f9 interessanti e sulle prove fatte.<br \/>\nPer adesso vorrei concludere citando lo stand pi\u00f9 bello, come si \u00e8 capito quello Leica, e i pi\u00f9 gentili e disponibili verso il pubblico, Olympus e Leica.<br \/>\nQuanto ai meno non dico nulla, ma dalle prove che ho potuto effettuare \u00e8 evidente quali siano.<\/p>\n<p>Di seguito una breve galleria d&#8217;immagini dalla Photokina. Negli articoli che seguiranno quelle dei singoli prodotti con una loro descrizione ed un commento.<\/p>\n<p>___________________________________________________________________<\/p>\n\n<figure id=\"attachment_32993\" aria-describedby=\"caption-attachment-32993\" style=\"width: 128px\" class=\"wp-caption alignleft\"><a href=\"https:\/\/blog.francescophoto.it\/wp-content\/uploads\/2015\/11\/p9180077-2-1.jpg\" rel=\"attachment wp-att-32993\"><img loading=\"lazy\" decoding=\"async\" class=\"size-thumbnail wp-image-32993\" src=\"https:\/\/blog.francescophoto.it\/wp-content\/uploads\/2015\/11\/p9180077-2-1.jpg?w=128\" alt=\"OLYMPUS DIGITAL CAMERA\" width=\"128\" height=\"96\" \/><\/a><figcaption id=\"caption-attachment-32993\" class=\"wp-caption-text\">OLYMPUS DIGITAL CAMERA<\/figcaption><\/figure>\n","protected":false},"excerpt":{"rendered":"<p>Sono tornato! Sono di nuovo sul blog dopo quattro giorni tedeschi e due di bagno completo di Photokina. Vale la pena? Si si deve vedere questa fiera mondiale, anche se per alcuni aspetti mi ha un po&#8217; deluso. E&#8217; impressionante la sua grandezza, 9 enormi padiglioni, di cui 5 a due piani, immensi. Tre ingressi, &hellip; <a href=\"https:\/\/francescophoto.it\/blog\/2014\/09\/19\/photokina\/\" class=\"more-link\">Continua la lettura di <span class=\"screen-reader-text\">Photokina !!!<\/span> <span class=\"meta-nav\">&rarr;<\/span><\/a><\/p>\n","protected":false},"author":1,"featured_media":0,"comment_status":"open","ping_status":"open","sticky":false,"template":"","format":"standard","meta":{"_jetpack_memberships_contains_paid_content":false,"footnotes":""},"categories":[47,11,20,23],"tags":[1004,1005],"class_list":["post-26459","post","type-post","status-publish","format-standard","hentry","category-47","category-eventi","category-mercato","category-novita","tag-photokina","tag-photokina-2014"],"jetpack_featured_media_url":"","jetpack_sharing_enabled":true,"_links":{"self":[{"href":"https:\/\/francescophoto.it\/blog\/wp-json\/wp\/v2\/posts\/26459","targetHints":{"allow":["GET"]}}],"collection":[{"href":"https:\/\/francescophoto.it\/blog\/wp-json\/wp\/v2\/posts"}],"about":[{"href":"https:\/\/francescophoto.it\/blog\/wp-json\/wp\/v2\/types\/post"}],"author":[{"embeddable":true,"href":"https:\/\/francescophoto.it\/blog\/wp-json\/wp\/v2\/users\/1"}],"replies":[{"embeddable":true,"href":"https:\/\/francescophoto.it\/blog\/wp-json\/wp\/v2\/comments?post=26459"}],"version-history":[{"count":0,"href":"https:\/\/francescophoto.it\/blog\/wp-json\/wp\/v2\/posts\/26459\/revisions"}],"wp:attachment":[{"href":"https:\/\/francescophoto.it\/blog\/wp-json\/wp\/v2\/media?parent=26459"}],"wp:term":[{"taxonomy":"category","embeddable":true,"href":"https:\/\/francescophoto.it\/blog\/wp-json\/wp\/v2\/categories?post=26459"},{"taxonomy":"post_tag","embeddable":true,"href":"https:\/\/francescophoto.it\/blog\/wp-json\/wp\/v2\/tags?post=26459"}],"curies":[{"name":"wp","href":"https:\/\/api.w.org\/{rel}","templated":true}]}}